{"id":143,"date":"2018-08-20T13:11:09","date_gmt":"2018-08-20T16:11:09","guid":{"rendered":"http:\/\/u514923296.hostingerapp.com\/?p=143"},"modified":"2024-06-04T11:02:45","modified_gmt":"2024-06-04T14:02:45","slug":"sarampo-o-que-e","status":"publish","type":"post","link":"https:\/\/caetenews.com.br\/oquequee\/sarampo-o-que-e\/","title":{"rendered":"Sarampo &#8211; O que \u00e9?"},"content":{"rendered":"<p><img loading=\"lazy\" decoding=\"async\" class=\"alignnone wp-image-311 size-medium\" title=\"Foto: Ag\u00eancia Brasil\/Tomaz Silva\" src=\"https:\/\/caetenews.com.br\/oquequee\/wp-content\/uploads\/2018\/08\/geral363-500x333.jpg\" alt=\"Foto de vacina\u00e7\u00e3o em crian\u00e7a (Foto\" width=\"500\" height=\"333\" \/><br \/>\nO sarampo \u00e9 uma doen\u00e7a infecciosa aguda, de natureza viral, grave, transmitida pela fala, tosse e espirro, e extremamente contagiosa, mas que pode ser prevenida pela vacina. Pode ser contra\u00edda por pessoas de qualquer idade. As complica\u00e7\u00f5es infecciosas contribuem para a gravidade da doen\u00e7a, particularmente em crian\u00e7as desnutridas e menores de um ano de idade. Em algumas partes do mundo, a doen\u00e7a \u00e9 uma das principais causas de morbimortalidade entre crian\u00e7as menores de 5 anos de idade.<\/p>\n<p>O comportamento end\u00eamico do sarampo varia, de um local para outro, e depende basicamente da rela\u00e7\u00e3o entre o grau de imunidade e a suscetibilidade da popula\u00e7\u00e3o, al\u00e9m da circula\u00e7\u00e3o do v\u00edrus na \u00e1rea.<\/p>\n<p>Em 2016, o Brasil recebeu da Organiza\u00e7\u00e3o Pan-Americana da Sa\u00fade (OPAS) o certificado de elimina\u00e7\u00e3o da circula\u00e7\u00e3o do v\u00edrus do sarampo. Atualmente, o pa\u00eds enfrenta dois surtos de sarampo, em Roraima e Amazonas. Al\u00e9m disso, alguns casos isolados e relacionados \u00e0 importa\u00e7\u00e3o foram identificados em S\u00e3o Paulo, Rio Grande do Sul, Rond\u00f4nia e Rio de Janeiro.<\/p>\n<p><strong>Sintomas<\/strong><br \/>\nPrincipais sinais:<br \/>\nFebre alta, acima de 38,5\u00b0C;<br \/>\nDor de cabe\u00e7a;<br \/>\nManchas vermelhas, que surgem primeiro no rosto e atr\u00e1s das orelhas, e, em seguida, se espalham pelo corpo<br \/>\nTosse;<br \/>\nCoriza;<br \/>\nConjuntivite;<\/p>\n<p>Per\u00edodo de infec\u00e7\u00e3o: dura cerca de sete dias, onde surge a febre, acompanhada de tosse seca, coriza, conjuntivite e fotofobia. Do 2\u00b0 ao 4\u00b0 dia desse per\u00edodo, surgem as manchas vermelhas, quando se acentuam os sintomas iniciais. O paciente apresenta prostra\u00e7\u00e3o e les\u00f5es caracter\u00edsticas de sarampo: irrita\u00e7\u00e3o na pele com manchas vermelhas, iniciando atr\u00e1s da orelha (regi\u00e3o retroauricular).<\/p>\n<p><strong>Transmiss\u00e3o<\/strong><br \/>\nA transmiss\u00e3o do sarampo ocorre de forma direta, por meio de secre\u00e7\u00f5es expelidas ao tossir, espirrar, falar ou respirar. Por isso, o elevado poder de cont\u00e1gio da doen\u00e7a. A transmiss\u00e3o ocorre de quatro a seis dias antes e at\u00e9 quatro dias ap\u00f3s o aparecimento do exantema. O per\u00edodo de maior transmissibilidade ocorre dois dias antes e dois dias ap\u00f3s o in\u00edcio do exantema. O v\u00edrus vacinal n\u00e3o \u00e9 transmiss\u00edvel.<\/p>\n<p>O sarampo afeta, igualmente, ambos os sexos. A incid\u00eancia, a evolu\u00e7\u00e3o cl\u00ednica e a letalidade s\u00e3o influenciadas pelas condi\u00e7\u00f5es socioecon\u00f4micas, nutricionais, imunit\u00e1rias e \u00e0quelas que favorecem a aglomera\u00e7\u00e3o em lugares p\u00fablicos e em pequenas resid\u00eancias.<br \/>\n<em>Fonte: Minist\u00e9rio da Sa\u00fade<\/em><\/p>\n","protected":false},"excerpt":{"rendered":"<p>O sarampo \u00e9 uma doen\u00e7a infecciosa aguda, de natureza viral, grave, transmitida pela fala, tosse e espirro, e extremamente contagiosa, mas que pode ser prevenida pela vacina. Pode ser contra\u00edda por pessoas de qualquer idade. As complica\u00e7\u00f5es infecciosas contribuem para a gravidade da doen\u00e7a, particularmente em crian\u00e7as desnutridas e menores de um ano de idade. [&hellip;]<\/p>\n","protected":false},"author":1,"featured_media":0,"comment_status":"closed","ping_status":"closed","sticky":false,"template":"","format":"standard","meta":{"_jetpack_memberships_contains_paid_content":false,"footnotes":""},"categories":[5],"tags":[],"class_list":["post-143","post","type-post","status-publish","format-standard","hentry","category-o-que-e"],"aioseo_notices":[],"jetpack_featured_media_url":"","jetpack_sharing_enabled":true,"_links":{"self":[{"href":"https:\/\/caetenews.com.br\/oquequee\/wp-json\/wp\/v2\/posts\/143","targetHints":{"allow":["GET"]}}],"collection":[{"href":"https:\/\/caetenews.com.br\/oquequee\/wp-json\/wp\/v2\/posts"}],"about":[{"href":"https:\/\/caetenews.com.br\/oquequee\/wp-json\/wp\/v2\/types\/post"}],"author":[{"embeddable":true,"href":"https:\/\/caetenews.com.br\/oquequee\/wp-json\/wp\/v2\/users\/1"}],"replies":[{"embeddable":true,"href":"https:\/\/caetenews.com.br\/oquequee\/wp-json\/wp\/v2\/comments?post=143"}],"version-history":[{"count":4,"href":"https:\/\/caetenews.com.br\/oquequee\/wp-json\/wp\/v2\/posts\/143\/revisions"}],"predecessor-version":[{"id":665,"href":"https:\/\/caetenews.com.br\/oquequee\/wp-json\/wp\/v2\/posts\/143\/revisions\/665"}],"wp:attachment":[{"href":"https:\/\/caetenews.com.br\/oquequee\/wp-json\/wp\/v2\/media?parent=143"}],"wp:term":[{"taxonomy":"category","embeddable":true,"href":"https:\/\/caetenews.com.br\/oquequee\/wp-json\/wp\/v2\/categories?post=143"},{"taxonomy":"post_tag","embeddable":true,"href":"https:\/\/caetenews.com.br\/oquequee\/wp-json\/wp\/v2\/tags?post=143"}],"curies":[{"name":"wp","href":"https:\/\/api.w.org\/{rel}","templated":true}]}}