{"id":189,"date":"2018-11-30T16:50:40","date_gmt":"2018-11-30T19:50:40","guid":{"rendered":"http:\/\/u514923296.hostingerapp.com\/?p=189"},"modified":"2018-11-30T16:50:40","modified_gmt":"2018-11-30T19:50:40","slug":"o-que-e-black-friday","status":"publish","type":"post","link":"https:\/\/caetenews.com.br\/oquequee\/o-que-e-black-friday\/","title":{"rendered":"O que \u00e9 Black Friday?"},"content":{"rendered":"<p>O dia seguinte ao Dia de A\u00e7\u00e3o de Gra\u00e7as nos Estados Unidos, \u00e9 tamb\u00e9m o in\u00edcio da temporada de compras de Natal. Os varejistas iniciam a temporada oferecendo descontos significativos em produtos para os compradores sortudos o suficiente para obter o suprimento limitado. As lojas f\u00edsicas tradicionalmente abrem muito mais cedo do que o hor\u00e1rio comercial normal, incluindo algumas \u00e0 meia-noite.<br \/>\nO Dia de A\u00e7\u00e3o de Gra\u00e7as \u00e9 feriado anual nos Estados Unidos desde 1863. \u00c9 um dia para as pessoas nos EUA agradecerem pelo que t\u00eam. Fam\u00edlias e amigos se re\u00fanem para uma refei\u00e7\u00e3o, que tradicionalmente inclui peru assado, recheio, batatas, legumes, molho de cranberry, molho e torta de ab\u00f3bora.<br \/>\nA Black Friday \u00e9 no dia seguinte ao Dia de A\u00e7\u00e3o de Gra\u00e7as, que \u00e9 um feriado em mais de 20 estados. Muitas lojas t\u00eam ofertas especiais e baixam seus pre\u00e7os em alguns produtos, como brinquedos.. A sexta-feira ap\u00f3s o Dia de A\u00e7\u00e3o de Gra\u00e7as, chamada Black Friday, \u00e9 feriado na Calif\u00f3rnia, Delaware, Fl\u00f3rida, Illinois, Iowa, Kansas, Kentucky, Louisiana, Maine, Michigan, Minnesota, Nebraska, Nevada, New Hampshire, Carolina do Norte, Oklahoma, Pensilv\u00e2nia, Carolina do Sul, Tennessee. Texas, Virg\u00ednia e Virg\u00ednia Ocidental. Na Ge\u00f3rgia, tamb\u00e9m \u00e9 feriado. Neste dia \u00e9 comemorado o nascimento de Robert E. Lee, comandante do ex\u00e9rcito confederado durante a Guerra Civil Americana na d\u00e9cada de 1860.<br \/>\nO nome Black Friday foi registrado pela primeira vez em 1966 por Earl Apfelbaum, um comerciante de selos raros. Em seu an\u00fancio, ele disse, &#8216;Black Friday&#8217; \u00e9 o nome que o Departamento de Pol\u00edcia da Filad\u00e9lfia deu \u00e0 sexta-feira seguinte ao Dia de A\u00e7\u00e3o de Gra\u00e7as.  A&#8221;Black Friday&#8221;, que inaugura oficialmente a temporada de compras de Natal, em geral, causa engarrafamentos em massa e cal\u00e7adas superlotadas, j\u00e1 que as lojas do centro da cidade s\u00e3o invadidas de portas abertas.<br \/>\nMas foi nos anos 2000, quando a Black Friday foi oficialmente designada como o maior dia de compras do ano. At\u00e9 ent\u00e3o, esse era do s\u00e1bado antes do Natal. No entanto, \u00e0 medida que mais e mais varejistas come\u00e7aram a divulgar as &#8220;ofertas imperd\u00edveis&#8221; as vendas p\u00f3s-Dia de A\u00e7\u00e3o de Gra\u00e7as e os descontos da Black Friday ficaram cada vez mais profundos, os consumidores americanos n\u00e3o conseguiram resistir \u00e0 atra\u00e7\u00e3o desse dia m\u00e1gico de compras.<\/p>\n","protected":false},"excerpt":{"rendered":"<p>O dia seguinte ao Dia de A\u00e7\u00e3o de Gra\u00e7as nos Estados Unidos, \u00e9 tamb\u00e9m o in\u00edcio da temporada de compras de Natal. Os varejistas iniciam a temporada oferecendo descontos significativos em produtos para os compradores sortudos o suficiente para obter o suprimento limitado. As lojas f\u00edsicas tradicionalmente abrem muito mais cedo do que o hor\u00e1rio [&hellip;]<\/p>\n","protected":false},"author":1,"featured_media":0,"comment_status":"closed","ping_status":"closed","sticky":false,"template":"","format":"standard","meta":{"_jetpack_memberships_contains_paid_content":false,"footnotes":""},"categories":[1,5],"tags":[],"class_list":["post-189","post","type-post","status-publish","format-standard","hentry","category-geral","category-o-que-e"],"aioseo_notices":[],"jetpack_featured_media_url":"","jetpack_sharing_enabled":true,"_links":{"self":[{"href":"https:\/\/caetenews.com.br\/oquequee\/wp-json\/wp\/v2\/posts\/189","targetHints":{"allow":["GET"]}}],"collection":[{"href":"https:\/\/caetenews.com.br\/oquequee\/wp-json\/wp\/v2\/posts"}],"about":[{"href":"https:\/\/caetenews.com.br\/oquequee\/wp-json\/wp\/v2\/types\/post"}],"author":[{"embeddable":true,"href":"https:\/\/caetenews.com.br\/oquequee\/wp-json\/wp\/v2\/users\/1"}],"replies":[{"embeddable":true,"href":"https:\/\/caetenews.com.br\/oquequee\/wp-json\/wp\/v2\/comments?post=189"}],"version-history":[{"count":1,"href":"https:\/\/caetenews.com.br\/oquequee\/wp-json\/wp\/v2\/posts\/189\/revisions"}],"predecessor-version":[{"id":190,"href":"https:\/\/caetenews.com.br\/oquequee\/wp-json\/wp\/v2\/posts\/189\/revisions\/190"}],"wp:attachment":[{"href":"https:\/\/caetenews.com.br\/oquequee\/wp-json\/wp\/v2\/media?parent=189"}],"wp:term":[{"taxonomy":"category","embeddable":true,"href":"https:\/\/caetenews.com.br\/oquequee\/wp-json\/wp\/v2\/categories?post=189"},{"taxonomy":"post_tag","embeddable":true,"href":"https:\/\/caetenews.com.br\/oquequee\/wp-json\/wp\/v2\/tags?post=189"}],"curies":[{"name":"wp","href":"https:\/\/api.w.org\/{rel}","templated":true}]}}