{"id":211,"date":"2018-12-19T12:46:55","date_gmt":"2018-12-19T15:46:55","guid":{"rendered":"http:\/\/u514923296.hostingerapp.com\/?p=211"},"modified":"2024-06-04T10:54:23","modified_gmt":"2024-06-04T13:54:23","slug":"a-historia-do-presepio-de-natal","status":"publish","type":"post","link":"https:\/\/caetenews.com.br\/oquequee\/a-historia-do-presepio-de-natal\/","title":{"rendered":"A hist\u00f3ria do Pres\u00e9pio de Natal"},"content":{"rendered":"<p><img loading=\"lazy\" decoding=\"async\" class=\"alignnone wp-image-212 size-medium\" title=\"Foto: Revisa Bote F\u00e9\/CNBB)\" src=\"https:\/\/caetenews.com.br\/oquequee\/wp-content\/uploads\/2018\/12\/oque0014-500x318.jpg\" alt=\"Foto de pres\u00e9pio\" width=\"500\" height=\"318\" srcset=\"https:\/\/caetenews.com.br\/oquequee\/wp-content\/uploads\/2018\/12\/oque0014-500x318.jpg 500w, https:\/\/caetenews.com.br\/oquequee\/wp-content\/uploads\/2018\/12\/oque0014.jpg 600w\" sizes=\"auto, (max-width: 500px) 100vw, 500px\" \/><br \/>\nA palavra &#8220;pres\u00e9pio&#8221; vem do latim e significa est\u00e1bulo, manjedoura. S\u00e3o Francisco de Assis iniciou a tradi\u00e7\u00e3o em 1223, nas redondezas de Greccio, It\u00e1lia. Seu objetivo era de celebrar o natal da maneira mais realista poss\u00edvel.<\/p>\n<p>Com a autoriza\u00e7\u00e3o do Papa, S\u00e3o Francisco monta um pres\u00e9pio de palha utilizando uma imagem do Menino Jesus, um boi e um jumento vivos perto dela. O sucesso foi tanto que a ideia rapidamente se estendeu por toda a It\u00e1lia sendo introduzida nas casas dos nobres e mais pobres.<\/p>\n<p>Outras cerim\u00f4nias j\u00e1 haviam se referido \u00e0 cena do nascimento do Menino Jesus. Em Roma, na bas\u00edlica de Santa Maria Maggiore, durante a Idade M\u00e9dia (s\u00e9culo VIII), o papa costumava celebrar a missa de Natal com uma manjedoura cheia de palha sobre o altar. E, no s\u00e9culo XI, representava-se em muitas igrejas europeias, o officium pastorum: uma imagem do Menino Jesus era colocada atr\u00e1s do altar onde se celebrava a missa de Natal e cinco cantores, desempenhando o papel de pastores, perguntavam ao sacerdote onde estava o Salvador rec\u00e9m-nascido; a imagem era ent\u00e3o trazida por eles para a frente do altar e, ao som de c\u00e2nticos e hinos, todos se ajoelhavam. (fonte: S\u00edmbolos do Natal, Ed. Paulinas, 2006)<\/p>\n","protected":false},"excerpt":{"rendered":"<p>A palavra &#8220;pres\u00e9pio&#8221; vem do latim e significa est\u00e1bulo, manjedoura. S\u00e3o Francisco de Assis iniciou a tradi\u00e7\u00e3o em 1223, nas redondezas de Greccio, It\u00e1lia. Seu objetivo era de celebrar o natal da maneira mais realista poss\u00edvel. Com a autoriza\u00e7\u00e3o do Papa, S\u00e3o Francisco monta um pres\u00e9pio de palha utilizando uma imagem do Menino Jesus, um [&hellip;]<\/p>\n","protected":false},"author":1,"featured_media":0,"comment_status":"closed","ping_status":"closed","sticky":false,"template":"","format":"standard","meta":{"_jetpack_memberships_contains_paid_content":false,"footnotes":""},"categories":[1],"tags":[9],"class_list":["post-211","post","type-post","status-publish","format-standard","hentry","category-geral","tag-natal"],"aioseo_notices":[],"jetpack_featured_media_url":"","jetpack_sharing_enabled":true,"_links":{"self":[{"href":"https:\/\/caetenews.com.br\/oquequee\/wp-json\/wp\/v2\/posts\/211","targetHints":{"allow":["GET"]}}],"collection":[{"href":"https:\/\/caetenews.com.br\/oquequee\/wp-json\/wp\/v2\/posts"}],"about":[{"href":"https:\/\/caetenews.com.br\/oquequee\/wp-json\/wp\/v2\/types\/post"}],"author":[{"embeddable":true,"href":"https:\/\/caetenews.com.br\/oquequee\/wp-json\/wp\/v2\/users\/1"}],"replies":[{"embeddable":true,"href":"https:\/\/caetenews.com.br\/oquequee\/wp-json\/wp\/v2\/comments?post=211"}],"version-history":[{"count":2,"href":"https:\/\/caetenews.com.br\/oquequee\/wp-json\/wp\/v2\/posts\/211\/revisions"}],"predecessor-version":[{"id":660,"href":"https:\/\/caetenews.com.br\/oquequee\/wp-json\/wp\/v2\/posts\/211\/revisions\/660"}],"wp:attachment":[{"href":"https:\/\/caetenews.com.br\/oquequee\/wp-json\/wp\/v2\/media?parent=211"}],"wp:term":[{"taxonomy":"category","embeddable":true,"href":"https:\/\/caetenews.com.br\/oquequee\/wp-json\/wp\/v2\/categories?post=211"},{"taxonomy":"post_tag","embeddable":true,"href":"https:\/\/caetenews.com.br\/oquequee\/wp-json\/wp\/v2\/tags?post=211"}],"curies":[{"name":"wp","href":"https:\/\/api.w.org\/{rel}","templated":true}]}}