{"id":227,"date":"2019-01-09T09:45:56","date_gmt":"2019-01-09T12:45:56","guid":{"rendered":"http:\/\/u514923296.hostingerapp.com\/?p=227"},"modified":"2024-06-04T10:50:15","modified_gmt":"2024-06-04T13:50:15","slug":"quarteto-il-divo","status":"publish","type":"post","link":"https:\/\/caetenews.com.br\/oquequee\/quarteto-il-divo\/","title":{"rendered":"Quarteto Il Divo"},"content":{"rendered":"<p><img loading=\"lazy\" decoding=\"async\" class=\"alignnone wp-image-228 size-medium\" title=\"foto: Divulga\u00e7\u00e3o\" src=\"https:\/\/caetenews.com.br\/oquequee\/wp-content\/uploads\/2019\/01\/tvshow1438-500x250.jpg\" alt=\"Foto do Quarteto Il Divo\" width=\"500\" height=\"250\" srcset=\"https:\/\/caetenews.com.br\/oquequee\/wp-content\/uploads\/2019\/01\/tvshow1438-500x250.jpg 500w, https:\/\/caetenews.com.br\/oquequee\/wp-content\/uploads\/2019\/01\/tvshow1438.jpg 600w\" sizes=\"auto, (max-width: 500px) 100vw, 500px\" \/><\/p>\n<p>O quarteto Il Divo \u00e9 composto por um americano, um espanhol, um franc\u00eas e um su\u00ed\u00e7o. Eles s\u00e3o refer\u00eancia no g\u00eanero crossover cl\u00e1ssico.<\/p>\n<p>O nome do grupo \u00e9 italiano e traduz bem o talento dos integrantes, Il Divo significa artista divino.<br \/>\nEm atividade desde 2003, os tenores Urs B\u00fchler, S\u00e9bastien Izambard, David Miller e Carlos Mar\u00edn conquistaram o mundo misturando a m\u00fasica moderna com a \u00f3pera e a m\u00fasica cl\u00e1ssica.<br \/>\nOs cantores que s\u00e3o destaque no programa fazem parte do primeiro grupo de crossover cl\u00e1ssico a alcan\u00e7ar o topo da Billboard em 2005. Em 2006, conseguiram um feito que foi registrado no Livro dos Recordes, sendo o projeto internacional mais bem-sucedido daquele ano que resultou em 5 milh\u00f5es de \u00e1lbuns vendidos neste ano.<br \/>\nNos shows, o grupo Il Divo j\u00e1 agraciou o p\u00fablico com can\u00e7\u00f5es em diversas l\u00ednguas como: castelhano, ingl\u00eas, portugu\u00eas, italiano, franc\u00eas, latim e japon\u00eas.<br \/>\n<em>Fonte: Texto de divulga\u00e7\u00e3o<\/em><\/p>\n","protected":false},"excerpt":{"rendered":"<p>O quarteto Il Divo \u00e9 composto por um americano, um espanhol, um franc\u00eas e um su\u00ed\u00e7o. Eles s\u00e3o refer\u00eancia no g\u00eanero crossover cl\u00e1ssico. O nome do grupo \u00e9 italiano e traduz bem o talento dos integrantes, Il Divo significa artista divino. Em atividade desde 2003, os tenores Urs B\u00fchler, S\u00e9bastien Izambard, David Miller e Carlos [&hellip;]<\/p>\n","protected":false},"author":1,"featured_media":0,"comment_status":"closed","ping_status":"closed","sticky":false,"template":"","format":"standard","meta":{"_jetpack_memberships_contains_paid_content":false,"footnotes":""},"categories":[5],"tags":[12,11],"class_list":["post-227","post","type-post","status-publish","format-standard","hentry","category-o-que-e","tag-il-divo","tag-musica"],"aioseo_notices":[],"jetpack_featured_media_url":"","jetpack_sharing_enabled":true,"_links":{"self":[{"href":"https:\/\/caetenews.com.br\/oquequee\/wp-json\/wp\/v2\/posts\/227","targetHints":{"allow":["GET"]}}],"collection":[{"href":"https:\/\/caetenews.com.br\/oquequee\/wp-json\/wp\/v2\/posts"}],"about":[{"href":"https:\/\/caetenews.com.br\/oquequee\/wp-json\/wp\/v2\/types\/post"}],"author":[{"embeddable":true,"href":"https:\/\/caetenews.com.br\/oquequee\/wp-json\/wp\/v2\/users\/1"}],"replies":[{"embeddable":true,"href":"https:\/\/caetenews.com.br\/oquequee\/wp-json\/wp\/v2\/comments?post=227"}],"version-history":[{"count":3,"href":"https:\/\/caetenews.com.br\/oquequee\/wp-json\/wp\/v2\/posts\/227\/revisions"}],"predecessor-version":[{"id":657,"href":"https:\/\/caetenews.com.br\/oquequee\/wp-json\/wp\/v2\/posts\/227\/revisions\/657"}],"wp:attachment":[{"href":"https:\/\/caetenews.com.br\/oquequee\/wp-json\/wp\/v2\/media?parent=227"}],"wp:term":[{"taxonomy":"category","embeddable":true,"href":"https:\/\/caetenews.com.br\/oquequee\/wp-json\/wp\/v2\/categories?post=227"},{"taxonomy":"post_tag","embeddable":true,"href":"https:\/\/caetenews.com.br\/oquequee\/wp-json\/wp\/v2\/tags?post=227"}],"curies":[{"name":"wp","href":"https:\/\/api.w.org\/{rel}","templated":true}]}}