{"id":314,"date":"2019-08-14T11:34:18","date_gmt":"2019-08-14T14:34:18","guid":{"rendered":"http:\/\/oquequee.com.br\/?p=314"},"modified":"2024-06-04T10:34:09","modified_gmt":"2024-06-04T13:34:09","slug":"museu-da-republica","status":"publish","type":"post","link":"https:\/\/caetenews.com.br\/oquequee\/museu-da-republica\/","title":{"rendered":"Museu da Rep\u00fablica"},"content":{"rendered":"<p><img loading=\"lazy\" decoding=\"async\" class=\"(Foto: Ibram) alignnone wp-image-315 size-medium\" src=\"https:\/\/caetenews.com.br\/oquequee\/wp-content\/uploads\/2019\/08\/oque0032-500x375.jpg\" alt=\"Foto do Interior do Museu\" width=\"500\" height=\"375\" \/><br \/>\nO Pal\u00e1cio Nova Friburgo, atual Pal\u00e1cio do Catete, constru\u00eddo entre 1858 e 1867 pelo comerciante e fazendeiro de caf\u00e9 Ant\u00f4nio Clemente Pinto, Bar\u00e3o de Nova Friburgo, consagrou-se como um monumento de grande import\u00e2ncia hist\u00f3rica, arquitet\u00f4nica e art\u00edstica. Erguido no Rio de Janeiro, ent\u00e3o Capital Imperial, tornou-se s\u00edmbolo do poder econ\u00f4mico da elite cafeicultora escravocrata do Brasil oitocentista. Sua concep\u00e7\u00e3o em estilo ecl\u00e9tico \u00e9 resultado do trabalho de artistas estrangeiros de renome, como o arquiteto Gustav Waehneldt e os pintores Emil Bauch, Gast\u00e3o Tassini e Mario Bragaldi. <\/p>\n<p>Em 1889, passados vinte anos da morte do Bar\u00e3o e de sua esposa, o Pal\u00e1cio foi vendido \u00e0 Companhia do Grande Hotel Internacional e, posteriormente, antes que fosse instalada qualquer empresa hoteleira no im\u00f3vel, foi vendido ao maior acionista da Companhia, o conselheiro Francisco de Paula Mayrink. Em 18 de abril de 1896, durante o mandato do presidente Prudente de Moraes, \u00e0 \u00e9poca exercido em car\u00e1ter interino pelo vice Manuel Vitorino, o Pal\u00e1cio foi adquirido pelo Governo Federal para sediar a Presid\u00eancia da Rep\u00fablica, anteriormente instalada no Pal\u00e1cio do Itamaraty.<br \/>\n<em>*Fonte: Museu da Rep\u00fablica<\/em><\/p>\n","protected":false},"excerpt":{"rendered":"<p>O Pal\u00e1cio Nova Friburgo, atual Pal\u00e1cio do Catete, constru\u00eddo entre 1858 e 1867 pelo comerciante e fazendeiro de caf\u00e9 Ant\u00f4nio Clemente Pinto, Bar\u00e3o de Nova Friburgo, consagrou-se como um monumento de grande import\u00e2ncia hist\u00f3rica, arquitet\u00f4nica e art\u00edstica. Erguido no Rio de Janeiro, ent\u00e3o Capital Imperial, tornou-se s\u00edmbolo do poder econ\u00f4mico da elite cafeicultora escravocrata do [&hellip;]<\/p>\n","protected":false},"author":1,"featured_media":0,"comment_status":"closed","ping_status":"closed","sticky":false,"template":"","format":"standard","meta":{"_jetpack_memberships_contains_paid_content":false,"footnotes":""},"categories":[1],"tags":[],"class_list":["post-314","post","type-post","status-publish","format-standard","hentry","category-geral"],"aioseo_notices":[],"jetpack_featured_media_url":"","jetpack_sharing_enabled":true,"_links":{"self":[{"href":"https:\/\/caetenews.com.br\/oquequee\/wp-json\/wp\/v2\/posts\/314","targetHints":{"allow":["GET"]}}],"collection":[{"href":"https:\/\/caetenews.com.br\/oquequee\/wp-json\/wp\/v2\/posts"}],"about":[{"href":"https:\/\/caetenews.com.br\/oquequee\/wp-json\/wp\/v2\/types\/post"}],"author":[{"embeddable":true,"href":"https:\/\/caetenews.com.br\/oquequee\/wp-json\/wp\/v2\/users\/1"}],"replies":[{"embeddable":true,"href":"https:\/\/caetenews.com.br\/oquequee\/wp-json\/wp\/v2\/comments?post=314"}],"version-history":[{"count":2,"href":"https:\/\/caetenews.com.br\/oquequee\/wp-json\/wp\/v2\/posts\/314\/revisions"}],"predecessor-version":[{"id":635,"href":"https:\/\/caetenews.com.br\/oquequee\/wp-json\/wp\/v2\/posts\/314\/revisions\/635"}],"wp:attachment":[{"href":"https:\/\/caetenews.com.br\/oquequee\/wp-json\/wp\/v2\/media?parent=314"}],"wp:term":[{"taxonomy":"category","embeddable":true,"href":"https:\/\/caetenews.com.br\/oquequee\/wp-json\/wp\/v2\/categories?post=314"},{"taxonomy":"post_tag","embeddable":true,"href":"https:\/\/caetenews.com.br\/oquequee\/wp-json\/wp\/v2\/tags?post=314"}],"curies":[{"name":"wp","href":"https:\/\/api.w.org\/{rel}","templated":true}]}}