{"id":325,"date":"2019-09-15T14:05:31","date_gmt":"2019-09-15T17:05:31","guid":{"rendered":"http:\/\/oquequee.com.br\/?p=325"},"modified":"2024-06-04T10:32:01","modified_gmt":"2024-06-04T13:32:01","slug":"o-que-e-o-amazonia-1","status":"publish","type":"post","link":"https:\/\/caetenews.com.br\/oquequee\/o-que-e-o-amazonia-1\/","title":{"rendered":"O que \u00e9 o Amazonia-1"},"content":{"rendered":"<p><<img loading=\"lazy\" decoding=\"async\" src=\"https:\/\/caetenews.com.br\/oquequee\/wp-content\/uploads\/2019\/09\/oque0035-500x282.jpg\" alt=\"\" width=\"500\" height=\"282\" class=\"alignnone size-medium wp-image-327\" srcset=\"https:\/\/caetenews.com.br\/oquequee\/wp-content\/uploads\/2019\/09\/oque0035-500x282.jpg 500w, https:\/\/caetenews.com.br\/oquequee\/wp-content\/uploads\/2019\/09\/oque0035.jpg 600w\" sizes=\"auto, (max-width: 500px) 100vw, 500px\" \/><\/p>\n<p>O Amazonia-1 \u00e9 um sat\u00e9lite de \u00f3rbita polar que ir\u00e1 gerar imagens do planeta a cada 5 dias. Para isso, possui um imageador \u00f3ptico de visada larga (c\u00e2mera com 3 bandas de frequ\u00eancias no espectro vis\u00edvel \u2013 VIS \u2013 e 1 banda pr\u00f3xima do infravermelho \u2013 Near Infrared) capaz de observar uma faixa de aproximadamente 850 km com 60 metros de resolu\u00e7\u00e3o.<\/p>\n<p>Sua \u00f3rbita foi projetada para proporcionar uma alta taxa de revisita (5 dias), tendo, com isso, capacidade de disponibilizar uma significativa quantidade de dados de um mesmo ponto do planeta. Esta caracter\u00edstica \u00e9 extremamente valiosa em aplica\u00e7\u00f5es que necessitem de uma r\u00e1pida resposta, pois aumenta a probabilidade de captura de imagens \u00fateis em situa\u00e7\u00f5es de cobertura de nuvens.<br \/>\n<em>Fonte: INPE<\/em><\/p>\n","protected":false},"excerpt":{"rendered":"","protected":false},"author":1,"featured_media":0,"comment_status":"closed","ping_status":"closed","sticky":false,"template":"","format":"standard","meta":{"_jetpack_memberships_contains_paid_content":false,"footnotes":""},"categories":[5],"tags":[51,53,50,52],"class_list":["post-325","post","type-post","status-publish","format-standard","hentry","category-o-que-e","tag-inpe","tag-monitoramento-ambiental","tag-satelite-amazonia-1","tag-satelite-de-orbita-polar"],"aioseo_notices":[],"jetpack_featured_media_url":"","jetpack_sharing_enabled":true,"_links":{"self":[{"href":"https:\/\/caetenews.com.br\/oquequee\/wp-json\/wp\/v2\/posts\/325","targetHints":{"allow":["GET"]}}],"collection":[{"href":"https:\/\/caetenews.com.br\/oquequee\/wp-json\/wp\/v2\/posts"}],"about":[{"href":"https:\/\/caetenews.com.br\/oquequee\/wp-json\/wp\/v2\/types\/post"}],"author":[{"embeddable":true,"href":"https:\/\/caetenews.com.br\/oquequee\/wp-json\/wp\/v2\/users\/1"}],"replies":[{"embeddable":true,"href":"https:\/\/caetenews.com.br\/oquequee\/wp-json\/wp\/v2\/comments?post=325"}],"version-history":[{"count":2,"href":"https:\/\/caetenews.com.br\/oquequee\/wp-json\/wp\/v2\/posts\/325\/revisions"}],"predecessor-version":[{"id":632,"href":"https:\/\/caetenews.com.br\/oquequee\/wp-json\/wp\/v2\/posts\/325\/revisions\/632"}],"wp:attachment":[{"href":"https:\/\/caetenews.com.br\/oquequee\/wp-json\/wp\/v2\/media?parent=325"}],"wp:term":[{"taxonomy":"category","embeddable":true,"href":"https:\/\/caetenews.com.br\/oquequee\/wp-json\/wp\/v2\/categories?post=325"},{"taxonomy":"post_tag","embeddable":true,"href":"https:\/\/caetenews.com.br\/oquequee\/wp-json\/wp\/v2\/tags?post=325"}],"curies":[{"name":"wp","href":"https:\/\/api.w.org\/{rel}","templated":true}]}}