{"id":331,"date":"2019-12-04T15:45:44","date_gmt":"2019-12-04T18:45:44","guid":{"rendered":"http:\/\/oquequee.com.br\/?p=331"},"modified":"2024-06-04T10:31:29","modified_gmt":"2024-06-04T13:31:29","slug":"palacio-da-se","status":"publish","type":"post","link":"https:\/\/caetenews.com.br\/oquequee\/palacio-da-se\/","title":{"rendered":"Pal\u00e1cio da S\u00e9"},"content":{"rendered":"<p><img loading=\"lazy\" decoding=\"async\" class=\"alignnone wp-image-332 size-medium\" title=\"Pal\u00e1cio da S\u00e9 - Salvador (Foto: IDH)\" src=\"https:\/\/caetenews.com.br\/oquequee\/wp-content\/uploads\/2019\/12\/762-500x333.jpg\" alt=\"Foto do Pal\u00e1cio da S\u00e9\" width=\"500\" height=\"333\" \/><br \/>\n<strong>Pal\u00e1cio Arquiepiscopal<\/strong><br \/>\nLocalizado no Centro Hist\u00f3rico de Salvador, o pal\u00e1cio foi constru\u00eddo no s\u00e9culo XVIII, em torno de um p\u00e1tio. O pr\u00e9dio \u00e9 considerado um dos melhores exemplos de arquitetura civil do per\u00edodo colonial no pa\u00eds.<br \/>\nO im\u00f3vel de tr\u00eas pavimentos e quatro corpos de constru\u00e7\u00e3o foi erguido em torno de um p\u00e1tio interno. A entrada \u00e9 marcada por um portal de pedra de lioz portuguesa decorado com um bras\u00e3o de D. Sebasti\u00e3o Monteiro da Vide, arcebispo de Salvador na \u00e9poca. As janelas dos dois primeiros pisos s\u00e3o de peitoril e o pavimento nobre tem janelas com balc\u00f5es e grades de ferro.<br \/>\nLocalizado no Centro Hist\u00f3rico de Salvador, o pal\u00e1cio foi constru\u00eddo no s\u00e9culo XVIII, em torno de um p\u00e1tio. O pr\u00e9dio \u00e9 considerado um dos melhores exemplos de arquitetura civil do per\u00edodo colonial no pa\u00eds.<br \/>\nO im\u00f3vel de tr\u00eas pavimentos e quatro corpos de constru\u00e7\u00e3o foi erguido em torno de um p\u00e1tio interno. A entrada \u00e9 marcada por um portal de pedra de lioz portuguesa decorado com um bras\u00e3o de D. Sebasti\u00e3o Monteiro da Vide, arcebispo de Salvador na \u00e9poca. As janelas dos dois primeiros pisos s\u00e3o de peitoril e o pavimento nobre tem janelas com balc\u00f5es e grades de ferro.<\/p>\n","protected":false},"excerpt":{"rendered":"<p>Pal\u00e1cio Arquiepiscopal Localizado no Centro Hist\u00f3rico de Salvador, o pal\u00e1cio foi constru\u00eddo no s\u00e9culo XVIII, em torno de um p\u00e1tio. O pr\u00e9dio \u00e9 considerado um dos melhores exemplos de arquitetura civil do per\u00edodo colonial no pa\u00eds. O im\u00f3vel de tr\u00eas pavimentos e quatro corpos de constru\u00e7\u00e3o foi erguido em torno de um p\u00e1tio interno. A [&hellip;]<\/p>\n","protected":false},"author":1,"featured_media":0,"comment_status":"closed","ping_status":"closed","sticky":false,"template":"","format":"standard","meta":{"_jetpack_memberships_contains_paid_content":false,"footnotes":""},"categories":[1],"tags":[57,47,56,54,58,55],"class_list":["post-331","post","type-post","status-publish","format-standard","hentry","category-geral","tag-igreja-catolica","tag-iphan","tag-palacio-arquiepiscopal","tag-palacio-da-se","tag-patrimonio-historico","tag-salvador"],"aioseo_notices":[],"jetpack_featured_media_url":"","jetpack_sharing_enabled":true,"_links":{"self":[{"href":"https:\/\/caetenews.com.br\/oquequee\/wp-json\/wp\/v2\/posts\/331","targetHints":{"allow":["GET"]}}],"collection":[{"href":"https:\/\/caetenews.com.br\/oquequee\/wp-json\/wp\/v2\/posts"}],"about":[{"href":"https:\/\/caetenews.com.br\/oquequee\/wp-json\/wp\/v2\/types\/post"}],"author":[{"embeddable":true,"href":"https:\/\/caetenews.com.br\/oquequee\/wp-json\/wp\/v2\/users\/1"}],"replies":[{"embeddable":true,"href":"https:\/\/caetenews.com.br\/oquequee\/wp-json\/wp\/v2\/comments?post=331"}],"version-history":[{"count":2,"href":"https:\/\/caetenews.com.br\/oquequee\/wp-json\/wp\/v2\/posts\/331\/revisions"}],"predecessor-version":[{"id":631,"href":"https:\/\/caetenews.com.br\/oquequee\/wp-json\/wp\/v2\/posts\/331\/revisions\/631"}],"wp:attachment":[{"href":"https:\/\/caetenews.com.br\/oquequee\/wp-json\/wp\/v2\/media?parent=331"}],"wp:term":[{"taxonomy":"category","embeddable":true,"href":"https:\/\/caetenews.com.br\/oquequee\/wp-json\/wp\/v2\/categories?post=331"},{"taxonomy":"post_tag","embeddable":true,"href":"https:\/\/caetenews.com.br\/oquequee\/wp-json\/wp\/v2\/tags?post=331"}],"curies":[{"name":"wp","href":"https:\/\/api.w.org\/{rel}","templated":true}]}}