{"id":347,"date":"2020-01-08T10:04:31","date_gmt":"2020-01-08T13:04:31","guid":{"rendered":"https:\/\/oquequee.com.br\/?p=347"},"modified":"2024-06-04T10:28:39","modified_gmt":"2024-06-04T13:28:39","slug":"parque-das-aves-foz-do-iguacu","status":"publish","type":"post","link":"https:\/\/caetenews.com.br\/oquequee\/parque-das-aves-foz-do-iguacu\/","title":{"rendered":"Parque das Aves (Foz do Igua\u00e7u)"},"content":{"rendered":"<p><img loading=\"lazy\" decoding=\"async\" class=\"alignnone wp-image-348 size-full\" title=\"(Foto: Zig Koch\/Minst. Turismo)\" src=\"https:\/\/caetenews.com.br\/oquequee\/wp-content\/uploads\/2020\/01\/866.jpg\" alt=\"Foto de aves no parque\" width=\"500\" height=\"334\" \/><br \/>\nCom 25 anos de atua\u00e7\u00e3o e 260 colaboradores, o Parque das Aves \u00e9 a \u00fanica institui\u00e7\u00e3o do mundo focada na conserva\u00e7\u00e3o de aves da Mata Atl\u00e2ntica. Possui 16 hectares de mata restaurada, 1.300 aves de 130 esp\u00e9cies diferentes, com tr\u00eas viveiros de imers\u00e3o e um borbolet\u00e1rio. O objetivo do Parque das Aves \u00e9 atuar investindo significativamente em criar um impacto positivo para as aves da Mata Atl\u00e2ntica, principalmente as 120 esp\u00e9cies e subesp\u00e9cies em risco de extin\u00e7\u00e3o. O Parque \u00e9 considerado o atrativo mais visitado de Foz do Igua\u00e7u depois das Cataratas.<\/p>\n","protected":false},"excerpt":{"rendered":"<p>Com 25 anos de atua\u00e7\u00e3o e 260 colaboradores, o Parque das Aves \u00e9 a \u00fanica institui\u00e7\u00e3o do mundo focada na conserva\u00e7\u00e3o de aves da Mata Atl\u00e2ntica. Possui 16 hectares de mata restaurada, 1.300 aves de 130 esp\u00e9cies diferentes, com tr\u00eas viveiros de imers\u00e3o e um borbolet\u00e1rio. O objetivo do Parque das Aves \u00e9 atuar investindo [&hellip;]<\/p>\n","protected":false},"author":1,"featured_media":0,"comment_status":"closed","ping_status":"closed","sticky":false,"template":"","format":"standard","meta":{"_jetpack_memberships_contains_paid_content":false,"footnotes":""},"categories":[5],"tags":[65,66,64],"class_list":["post-347","post","type-post","status-publish","format-standard","hentry","category-o-que-e","tag-foz-do-iguacu","tag-mata-atlantica","tag-parque-das-aves"],"aioseo_notices":[],"jetpack_featured_media_url":"","jetpack_sharing_enabled":true,"_links":{"self":[{"href":"https:\/\/caetenews.com.br\/oquequee\/wp-json\/wp\/v2\/posts\/347","targetHints":{"allow":["GET"]}}],"collection":[{"href":"https:\/\/caetenews.com.br\/oquequee\/wp-json\/wp\/v2\/posts"}],"about":[{"href":"https:\/\/caetenews.com.br\/oquequee\/wp-json\/wp\/v2\/types\/post"}],"author":[{"embeddable":true,"href":"https:\/\/caetenews.com.br\/oquequee\/wp-json\/wp\/v2\/users\/1"}],"replies":[{"embeddable":true,"href":"https:\/\/caetenews.com.br\/oquequee\/wp-json\/wp\/v2\/comments?post=347"}],"version-history":[{"count":2,"href":"https:\/\/caetenews.com.br\/oquequee\/wp-json\/wp\/v2\/posts\/347\/revisions"}],"predecessor-version":[{"id":627,"href":"https:\/\/caetenews.com.br\/oquequee\/wp-json\/wp\/v2\/posts\/347\/revisions\/627"}],"wp:attachment":[{"href":"https:\/\/caetenews.com.br\/oquequee\/wp-json\/wp\/v2\/media?parent=347"}],"wp:term":[{"taxonomy":"category","embeddable":true,"href":"https:\/\/caetenews.com.br\/oquequee\/wp-json\/wp\/v2\/categories?post=347"},{"taxonomy":"post_tag","embeddable":true,"href":"https:\/\/caetenews.com.br\/oquequee\/wp-json\/wp\/v2\/tags?post=347"}],"curies":[{"name":"wp","href":"https:\/\/api.w.org\/{rel}","templated":true}]}}