{"id":350,"date":"2020-01-11T09:54:37","date_gmt":"2020-01-11T12:54:37","guid":{"rendered":"https:\/\/oquequee.com.br\/?p=350"},"modified":"2024-06-04T10:27:47","modified_gmt":"2024-06-04T13:27:47","slug":"pico-da-neblina","status":"publish","type":"post","link":"https:\/\/caetenews.com.br\/oquequee\/pico-da-neblina\/","title":{"rendered":"Pico da Neblina"},"content":{"rendered":"<p><img loading=\"lazy\" decoding=\"async\" class=\"alignnone wp-image-351 size-full\" title=\"(Cr\u00e9dito: Marcos Amend\/ICMBio)\" src=\"https:\/\/caetenews.com.br\/oquequee\/wp-content\/uploads\/2020\/01\/872.jpg\" alt=\"foto do pico\" width=\"500\" height=\"334\" \/><br \/>\nO Parque Nacional do Pico da Neblina foi criado em 1979 com o objetivo de proteger a riqueza natural da regi\u00e3o amaz\u00f4nica e controlar a ocupa\u00e7\u00e3o desenfreada das fronteiras no norte do pa\u00eds. Localizado na fronteira com a Venezuela e Col\u00f4mbia, o Pico da Neblina \u00e9 o ponto culminante do pa\u00eds, com 2.995 metros de altura.<\/p>\n","protected":false},"excerpt":{"rendered":"<p>O Parque Nacional do Pico da Neblina foi criado em 1979 com o objetivo de proteger a riqueza natural da regi\u00e3o amaz\u00f4nica e controlar a ocupa\u00e7\u00e3o desenfreada das fronteiras no norte do pa\u00eds. Localizado na fronteira com a Venezuela e Col\u00f4mbia, o Pico da Neblina \u00e9 o ponto culminante do pa\u00eds, com 2.995 metros de [&hellip;]<\/p>\n","protected":false},"author":1,"featured_media":0,"comment_status":"closed","ping_status":"closed","sticky":false,"template":"","format":"standard","meta":{"_jetpack_memberships_contains_paid_content":false,"footnotes":""},"categories":[5],"tags":[70,68,69,67],"class_list":["post-350","post","type-post","status-publish","format-standard","hentry","category-o-que-e","tag-amazonas","tag-icmbio","tag-instituto-chico-mendes","tag-pico-da-neblina"],"aioseo_notices":[],"jetpack_featured_media_url":"","jetpack_sharing_enabled":true,"_links":{"self":[{"href":"https:\/\/caetenews.com.br\/oquequee\/wp-json\/wp\/v2\/posts\/350","targetHints":{"allow":["GET"]}}],"collection":[{"href":"https:\/\/caetenews.com.br\/oquequee\/wp-json\/wp\/v2\/posts"}],"about":[{"href":"https:\/\/caetenews.com.br\/oquequee\/wp-json\/wp\/v2\/types\/post"}],"author":[{"embeddable":true,"href":"https:\/\/caetenews.com.br\/oquequee\/wp-json\/wp\/v2\/users\/1"}],"replies":[{"embeddable":true,"href":"https:\/\/caetenews.com.br\/oquequee\/wp-json\/wp\/v2\/comments?post=350"}],"version-history":[{"count":2,"href":"https:\/\/caetenews.com.br\/oquequee\/wp-json\/wp\/v2\/posts\/350\/revisions"}],"predecessor-version":[{"id":626,"href":"https:\/\/caetenews.com.br\/oquequee\/wp-json\/wp\/v2\/posts\/350\/revisions\/626"}],"wp:attachment":[{"href":"https:\/\/caetenews.com.br\/oquequee\/wp-json\/wp\/v2\/media?parent=350"}],"wp:term":[{"taxonomy":"category","embeddable":true,"href":"https:\/\/caetenews.com.br\/oquequee\/wp-json\/wp\/v2\/categories?post=350"},{"taxonomy":"post_tag","embeddable":true,"href":"https:\/\/caetenews.com.br\/oquequee\/wp-json\/wp\/v2\/tags?post=350"}],"curies":[{"name":"wp","href":"https:\/\/api.w.org\/{rel}","templated":true}]}}