{"id":368,"date":"2020-07-06T13:06:54","date_gmt":"2020-07-06T16:06:54","guid":{"rendered":"https:\/\/oquequee.com.br\/?p=368"},"modified":"2024-06-04T10:24:28","modified_gmt":"2024-06-04T13:24:28","slug":"parque-nacional-de-brasilia","status":"publish","type":"post","link":"https:\/\/caetenews.com.br\/oquequee\/parque-nacional-de-brasilia\/","title":{"rendered":"Parque Nacional de Bras\u00edlia"},"content":{"rendered":"<p><img loading=\"lazy\" decoding=\"async\" class=\"alignnone wp-image-371 size-full\" title=\"(Foto: Agencia Brasil\/EBC)\" src=\"https:\/\/caetenews.com.br\/oquequee\/wp-content\/uploads\/2020\/07\/1384.jpg\" alt=\"foto de vista parcial do parque\" width=\"600\" height=\"359\" \/><br \/>\nO Parque Nacional de Bras\u00edlia, criado em 1961, possui \u00e1rea total aproximada de 42.300 hectares e tem como principais atra\u00e7\u00f5es as piscinas abastecidas por \u00e1guas provenientes de nascentes localizadas no interior ou nas proximidades da Unidade de Conserva\u00e7\u00e3o, o que permite manter a renova\u00e7\u00e3o constante da \u00e1gua. O Parque disp\u00f5e de duas trilhas, nas quais os visitantes podem observar a fauna e a flora do Cerrado, al\u00e9m da \u201cIlha da Medita\u00e7\u00e3o\u201d, onde \u00e9 poss\u00edvel realizar observa\u00e7\u00e3o de aves.<br \/>\n<em>Fonte: Minist\u00e9rio da Infraestrutura<\/em><\/p>\n","protected":false},"excerpt":{"rendered":"<p>O Parque Nacional de Bras\u00edlia, criado em 1961, possui \u00e1rea total aproximada de 42.300 hectares e tem como principais atra\u00e7\u00f5es as piscinas abastecidas por \u00e1guas provenientes de nascentes localizadas no interior ou nas proximidades da Unidade de Conserva\u00e7\u00e3o, o que permite manter a renova\u00e7\u00e3o constante da \u00e1gua. O Parque disp\u00f5e de duas trilhas, nas quais [&hellip;]<\/p>\n","protected":false},"author":1,"featured_media":0,"comment_status":"closed","ping_status":"closed","sticky":false,"template":"","format":"standard","meta":{"_jetpack_memberships_contains_paid_content":false,"footnotes":""},"categories":[5],"tags":[81,80],"class_list":["post-368","post","type-post","status-publish","format-standard","hentry","category-o-que-e","tag-meio-ambiente","tag-parque-nacional-de-brasilia"],"aioseo_notices":[],"jetpack_featured_media_url":"","jetpack_sharing_enabled":true,"_links":{"self":[{"href":"https:\/\/caetenews.com.br\/oquequee\/wp-json\/wp\/v2\/posts\/368","targetHints":{"allow":["GET"]}}],"collection":[{"href":"https:\/\/caetenews.com.br\/oquequee\/wp-json\/wp\/v2\/posts"}],"about":[{"href":"https:\/\/caetenews.com.br\/oquequee\/wp-json\/wp\/v2\/types\/post"}],"author":[{"embeddable":true,"href":"https:\/\/caetenews.com.br\/oquequee\/wp-json\/wp\/v2\/users\/1"}],"replies":[{"embeddable":true,"href":"https:\/\/caetenews.com.br\/oquequee\/wp-json\/wp\/v2\/comments?post=368"}],"version-history":[{"count":5,"href":"https:\/\/caetenews.com.br\/oquequee\/wp-json\/wp\/v2\/posts\/368\/revisions"}],"predecessor-version":[{"id":623,"href":"https:\/\/caetenews.com.br\/oquequee\/wp-json\/wp\/v2\/posts\/368\/revisions\/623"}],"wp:attachment":[{"href":"https:\/\/caetenews.com.br\/oquequee\/wp-json\/wp\/v2\/media?parent=368"}],"wp:term":[{"taxonomy":"category","embeddable":true,"href":"https:\/\/caetenews.com.br\/oquequee\/wp-json\/wp\/v2\/categories?post=368"},{"taxonomy":"post_tag","embeddable":true,"href":"https:\/\/caetenews.com.br\/oquequee\/wp-json\/wp\/v2\/tags?post=368"}],"curies":[{"name":"wp","href":"https:\/\/api.w.org\/{rel}","templated":true}]}}