{"id":375,"date":"2020-07-06T13:17:37","date_gmt":"2020-07-06T16:17:37","guid":{"rendered":"https:\/\/oquequee.com.br\/?p=375"},"modified":"2024-06-04T10:21:44","modified_gmt":"2024-06-04T13:21:44","slug":"parque-nacional-de-sao-joaquim","status":"publish","type":"post","link":"https:\/\/caetenews.com.br\/oquequee\/parque-nacional-de-sao-joaquim\/","title":{"rendered":"Parque Nacional de S\u00e3o Joaquim"},"content":{"rendered":"<p><img loading=\"lazy\" decoding=\"async\" src=\"https:\/\/caetenews.com.br\/oquequee\/wp-content\/uploads\/2020\/07\/1383.jpg\" alt=\"Foto de vista parcial do parque)\" width=\"600\" height=\"400\" class=\"alignnone size-full wp-image-376\" \/><br \/>\nParque Nacional de S\u00e3o Joaquim, criado em 1961, ocupa uma \u00e1rea de cerca de 49800 hectares na regi\u00e3o serrana do Estado de Santa Catarina, entre os munic\u00edpios de Urubici (onde fica a Sede Administrativa do Parque), Bom Jardim da Serra, Gr\u00e3o Par\u00e1, Lauro Muller e Orleans. Possui diversos atrativos como o morro da Igreja, a Pedra Furada, pared\u00f5es (peraus), c\u00e2nions, penhascos e in\u00fameras cachoeiras e rios. \u00c9 ideal para experi\u00eancias como caminhadas, cavalgadas, escaladas, mountain bike e outras atividades de recrea\u00e7\u00e3o e lazer. Por estar localizado em umas das regi\u00f5es mais frias do Brasil, abriga paisagens florestais que frequentemente est\u00e3o cobertas de neve, oferecendo uma experi\u00eancia in\u00e9dita para muitos brasileiros.<\/p>\n","protected":false},"excerpt":{"rendered":"<p>Parque Nacional de S\u00e3o Joaquim, criado em 1961, ocupa uma \u00e1rea de cerca de 49800 hectares na regi\u00e3o serrana do Estado de Santa Catarina, entre os munic\u00edpios de Urubici (onde fica a Sede Administrativa do Parque), Bom Jardim da Serra, Gr\u00e3o Par\u00e1, Lauro Muller e Orleans. Possui diversos atrativos como o morro da Igreja, a [&hellip;]<\/p>\n","protected":false},"author":1,"featured_media":376,"comment_status":"closed","ping_status":"closed","sticky":false,"template":"","format":"standard","meta":{"_jetpack_memberships_contains_paid_content":false,"footnotes":""},"categories":[5],"tags":[81,82],"class_list":["post-375","post","type-post","status-publish","format-standard","has-post-thumbnail","hentry","category-o-que-e","tag-meio-ambiente","tag-parque-nacional-de-sao-joaquim"],"aioseo_notices":[],"jetpack_featured_media_url":"https:\/\/caetenews.com.br\/oquequee\/wp-content\/uploads\/2020\/07\/1383.jpg","jetpack_sharing_enabled":true,"_links":{"self":[{"href":"https:\/\/caetenews.com.br\/oquequee\/wp-json\/wp\/v2\/posts\/375","targetHints":{"allow":["GET"]}}],"collection":[{"href":"https:\/\/caetenews.com.br\/oquequee\/wp-json\/wp\/v2\/posts"}],"about":[{"href":"https:\/\/caetenews.com.br\/oquequee\/wp-json\/wp\/v2\/types\/post"}],"author":[{"embeddable":true,"href":"https:\/\/caetenews.com.br\/oquequee\/wp-json\/wp\/v2\/users\/1"}],"replies":[{"embeddable":true,"href":"https:\/\/caetenews.com.br\/oquequee\/wp-json\/wp\/v2\/comments?post=375"}],"version-history":[{"count":2,"href":"https:\/\/caetenews.com.br\/oquequee\/wp-json\/wp\/v2\/posts\/375\/revisions"}],"predecessor-version":[{"id":622,"href":"https:\/\/caetenews.com.br\/oquequee\/wp-json\/wp\/v2\/posts\/375\/revisions\/622"}],"wp:featuredmedia":[{"embeddable":true,"href":"https:\/\/caetenews.com.br\/oquequee\/wp-json\/wp\/v2\/media\/376"}],"wp:attachment":[{"href":"https:\/\/caetenews.com.br\/oquequee\/wp-json\/wp\/v2\/media?parent=375"}],"wp:term":[{"taxonomy":"category","embeddable":true,"href":"https:\/\/caetenews.com.br\/oquequee\/wp-json\/wp\/v2\/categories?post=375"},{"taxonomy":"post_tag","embeddable":true,"href":"https:\/\/caetenews.com.br\/oquequee\/wp-json\/wp\/v2\/tags?post=375"}],"curies":[{"name":"wp","href":"https:\/\/api.w.org\/{rel}","templated":true}]}}