{"id":383,"date":"2020-08-18T10:00:38","date_gmt":"2020-08-18T13:00:38","guid":{"rendered":"https:\/\/oquequee.com.br\/?p=383"},"modified":"2024-06-04T10:20:27","modified_gmt":"2024-06-04T13:20:27","slug":"chapada-dos-veadeiros","status":"publish","type":"post","link":"https:\/\/caetenews.com.br\/oquequee\/chapada-dos-veadeiros\/","title":{"rendered":"Chapada dos Veadeiros"},"content":{"rendered":"<p><img loading=\"lazy\" decoding=\"async\" class=\"alignnone wp-image-384 size-full\" title=\"(Foto: Augusto Miranda\/MTur)\" src=\"https:\/\/caetenews.com.br\/oquequee\/wp-content\/uploads\/2020\/08\/1575.jpg\" alt=\"Vista parcial da Chapada dos Veadeiros (GO)\" width=\"600\" height=\"400\" \/><br \/>\nCriado em 1961, o Parque Nacional da Chapada dos Veadeiros se localiza no Nordeste de Goi\u00e1s, entre os munic\u00edpios de Alto Para\u00edso de Goi\u00e1s, Cavalcante, Teresina de Goi\u00e1s, Nova Roma e S\u00e3o Jo\u00e3o d&#8217;Alian\u00e7a.<\/p>\n<p>Abrangendo uma \u00e1rea de 240.611 hectares de Cerrado, a unidade abriga esp\u00e9cies e forma\u00e7\u00f5es vegetais \u00fanicas, centenas de nascentes e cursos d\u2019\u00e1gua e rochas com mais de um bilh\u00e3o de anos, al\u00e9m de paisagens de rara beleza, com fei\u00e7\u00f5es que se alteram ao longo do ano. O parque, declarado Patrim\u00f4nio Natural da Humanidade pela UNESCO em 2001, tamb\u00e9m preserva \u00e1reas de antigos garimpos, como parte da hist\u00f3ria local.<\/p>\n<p>A Chapada dos Veadeiros foi declarado Patrim\u00f4nio Natural da Humanidade pela UNESCO, em 2001.<\/p>\n<p><img loading=\"lazy\" decoding=\"async\" class=\"alignnone wp-image-386 size-full\" title=\"((Foto: Marcelo Camargo\/Ag\u00eancia Brasil)\" src=\"https:\/\/caetenews.com.br\/oquequee\/wp-content\/uploads\/2020\/08\/1576.jpg\" alt=\"Vista parcial da Chapada\" width=\"600\" height=\"359\" \/><\/p>\n","protected":false},"excerpt":{"rendered":"<p>Criado em 1961, o Parque Nacional da Chapada dos Veadeiros se localiza no Nordeste de Goi\u00e1s, entre os munic\u00edpios de Alto Para\u00edso de Goi\u00e1s, Cavalcante, Teresina de Goi\u00e1s, Nova Roma e S\u00e3o Jo\u00e3o d&#8217;Alian\u00e7a. Abrangendo uma \u00e1rea de 240.611 hectares de Cerrado, a unidade abriga esp\u00e9cies e forma\u00e7\u00f5es vegetais \u00fanicas, centenas de nascentes e cursos [&hellip;]<\/p>\n","protected":false},"author":1,"featured_media":386,"comment_status":"closed","ping_status":"closed","sticky":false,"template":"","format":"standard","meta":{"_jetpack_memberships_contains_paid_content":false,"footnotes":""},"categories":[1],"tags":[88,89,93,87,94,91,86,90,92],"class_list":["post-383","post","type-post","status-publish","format-standard","has-post-thumbnail","hentry","category-geral","tag-alto-paraiso-de-goias","tag-cavalcante","tag-cerrado","tag-chapada-dos-veadeiros","tag-goias","tag-nova-romam-sao-joao-dalianca","tag-parque-nacional","tag-teresina-de-goias","tag-unesco"],"aioseo_notices":[],"jetpack_featured_media_url":"https:\/\/caetenews.com.br\/oquequee\/wp-content\/uploads\/2020\/08\/1576.jpg","jetpack_sharing_enabled":true,"_links":{"self":[{"href":"https:\/\/caetenews.com.br\/oquequee\/wp-json\/wp\/v2\/posts\/383","targetHints":{"allow":["GET"]}}],"collection":[{"href":"https:\/\/caetenews.com.br\/oquequee\/wp-json\/wp\/v2\/posts"}],"about":[{"href":"https:\/\/caetenews.com.br\/oquequee\/wp-json\/wp\/v2\/types\/post"}],"author":[{"embeddable":true,"href":"https:\/\/caetenews.com.br\/oquequee\/wp-json\/wp\/v2\/users\/1"}],"replies":[{"embeddable":true,"href":"https:\/\/caetenews.com.br\/oquequee\/wp-json\/wp\/v2\/comments?post=383"}],"version-history":[{"count":4,"href":"https:\/\/caetenews.com.br\/oquequee\/wp-json\/wp\/v2\/posts\/383\/revisions"}],"predecessor-version":[{"id":620,"href":"https:\/\/caetenews.com.br\/oquequee\/wp-json\/wp\/v2\/posts\/383\/revisions\/620"}],"wp:featuredmedia":[{"embeddable":true,"href":"https:\/\/caetenews.com.br\/oquequee\/wp-json\/wp\/v2\/media\/386"}],"wp:attachment":[{"href":"https:\/\/caetenews.com.br\/oquequee\/wp-json\/wp\/v2\/media?parent=383"}],"wp:term":[{"taxonomy":"category","embeddable":true,"href":"https:\/\/caetenews.com.br\/oquequee\/wp-json\/wp\/v2\/categories?post=383"},{"taxonomy":"post_tag","embeddable":true,"href":"https:\/\/caetenews.com.br\/oquequee\/wp-json\/wp\/v2\/tags?post=383"}],"curies":[{"name":"wp","href":"https:\/\/api.w.org\/{rel}","templated":true}]}}