{"id":393,"date":"2020-08-24T16:14:46","date_gmt":"2020-08-24T19:14:46","guid":{"rendered":"https:\/\/oquequee.com.br\/?p=393"},"modified":"2024-06-04T10:18:34","modified_gmt":"2024-06-04T13:18:34","slug":"el-nino-o-que-e","status":"publish","type":"post","link":"https:\/\/caetenews.com.br\/oquequee\/el-nino-o-que-e\/","title":{"rendered":"El Ni\u00f1o &#8211; O que \u00e9"},"content":{"rendered":"<p><img loading=\"lazy\" decoding=\"async\" class=\"alignnone wp-image-394 size-full\" title=\"(Foto meramente ilustrativa - Nasa)\" src=\"https:\/\/caetenews.com.br\/oquequee\/wp-content\/uploads\/2020\/08\/oque0037.jpg\" alt=\"Foto ilustrativa\" width=\"540\" height=\"428\" \/><br \/>\nFen\u00f4meno meteorol\u00f3gico caracterizado pelo aquecimento anormal das \u00e1guas do Oceano Pac\u00edfico Equatorial, por isso provoca uma s\u00e9rie de eventos atmosf\u00e9ricos capazes de alterar o clima em todo o mundo.<\/p>\n<p>O EL NI\u00d1O mais forte manifestou-se nos anos de 1982\/1983, quando as temperaturas da \u00e1gua do mar chegaram a ficar sete graus acima do normal, com enchentes nos estados da regi\u00e3o Sul e seca na regi\u00e3o Nordeste.<\/p>\n<p>El Ni\u00f1o e La Ni\u00f1a s\u00e3o fases distintas &#8211; quente e fria &#8211; de um movimento oscilat\u00f3rio resultante da intera\u00e7\u00e3o entre o oceano e a atmosfera. \u00c9 mais uma for\u00e7a da natureza com leis e din\u00e2micas pr\u00f3prias, cujos fundamentos os cientistas desconhecem, raz\u00e3o pela qual \u00e9 imposs\u00edvel, ainda, se prever o in\u00edcio de um e o fim do outro, e vice-versa.<\/p>\n<p>O fen\u00f4meno La Ni\u00f1a ocorre, na maioria das vezes, ao final da ocorr\u00eancia de um El Ni\u00f1o, funcionando atrav\u00e9s de uma esp\u00e9cie de in\u00e9rcia de reacomoda\u00e7\u00e3o n\u00e3o regular, que foge aos padr\u00f5es normais, atrav\u00e9s do esfriamento das \u00e1guas a leste do Pac\u00edfico, nas costas do Peru, formando um bols\u00e3o, com as \u00e1guas do oceano atingindo uma temperatura entre 3 a 3,5\u00b0 C abaixo da sua m\u00e9dia normal. Ventos al\u00edsios fortes &#8220;empilham&#8221; \u00e1guas quentes no extremo oposto, a oeste, na \u00c1sia, alterando sobremaneira a circula\u00e7\u00e3o dos ventos e da atmosfera em todo o planeta. Mesmo sendo considerado um fen\u00f4meno de intensa energia, os cientistas acreditam que seus efeitos, em regra geral, s\u00e3o menos danosos ao ambiente do que os do El Ni\u00f1o.<br \/>\n<em>Fontes: Inmet e Funda\u00e7\u00e3o Joaquim Nabuco.<\/em><\/p>\n","protected":false},"excerpt":{"rendered":"<p>Fen\u00f4meno meteorol\u00f3gico caracterizado pelo aquecimento anormal das \u00e1guas do Oceano Pac\u00edfico Equatorial, por isso provoca uma s\u00e9rie de eventos atmosf\u00e9ricos capazes de alterar o clima em todo o mundo. O EL NI\u00d1O mais forte manifestou-se nos anos de 1982\/1983, quando as temperaturas da \u00e1gua do mar chegaram a ficar sete graus acima do normal, com [&hellip;]<\/p>\n","protected":false},"author":1,"featured_media":394,"comment_status":"closed","ping_status":"closed","sticky":false,"template":"","format":"standard","meta":{"_jetpack_memberships_contains_paid_content":false,"footnotes":""},"categories":[5],"tags":[98,99],"class_list":["post-393","post","type-post","status-publish","format-standard","has-post-thumbnail","hentry","category-o-que-e","tag-el-nino","tag-la-nina"],"aioseo_notices":[],"jetpack_featured_media_url":"https:\/\/caetenews.com.br\/oquequee\/wp-content\/uploads\/2020\/08\/oque0037.jpg","jetpack_sharing_enabled":true,"_links":{"self":[{"href":"https:\/\/caetenews.com.br\/oquequee\/wp-json\/wp\/v2\/posts\/393","targetHints":{"allow":["GET"]}}],"collection":[{"href":"https:\/\/caetenews.com.br\/oquequee\/wp-json\/wp\/v2\/posts"}],"about":[{"href":"https:\/\/caetenews.com.br\/oquequee\/wp-json\/wp\/v2\/types\/post"}],"author":[{"embeddable":true,"href":"https:\/\/caetenews.com.br\/oquequee\/wp-json\/wp\/v2\/users\/1"}],"replies":[{"embeddable":true,"href":"https:\/\/caetenews.com.br\/oquequee\/wp-json\/wp\/v2\/comments?post=393"}],"version-history":[{"count":2,"href":"https:\/\/caetenews.com.br\/oquequee\/wp-json\/wp\/v2\/posts\/393\/revisions"}],"predecessor-version":[{"id":618,"href":"https:\/\/caetenews.com.br\/oquequee\/wp-json\/wp\/v2\/posts\/393\/revisions\/618"}],"wp:featuredmedia":[{"embeddable":true,"href":"https:\/\/caetenews.com.br\/oquequee\/wp-json\/wp\/v2\/media\/394"}],"wp:attachment":[{"href":"https:\/\/caetenews.com.br\/oquequee\/wp-json\/wp\/v2\/media?parent=393"}],"wp:term":[{"taxonomy":"category","embeddable":true,"href":"https:\/\/caetenews.com.br\/oquequee\/wp-json\/wp\/v2\/categories?post=393"},{"taxonomy":"post_tag","embeddable":true,"href":"https:\/\/caetenews.com.br\/oquequee\/wp-json\/wp\/v2\/tags?post=393"}],"curies":[{"name":"wp","href":"https:\/\/api.w.org\/{rel}","templated":true}]}}