{"id":406,"date":"2020-09-29T11:11:36","date_gmt":"2020-09-29T14:11:36","guid":{"rendered":"https:\/\/oquequee.com.br\/?p=406"},"modified":"2024-06-04T10:16:33","modified_gmt":"2024-06-04T13:16:33","slug":"propolis-vermelha","status":"publish","type":"post","link":"https:\/\/caetenews.com.br\/oquequee\/propolis-vermelha\/","title":{"rendered":"Pr\u00f3polis Vermelha"},"content":{"rendered":"<p><img loading=\"lazy\" decoding=\"async\" class=\"alignnone wp-image-407 size-full\" title=\"(Foto: Divulga\u00e7\u00e3o\/Ag\u00eancia Fapesp\/Acervo do pesquisador)\" src=\"https:\/\/caetenews.com.br\/oquequee\/wp-content\/uploads\/2020\/09\/propolis-vermelha.jpg\" alt=\"Foto de manipula\u00e7\u00e3o em laborat\u00f3rio\" width=\"600\" height=\"340\" \/><br \/>\nNo mundo, existem tr\u00eas variedades de pr\u00f3polis: a verde, a marrom e \u2013 a mais rara delas \u2013 a vermelha. O Brasil \u00e9 um dos maiores produtores de pr\u00f3polis no mundo. A variedade vermelha s\u00f3 \u00e9 encontrada em Alagoas, onde \u00e9 produzida por abelhas que se alimentam da resina da \u00e1rvore Dalbergia ecastophyllum \u2013 popularmente conhecida como rabo-de-bugio pela cor rubra de sua seiva.<\/p>\n<p>A pr\u00f3polis vermelha possui duas subst\u00e2ncias que podem auxiliar no combate ao c\u00e2ncer, segundo estudo publicado no Journal of Natural Products dos pesquisadores da Universidade de S\u00e3o Paulo (USP) e Universidade Estadual de Campinas (Unicamp). Eles descreveram outros seis novos polifen\u00f3is \u2013 subst\u00e2ncias naturais como os flavonoides e os taninos, encontradas em plantas, cereais e tamb\u00e9m no vinho \u2013 com estruturas totalmente in\u00e9ditas na ci\u00eancia. Nos testes realizados em laborat\u00f3rio, as mol\u00e9culas isoladas reduziram consideravelmente a prolifera\u00e7\u00e3o de c\u00e9lulas tumorais em linhagens de ov\u00e1rio, mama e glioma.<\/p>\n<p>Roberto Berlinck, professor no Instituto de Qu\u00edmica de S\u00e3o Carlos da Universidade de S\u00e3o Paulo (IQSC-USP) e membro da coordena\u00e7\u00e3o do Programa Biota-Fapesp, ressalta, no entanto, que as mol\u00e9culas descobertas pertencem ao grupo dos polifen\u00f3is e, portanto, n\u00e3o s\u00e3o consideradas promissoras para a produ\u00e7\u00e3o de f\u00e1rmacos. \u201cInfelizmente, os polifen\u00f3is se ligam \u00e0s prote\u00ednas de maneira pouco espec\u00edfica, o que n\u00e3o \u00e9 ideal para um f\u00e1rmaco. Mas talvez seja por esse motivo que a pr\u00f3polis vermelha tenha tantas atividades, justamente por atuar em v\u00e1rios sistemas diferentes\u201d.<\/p>\n<p><em>Para saber mais:<\/em><br \/>\n<a href=\"https:\/\/www.eurekalert.org\/pub_releases\/2020-09\/fda-swa090920.php\">Substances with anti-cancer action are identified in Brazilian red propolis<\/a><\/p>\n","protected":false},"excerpt":{"rendered":"<p>No mundo, existem tr\u00eas variedades de pr\u00f3polis: a verde, a marrom e \u2013 a mais rara delas \u2013 a vermelha. O Brasil \u00e9 um dos maiores produtores de pr\u00f3polis no mundo. A variedade vermelha s\u00f3 \u00e9 encontrada em Alagoas, onde \u00e9 produzida por abelhas que se alimentam da resina da \u00e1rvore Dalbergia ecastophyllum \u2013 popularmente [&hellip;]<\/p>\n","protected":false},"author":1,"featured_media":407,"comment_status":"closed","ping_status":"closed","sticky":false,"template":"","format":"standard","meta":{"_jetpack_memberships_contains_paid_content":false,"footnotes":""},"categories":[5],"tags":[110,111,112,108,109],"class_list":["post-406","post","type-post","status-publish","format-standard","has-post-thumbnail","hentry","category-o-que-e","tag-anticancerigenos","tag-dalbergia-ecastophyllum","tag-polifenois","tag-propolis","tag-propolis-vermelha"],"aioseo_notices":[],"jetpack_featured_media_url":"https:\/\/caetenews.com.br\/oquequee\/wp-content\/uploads\/2020\/09\/propolis-vermelha.jpg","jetpack_sharing_enabled":true,"_links":{"self":[{"href":"https:\/\/caetenews.com.br\/oquequee\/wp-json\/wp\/v2\/posts\/406","targetHints":{"allow":["GET"]}}],"collection":[{"href":"https:\/\/caetenews.com.br\/oquequee\/wp-json\/wp\/v2\/posts"}],"about":[{"href":"https:\/\/caetenews.com.br\/oquequee\/wp-json\/wp\/v2\/types\/post"}],"author":[{"embeddable":true,"href":"https:\/\/caetenews.com.br\/oquequee\/wp-json\/wp\/v2\/users\/1"}],"replies":[{"embeddable":true,"href":"https:\/\/caetenews.com.br\/oquequee\/wp-json\/wp\/v2\/comments?post=406"}],"version-history":[{"count":2,"href":"https:\/\/caetenews.com.br\/oquequee\/wp-json\/wp\/v2\/posts\/406\/revisions"}],"predecessor-version":[{"id":615,"href":"https:\/\/caetenews.com.br\/oquequee\/wp-json\/wp\/v2\/posts\/406\/revisions\/615"}],"wp:featuredmedia":[{"embeddable":true,"href":"https:\/\/caetenews.com.br\/oquequee\/wp-json\/wp\/v2\/media\/407"}],"wp:attachment":[{"href":"https:\/\/caetenews.com.br\/oquequee\/wp-json\/wp\/v2\/media?parent=406"}],"wp:term":[{"taxonomy":"category","embeddable":true,"href":"https:\/\/caetenews.com.br\/oquequee\/wp-json\/wp\/v2\/categories?post=406"},{"taxonomy":"post_tag","embeddable":true,"href":"https:\/\/caetenews.com.br\/oquequee\/wp-json\/wp\/v2\/tags?post=406"}],"curies":[{"name":"wp","href":"https:\/\/api.w.org\/{rel}","templated":true}]}}