{"id":410,"date":"2020-10-09T09:47:32","date_gmt":"2020-10-09T12:47:32","guid":{"rendered":"https:\/\/oquequee.com.br\/?p=410"},"modified":"2024-06-04T10:15:53","modified_gmt":"2024-06-04T13:15:53","slug":"cirio-de-nazare","status":"publish","type":"post","link":"https:\/\/caetenews.com.br\/oquequee\/cirio-de-nazare\/","title":{"rendered":"C\u00edrio de Nazar\u00e9"},"content":{"rendered":"<p><img loading=\"lazy\" decoding=\"async\" class=\"alignnone wp-image-411 size-full\" title=\"(Foto: Acervo Iphan)\" src=\"https:\/\/caetenews.com.br\/oquequee\/wp-content\/uploads\/2020\/10\/1771.jpg\" alt=\"Foto da santa na prociss\u00e3o\" width=\"600\" height=\"340\" \/><br \/>\nO C\u00edrio de Nossa Senhora de Nazar\u00e9 \u00e9 uma celebra\u00e7\u00e3o religiosa que ocorre em Bel\u00e9m (PA); Os festejos envolvem v\u00e1rios rituais de devo\u00e7\u00e3o religiosa e express\u00f5es culturais, e re\u00fanem devotos, turistas e curiosos de todas as partes do Brasil e de pa\u00edses estrangeiros. Acontecem em v\u00e1rios munic\u00edpios paraenses &#8211; Acar\u00e1, Curu\u00e7\u00e1, Parauapebas, S\u00e3o Jo\u00e3o, entre outros &#8211; onde se cultua a festividade de Nossa Senhora de Nazar\u00e9. Institu\u00edda em 1793, \u00e9 uma celebra\u00e7\u00e3o constitu\u00edda por v\u00e1rios rituais de devo\u00e7\u00e3o religiosa e express\u00f5es culturais, cujo cl\u00edmax ocorre na prociss\u00e3o do C\u00edrio, no segundo domingo de outubro.<\/p>\n<p>No Par\u00e1, o C\u00edrio \u00e9 o grande momento anual de demonstra\u00e7\u00e3o de devo\u00e7\u00e3o e solidariedade, de reitera\u00e7\u00e3o de la\u00e7os familiares, assim como de manifesta\u00e7\u00e3o social e pol\u00edtica. Reconta, por meio de seu cerimonial religioso, a lenda que envolve o achado, em 1700, da imagem de Nossa Senhora de Nazar\u00e9 por um caboclo denominado Pl\u00e1cido. Os elementos sagrados e profanos que marcam a festa configuram uma face m\u00faltipla, a que est\u00e3o associadas diferentes significa\u00e7\u00f5es decorrentes da diversidade das formas de inser\u00e7\u00e3o no evento, da apropria\u00e7\u00e3o simb\u00f3lica e da diferencia\u00e7\u00e3o social dos participantes. A relev\u00e2ncia do C\u00edrio de Nazar\u00e9 como manifesta\u00e7\u00e3o cultural pode ser reconhecida no longo e din\u00e2mico processo que reitera e constr\u00f3i essa celebra\u00e7\u00e3o h\u00e1 mais de 200 anos.<\/p>\n<p>H\u00e1 diversas vers\u00f5es para o in\u00edcio da devo\u00e7\u00e3o por Nossa Senhora de Nazar\u00e9 em Bel\u00e9m. Pesquisadores descrevem fatos quem tentam explicar a origem, embasados em documentos ou nas narrativas apresentadas ao longo da hist\u00f3ria. Ainda em 1653, os Jesu\u00edtas iniciam a devo\u00e7\u00e3o a Nossa Senhora de Nazar\u00e9 na localidade de Vigia de Nazar\u00e9, no Par\u00e1. Apesar da origem ser atribu\u00edda \u00e0quele local, o C\u00edrio enquanto romaria foi institu\u00eddo somente a partir da metade do s\u00e9culo XIX, v\u00e1rios anos ap\u00f3s o de Bel\u00e9m.<br \/>\n<em>Fonte: Iphan<\/em><\/p>\n","protected":false},"excerpt":{"rendered":"<p>O C\u00edrio de Nossa Senhora de Nazar\u00e9 \u00e9 uma celebra\u00e7\u00e3o religiosa que ocorre em Bel\u00e9m (PA); Os festejos envolvem v\u00e1rios rituais de devo\u00e7\u00e3o religiosa e express\u00f5es culturais, e re\u00fanem devotos, turistas e curiosos de todas as partes do Brasil e de pa\u00edses estrangeiros. Acontecem em v\u00e1rios munic\u00edpios paraenses &#8211; Acar\u00e1, Curu\u00e7\u00e1, Parauapebas, S\u00e3o Jo\u00e3o, entre [&hellip;]<\/p>\n","protected":false},"author":1,"featured_media":411,"comment_status":"closed","ping_status":"closed","sticky":false,"template":"","format":"standard","meta":{"_jetpack_memberships_contains_paid_content":false,"footnotes":""},"categories":[1],"tags":[114,113],"class_list":["post-410","post","type-post","status-publish","format-standard","has-post-thumbnail","hentry","category-geral","tag-belem-pa","tag-cirio-de-nazare"],"aioseo_notices":[],"jetpack_featured_media_url":"https:\/\/caetenews.com.br\/oquequee\/wp-content\/uploads\/2020\/10\/1771.jpg","jetpack_sharing_enabled":true,"_links":{"self":[{"href":"https:\/\/caetenews.com.br\/oquequee\/wp-json\/wp\/v2\/posts\/410","targetHints":{"allow":["GET"]}}],"collection":[{"href":"https:\/\/caetenews.com.br\/oquequee\/wp-json\/wp\/v2\/posts"}],"about":[{"href":"https:\/\/caetenews.com.br\/oquequee\/wp-json\/wp\/v2\/types\/post"}],"author":[{"embeddable":true,"href":"https:\/\/caetenews.com.br\/oquequee\/wp-json\/wp\/v2\/users\/1"}],"replies":[{"embeddable":true,"href":"https:\/\/caetenews.com.br\/oquequee\/wp-json\/wp\/v2\/comments?post=410"}],"version-history":[{"count":2,"href":"https:\/\/caetenews.com.br\/oquequee\/wp-json\/wp\/v2\/posts\/410\/revisions"}],"predecessor-version":[{"id":614,"href":"https:\/\/caetenews.com.br\/oquequee\/wp-json\/wp\/v2\/posts\/410\/revisions\/614"}],"wp:featuredmedia":[{"embeddable":true,"href":"https:\/\/caetenews.com.br\/oquequee\/wp-json\/wp\/v2\/media\/411"}],"wp:attachment":[{"href":"https:\/\/caetenews.com.br\/oquequee\/wp-json\/wp\/v2\/media?parent=410"}],"wp:term":[{"taxonomy":"category","embeddable":true,"href":"https:\/\/caetenews.com.br\/oquequee\/wp-json\/wp\/v2\/categories?post=410"},{"taxonomy":"post_tag","embeddable":true,"href":"https:\/\/caetenews.com.br\/oquequee\/wp-json\/wp\/v2\/tags?post=410"}],"curies":[{"name":"wp","href":"https:\/\/api.w.org\/{rel}","templated":true}]}}