{"id":567,"date":"2020-11-01T10:50:49","date_gmt":"2020-11-01T13:50:49","guid":{"rendered":"https:\/\/oquequee.com.br\/?p=567"},"modified":"2024-06-04T10:13:31","modified_gmt":"2024-06-04T13:13:31","slug":"ilha-das-couves","status":"publish","type":"post","link":"https:\/\/caetenews.com.br\/oquequee\/ilha-das-couves\/","title":{"rendered":"Ilha das Couves"},"content":{"rendered":"<p><img loading=\"lazy\" decoding=\"async\" class=\"alignnone wp-image-568 size-full\" title=\"Foto: Secretaria de Infraestrutura e Meio Ambiente SP\/Divulga\u00e7\u00e3o)\" src=\"https:\/\/caetenews.com.br\/oquequee\/wp-content\/uploads\/2020\/11\/041.jpg\" alt=\"Foto de praia da ilha\" width=\"600\" height=\"450\" \/><br \/>\nEmbora as ilhas ao longo da costa brasileira estejam sob dom\u00ednio da Uni\u00e3o, a Ilha das Couves, com \u00e1rea de 582 m\u00b2, est\u00e1 inserida na \u00c1rea de Prote\u00e7\u00e3o Ambiental Marinha do Litoral Norte do estado de S\u00e3o Paulo, em Ubatuba, a 2,3 Km da costa, sob gest\u00e3o da Funda\u00e7\u00e3o Florestal. \u00c9 um dos passeios mais procurados pelos turistas no Litoral Norte.<\/p>\n<p>Para regular o n\u00famero de turistas, a Funda\u00e7\u00e3o Florestal publicou em dezembro de 2019 uma Portaria Normativa que disp\u00f5e sobre a capacidade de turistas na Ilha das Couves. O documento estabelece que a \u00e1rea s\u00f3 poder\u00e1 receber 177 pessoas simultaneamente, n\u00famero bem inferior aos estimados dois mil visitantes contabilizados em outras ocasi\u00f5es.<\/p>\n<p>A Ilha das Couves oferece duas praias aos visitantes passarem o dia. A Praia Menor, com \u00e1gua em tom de verde esmeralda, forma uma grande piscina para mergulho. J\u00e1 na Praia Maior, tamb\u00e9m chamada de Prainha das Couves ou Praia de Dentro, a \u00e1gua ganha tons entre verde e azul, e o visual \u00e9 surpreendente. Esta \u00e9 a principal praia da Ilha das Couves, a que oferece maior faixa de areia. O acesso se d\u00e1 por uma curta trilha de apenas cinco minutos a partir da Praia Menor.<br \/>\n<em>Fonte: Governo SP<\/em><\/p>\n","protected":false},"excerpt":{"rendered":"<p>Embora as ilhas ao longo da costa brasileira estejam sob dom\u00ednio da Uni\u00e3o, a Ilha das Couves, com \u00e1rea de 582 m\u00b2, est\u00e1 inserida na \u00c1rea de Prote\u00e7\u00e3o Ambiental Marinha do Litoral Norte do estado de S\u00e3o Paulo, em Ubatuba, a 2,3 Km da costa, sob gest\u00e3o da Funda\u00e7\u00e3o Florestal. \u00c9 um dos passeios mais [&hellip;]<\/p>\n","protected":false},"author":1,"featured_media":568,"comment_status":"closed","ping_status":"closed","sticky":false,"template":"","format":"standard","meta":{"_jetpack_memberships_contains_paid_content":false,"footnotes":""},"categories":[1,35],"tags":[117,118],"class_list":["post-567","post","type-post","status-publish","format-standard","has-post-thumbnail","hentry","category-geral","category-quem-e","tag-ilha-das-couves","tag-ubatuba"],"aioseo_notices":[],"jetpack_featured_media_url":"https:\/\/caetenews.com.br\/oquequee\/wp-content\/uploads\/2020\/11\/041.jpg","jetpack_sharing_enabled":true,"_links":{"self":[{"href":"https:\/\/caetenews.com.br\/oquequee\/wp-json\/wp\/v2\/posts\/567","targetHints":{"allow":["GET"]}}],"collection":[{"href":"https:\/\/caetenews.com.br\/oquequee\/wp-json\/wp\/v2\/posts"}],"about":[{"href":"https:\/\/caetenews.com.br\/oquequee\/wp-json\/wp\/v2\/types\/post"}],"author":[{"embeddable":true,"href":"https:\/\/caetenews.com.br\/oquequee\/wp-json\/wp\/v2\/users\/1"}],"replies":[{"embeddable":true,"href":"https:\/\/caetenews.com.br\/oquequee\/wp-json\/wp\/v2\/comments?post=567"}],"version-history":[{"count":2,"href":"https:\/\/caetenews.com.br\/oquequee\/wp-json\/wp\/v2\/posts\/567\/revisions"}],"predecessor-version":[{"id":612,"href":"https:\/\/caetenews.com.br\/oquequee\/wp-json\/wp\/v2\/posts\/567\/revisions\/612"}],"wp:featuredmedia":[{"embeddable":true,"href":"https:\/\/caetenews.com.br\/oquequee\/wp-json\/wp\/v2\/media\/568"}],"wp:attachment":[{"href":"https:\/\/caetenews.com.br\/oquequee\/wp-json\/wp\/v2\/media?parent=567"}],"wp:term":[{"taxonomy":"category","embeddable":true,"href":"https:\/\/caetenews.com.br\/oquequee\/wp-json\/wp\/v2\/categories?post=567"},{"taxonomy":"post_tag","embeddable":true,"href":"https:\/\/caetenews.com.br\/oquequee\/wp-json\/wp\/v2\/tags?post=567"}],"curies":[{"name":"wp","href":"https:\/\/api.w.org\/{rel}","templated":true}]}}