{"id":586,"date":"2022-11-28T15:57:43","date_gmt":"2022-11-28T18:57:43","guid":{"rendered":"https:\/\/caetenews.com.br\/oquequee\/?p=586"},"modified":"2024-06-03T16:22:17","modified_gmt":"2024-06-03T19:22:17","slug":"arquipelago-da-madeira-em-meio-ao-oceano-atlantico","status":"publish","type":"post","link":"https:\/\/caetenews.com.br\/oquequee\/arquipelago-da-madeira-em-meio-ao-oceano-atlantico\/","title":{"rendered":"Arquip\u00e9lago da Madeira em meio ao Oceano Atl\u00e2ntico"},"content":{"rendered":"<p><em>Artigo de Destinos: Arquip\u00e9lago da Madeira em meio ao&#8230;<\/em><br \/>\n<figure id=\"attachment_590\" aria-describedby=\"caption-attachment-590\" style=\"width: 728px\" class=\"wp-caption alignnone\"><img loading=\"lazy\" decoding=\"async\" class=\"wp-image-590 size-full\" title=\"(Foto: Andre Carvalho\/Divulga\u00e7\u00e3o)\" src=\"https:\/\/caetenews.com.br\/oquequee\/wp-content\/uploads\/2022\/11\/35a.jpg\" alt=\"Foto de Porto Santo, em Arquip\u00e9lago da Madeira em meio ao...\" width=\"728\" height=\"450\" srcset=\"https:\/\/caetenews.com.br\/oquequee\/wp-content\/uploads\/2022\/11\/35a.jpg 728w, https:\/\/caetenews.com.br\/oquequee\/wp-content\/uploads\/2022\/11\/35a-200x125.jpg 200w\" sizes=\"auto, (max-width: 728px) 100vw, 728px\" \/><figcaption id=\"caption-attachment-590\" class=\"wp-caption-text\">Porto Santo<\/figcaption><\/figure><br \/>\nA Ilha da Madeira, destino portugu\u00eas situado em meio ao Oceano Atl\u00e2ntico, \u00e9 ideal para viajar em qualquer \u00e9poca do ano e agrada todo tipo de perfil de viajante. Existem atra\u00e7\u00f5es para fam\u00edlias, casais, grupo de amigos e para quem est\u00e1 desacompanhado(a).<\/p>\n<p>Para quem viaja solo, \u00e9 poss\u00edvel percorrer a ilha toda de forma segura e tranquila, alugando um carro que dar\u00e1 liberdade e autonomia, em um itiner\u00e1rio com atividades perfeitas e incr\u00edveis para curtir sozinho(a).<\/p>\n<p>Com um territ\u00f3rio montanhoso que atinge grandes altitudes, a Madeira conta com diversos pontos que oferecem vistas deslumbrantes. Esses cen\u00e1rios incluem mar, uma charmosa capital, montanhas e a Floresta Laurissilva. O mirante mais conhecido \u00e9 o Cabo Gir\u00e3o, localizado em C\u00e2mara do Lobos a 580 metros de altura e que conta com uma passarela suspensa de vidro, conhecida como skywalk.<\/p>\n<figure id=\"attachment_591\" aria-describedby=\"caption-attachment-591\" style=\"width: 728px\" class=\"wp-caption alignnone\"><img loading=\"lazy\" decoding=\"async\" class=\"wp-image-591 size-full\" title=\"(Foto: Divulga\u00e7\u00e3o)\" src=\"https:\/\/caetenews.com.br\/oquequee\/wp-content\/uploads\/2022\/11\/35b.jpg\" alt=\"Foto de Levada do Furado, em Ilha da Madeira\" width=\"728\" height=\"450\" srcset=\"https:\/\/caetenews.com.br\/oquequee\/wp-content\/uploads\/2022\/11\/35b.jpg 728w, https:\/\/caetenews.com.br\/oquequee\/wp-content\/uploads\/2022\/11\/35b-200x125.jpg 200w\" sizes=\"auto, (max-width: 728px) 100vw, 728px\" \/><figcaption id=\"caption-attachment-591\" class=\"wp-caption-text\">Levada do Furado<\/figcaption><\/figure>\n<p>Na mesma cidade fica o Curral das Freiras, \u00fanico ponto da ilha de onde n\u00e3o se pode ver o mar, e o Estreito de C\u00e2mara de Lobos, onde se fabrica o vinho Madeira, a principal iguaria da regi\u00e3o.<\/p>\n<p>Por toda a ilha, existem antigos canais de irriga\u00e7\u00e3o conhecidos como levadas, constru\u00eddos h\u00e1 mais de 400 anos para levar \u00e1gua do norte para o sul da Madeira. S\u00e3o mais de 200 levadas ao longo de cerca de 3 mil quil\u00f4metros que formam caminhos bel\u00edssimos em meio \u00e0 vegeta\u00e7\u00e3o nativa, onde se pode fazer longas e agrad\u00e1veis caminhadas.<\/p>\n<p>Outra maneira popular e incr\u00edvel de aproveitar os bel\u00edssimos cen\u00e1rios naturais da ilha \u00e9 sobre duas rodas. Basta alugar uma bicicleta e explorar uma das in\u00fameras trilhas que passam por diferentes lugares e em percursos de diferentes n\u00edveis. Para finalizar o roteiro solo pela Madeira, \u00e9 imprescind\u00edvel passar pelo menos um dia nas praias de Porto Santo e desfrutar do sol e da brisa do mar para relaxar.<\/p>\n<h2>Sobre a Ilha da Madeira<\/h2>\n<figure id=\"attachment_592\" aria-describedby=\"caption-attachment-592\" style=\"width: 728px\" class=\"wp-caption alignnone\"><img loading=\"lazy\" decoding=\"async\" class=\"wp-image-592 size-full\" title=\"(Foto: Andre Carvalho\/Divulga\u00e7\u00e3o)\" src=\"https:\/\/caetenews.com.br\/oquequee\/wp-content\/uploads\/2022\/11\/35c.jpg\" alt=\"Foto de Porto Santo, em ILha da Madeira\" width=\"728\" height=\"450\" srcset=\"https:\/\/caetenews.com.br\/oquequee\/wp-content\/uploads\/2022\/11\/35c.jpg 728w, https:\/\/caetenews.com.br\/oquequee\/wp-content\/uploads\/2022\/11\/35c-200x125.jpg 200w\" sizes=\"auto, (max-width: 728px) 100vw, 728px\" \/><figcaption id=\"caption-attachment-592\" class=\"wp-caption-text\">Porto Santo<\/figcaption><\/figure>\n<p>Considerado o melhor destino insular do mundo, a Madeira \u00e9 um pequeno para\u00edso portugu\u00eas situado em meio \u00e0 imensid\u00e3o do Oceano Atl\u00e2ntico. De origem vulc\u00e2nica, sua localiza\u00e7\u00e3o privilegiada proporciona clima ameno e mar com temperatura agrad\u00e1vel o ano inteiro, al\u00e9m de impressionantes cen\u00e1rios de montanhas, vales e penhascos, todos cobertos pela exuberante vegeta\u00e7\u00e3o Laurissilva, nomeada Patrim\u00f4nio Natural da Humanidade pela Unesco. O arquip\u00e9lago \u00e9 formado por um conjunto de ilhas, sendo Madeira e Porto Santo as principais e \u00fanicas habitadas. H\u00e1 excelentes op\u00e7\u00f5es em balne\u00e1rios, monumentos hist\u00f3ricos e \u00f3timos hot\u00e9is e restaurantes, onde se pode provar a deliciosa gastronomia e os premiados vinhos madeirenses. Para mais informa\u00e7\u00f5es acesse <a href=\"http:\/\/www.madeiraallyear.com\">www.madeiraallyear.com<\/a><\/p>\n","protected":false},"excerpt":{"rendered":"<p>Artigo de Destinos: Arquip\u00e9lago da Madeira em meio ao&#8230; A Ilha da Madeira, destino portugu\u00eas situado em meio ao Oceano Atl\u00e2ntico, \u00e9 ideal para viajar em qualquer \u00e9poca do ano e agrada todo tipo de perfil de viajante. Existem atra\u00e7\u00f5es para fam\u00edlias, casais, grupo de amigos e para quem est\u00e1 desacompanhado(a). Para quem viaja solo, [&hellip;]<\/p>\n","protected":false},"author":1,"featured_media":590,"comment_status":"closed","ping_status":"closed","sticky":false,"template":"","format":"standard","meta":{"_jetpack_memberships_contains_paid_content":false,"footnotes":""},"categories":[135],"tags":[136,137],"class_list":["post-586","post","type-post","status-publish","format-standard","has-post-thumbnail","hentry","category-onde-e","tag-arquipelago-da-madeira","tag-portugal"],"aioseo_notices":[],"jetpack_featured_media_url":"https:\/\/caetenews.com.br\/oquequee\/wp-content\/uploads\/2022\/11\/35a.jpg","jetpack_sharing_enabled":true,"_links":{"self":[{"href":"https:\/\/caetenews.com.br\/oquequee\/wp-json\/wp\/v2\/posts\/586","targetHints":{"allow":["GET"]}}],"collection":[{"href":"https:\/\/caetenews.com.br\/oquequee\/wp-json\/wp\/v2\/posts"}],"about":[{"href":"https:\/\/caetenews.com.br\/oquequee\/wp-json\/wp\/v2\/types\/post"}],"author":[{"embeddable":true,"href":"https:\/\/caetenews.com.br\/oquequee\/wp-json\/wp\/v2\/users\/1"}],"replies":[{"embeddable":true,"href":"https:\/\/caetenews.com.br\/oquequee\/wp-json\/wp\/v2\/comments?post=586"}],"version-history":[{"count":2,"href":"https:\/\/caetenews.com.br\/oquequee\/wp-json\/wp\/v2\/posts\/586\/revisions"}],"predecessor-version":[{"id":593,"href":"https:\/\/caetenews.com.br\/oquequee\/wp-json\/wp\/v2\/posts\/586\/revisions\/593"}],"wp:featuredmedia":[{"embeddable":true,"href":"https:\/\/caetenews.com.br\/oquequee\/wp-json\/wp\/v2\/media\/590"}],"wp:attachment":[{"href":"https:\/\/caetenews.com.br\/oquequee\/wp-json\/wp\/v2\/media?parent=586"}],"wp:term":[{"taxonomy":"category","embeddable":true,"href":"https:\/\/caetenews.com.br\/oquequee\/wp-json\/wp\/v2\/categories?post=586"},{"taxonomy":"post_tag","embeddable":true,"href":"https:\/\/caetenews.com.br\/oquequee\/wp-json\/wp\/v2\/tags?post=586"}],"curies":[{"name":"wp","href":"https:\/\/api.w.org\/{rel}","templated":true}]}}