{"id":95,"date":"2018-07-05T12:14:31","date_gmt":"2018-07-05T15:14:31","guid":{"rendered":"http:\/\/u514923296.hostingerapp.com\/?p=95"},"modified":"2018-07-12T15:20:28","modified_gmt":"2018-07-12T18:20:28","slug":"microcefalia-o-que-e","status":"publish","type":"post","link":"https:\/\/caetenews.com.br\/oquequee\/microcefalia-o-que-e\/","title":{"rendered":"Microcefalia &#8211; O que \u00e9"},"content":{"rendered":"<p>Microcefalia \u00e9 uma malforma\u00e7\u00e3o cong\u00eanita, em que o c\u00e9rebro n\u00e3o se desenvolve de maneira adequada. Essa malforma\u00e7\u00e3o cong\u00eanita pode ser efeito de uma s\u00e9rie de fatores de diferentes origens, como subst\u00e2ncias qu\u00edmicas e agentes biol\u00f3gicos (infecciosos), como bact\u00e9rias, v\u00edrus e radia\u00e7\u00e3o. A Organiza\u00e7\u00e3o Mundial da Sa\u00fade padroniza as defini\u00e7\u00f5es segundo os seguintes pontos de corte: microcefalia: rec\u00e9m-nascidos com um per\u00edmetro cef\u00e1lico inferior a 2 desvios-padr\u00e3o, ou seja, mais de 2 desvios-padr\u00e3o abaixo da m\u00e9dia para idade gestacional e sexo; microcefalia grave: rec\u00e9m-nascidos com um per\u00edmetro cef\u00e1lico inferior a 3 desvios-padr\u00e3o, ou seja, mais de 3 desvios-padr\u00e3o abaixo da m\u00e9dia para idade gestacional e sexo.<\/p>\n<p>O Minist\u00e9rio da Sa\u00fade confirmou a rela\u00e7\u00e3o entre o  <a href=\"http:\/\/u514923296.hostingerapp.com\/zika-o-que-e\/\">v\u00edrus Zika<\/a> e a microcefalia. O Instituto Evandro Chagas, \u00f3rg\u00e3o do minist\u00e9rio em Bel\u00e9m (PA), encaminhou o resultado de exames realizados em um beb\u00ea, nascida no Cear\u00e1, com microcefalia e outras malforma\u00e7\u00f5es cong\u00eanitas. Em amostras de sangue e tecidos, foi identificada a presen\u00e7a do v\u00edrus Zika. Essa \u00e9 uma situa\u00e7\u00e3o in\u00e9dita na pesquisa cient\u00edfica mundial. A Organiza\u00e7\u00e3o Mundial da Sa\u00fade (OMS) e o Centro de Preven\u00e7\u00e3o e Controle de Doen\u00e7as (CDC) dos Estados Unidos tamb\u00e9m confirmam a rela\u00e7\u00e3o. <\/p>\n<p>As investiga\u00e7\u00f5es sobre o tema, entretanto, continuam em andamento para esclarecer quest\u00f5es como a transmiss\u00e3o desse agente, a sua atua\u00e7\u00e3o no organismo humano, a infec\u00e7\u00e3o do feto e per\u00edodo de maior vulnerabilidade para a gestante. Em an\u00e1lise inicial, o risco est\u00e1 associado aos primeiros tr\u00eas meses de gravidez. O achado refor\u00e7a o chamado para uma mobiliza\u00e7\u00e3o nacional para conter o mosquito transmissor, o Aedes aegypti, respons\u00e1vel pela dissemina\u00e7\u00e3o doen\u00e7a.<\/p>\n<p><strong>Diagn\u00f3stico<\/strong><br \/>\nAp\u00f3s o nascimento do rec\u00e9m-nascido, o primeiro exame f\u00edsico \u00e9 rotina nos ber\u00e7\u00e1rios e deve ser feito em at\u00e9 24 horas do nascimento. A OMS recomenda que o per\u00edmetro cef\u00e1lico seja medido entre 24 horas ap\u00f3s o nascimento e at\u00e9 o 6\u00ba dia de vida. Este per\u00edodo \u00e9 um dos principais momentos para se realizar busca ativa de poss\u00edveis anomalias cong\u00eanitas. Entretanto, somente o m\u00e9dico que est\u00e1 acompanhando a gr\u00e1vida poder\u00e1 indicar o m\u00e9todo de imagem mais adequado. <\/p>\n<p>Ao nascimento, os beb\u00eas com suspeita de microcefalia ser\u00e3o submetidos a exame f\u00edsico e medi\u00e7\u00e3o do per\u00edmetro cef\u00e1lico. Eles ser\u00e3o submetidos a exames neurol\u00f3gicos e de imagem, sendo a Ultrassonografia Transfontanela a primeira op\u00e7\u00e3o indicada e a tomografia, quando a moleira estiver fechada. Entre os prematuros, s\u00e3o considerados microcef\u00e1licos os nascidos com per\u00edmetro cef\u00e1lico menor que dois desvios padr\u00f5es.<\/p>\n<p><strong>Tratamentro<\/strong><br \/>\nN\u00e3o h\u00e1 tratamento espec\u00edfico para a microcefalia. Existem a\u00e7\u00f5es de suporte que podem auxiliar no desenvolvimento do beb\u00ea e da crian\u00e7a, e este acompanhamento \u00e9 preconizado pelo Sistema \u00danico da Sa\u00fade (SUS). Para orientar o atendimento desde o pr\u00e9-natal at\u00e9 o desenvolvimento da crian\u00e7a com microcefalia, o Minist\u00e9rio da Sa\u00fade desenvolveu o Protocolo de Aten\u00e7\u00e3o \u00e0 Sa\u00fade e Resposta \u00e0 Ocorr\u00eancia de Microcefalia Relacionada \u00e0 Infec\u00e7\u00e3o pelo V\u00edrus Zika. O documento prev\u00ea a mobiliza\u00e7\u00e3o de gestores, especialistas e profissionais de sa\u00fade para promover a identifica\u00e7\u00e3o precoce e os cuidados especializados da gestante e do beb\u00ea.<\/p>\n<p>O Protocolo define tamb\u00e9m as diretrizes para a estimula\u00e7\u00e3o precoce dos nascidos com microcefalia. Todas as crian\u00e7as com esta malforma\u00e7\u00e3o cong\u00eanita confirmada dever\u00e3o ser inseridas no Programa de Estimula\u00e7\u00e3o Precoce, desde o nascimento at\u00e9 os tr\u00eas anos de idade, per\u00edodo em que o c\u00e9rebro se desenvolve mais rapidamente.<br \/>\nA estimula\u00e7\u00e3o precoce visa \u00e0 maximiza\u00e7\u00e3o do potencial de cada crian\u00e7a, englobando o crescimento f\u00edsico e a matura\u00e7\u00e3o neurol\u00f3gica, comportamental, cognitiva, social e afetiva, que poder\u00e3o ser prejudicados pela microcefalia.<br \/>\nOs nascidos com microcefalia receber\u00e3o a estimula\u00e7\u00e3o precoce em servi\u00e7os de reabilita\u00e7\u00e3o distribu\u00eddos em todo o pa\u00eds, nos Centros Especializado de Reabilita\u00e7\u00e3o (CER), N\u00facleo de Apoio \u00e0 Sa\u00fade da Fam\u00edlia (NASF) e Ambulat\u00f3rios de Seguimento de Rec\u00e9m-Nascidos.<br \/>\n<strong>Fonte:<\/strong><em> Minist\u00e9rio da Sa\u00fade<\/em><\/p>\n","protected":false},"excerpt":{"rendered":"<p>Microcefalia \u00e9 uma malforma\u00e7\u00e3o cong\u00eanita, em que o c\u00e9rebro n\u00e3o se desenvolve de maneira adequada. Essa malforma\u00e7\u00e3o cong\u00eanita pode ser efeito de uma s\u00e9rie de fatores de diferentes origens, como subst\u00e2ncias qu\u00edmicas e agentes biol\u00f3gicos (infecciosos), como bact\u00e9rias, v\u00edrus e radia\u00e7\u00e3o. A Organiza\u00e7\u00e3o Mundial da Sa\u00fade padroniza as defini\u00e7\u00f5es segundo os seguintes pontos de corte: [&hellip;]<\/p>\n","protected":false},"author":1,"featured_media":0,"comment_status":"closed","ping_status":"closed","sticky":false,"template":"","format":"standard","meta":{"_jetpack_memberships_contains_paid_content":false,"footnotes":""},"categories":[1,5],"tags":[],"class_list":["post-95","post","type-post","status-publish","format-standard","hentry","category-geral","category-o-que-e"],"aioseo_notices":[],"jetpack_featured_media_url":"","jetpack_sharing_enabled":true,"_links":{"self":[{"href":"https:\/\/caetenews.com.br\/oquequee\/wp-json\/wp\/v2\/posts\/95","targetHints":{"allow":["GET"]}}],"collection":[{"href":"https:\/\/caetenews.com.br\/oquequee\/wp-json\/wp\/v2\/posts"}],"about":[{"href":"https:\/\/caetenews.com.br\/oquequee\/wp-json\/wp\/v2\/types\/post"}],"author":[{"embeddable":true,"href":"https:\/\/caetenews.com.br\/oquequee\/wp-json\/wp\/v2\/users\/1"}],"replies":[{"embeddable":true,"href":"https:\/\/caetenews.com.br\/oquequee\/wp-json\/wp\/v2\/comments?post=95"}],"version-history":[{"count":5,"href":"https:\/\/caetenews.com.br\/oquequee\/wp-json\/wp\/v2\/posts\/95\/revisions"}],"predecessor-version":[{"id":114,"href":"https:\/\/caetenews.com.br\/oquequee\/wp-json\/wp\/v2\/posts\/95\/revisions\/114"}],"wp:attachment":[{"href":"https:\/\/caetenews.com.br\/oquequee\/wp-json\/wp\/v2\/media?parent=95"}],"wp:term":[{"taxonomy":"category","embeddable":true,"href":"https:\/\/caetenews.com.br\/oquequee\/wp-json\/wp\/v2\/categories?post=95"},{"taxonomy":"post_tag","embeddable":true,"href":"https:\/\/caetenews.com.br\/oquequee\/wp-json\/wp\/v2\/tags?post=95"}],"curies":[{"name":"wp","href":"https:\/\/api.w.org\/{rel}","templated":true}]}}