{"id":99,"date":"2018-07-05T12:43:04","date_gmt":"2018-07-05T15:43:04","guid":{"rendered":"http:\/\/u514923296.hostingerapp.com\/?p=99"},"modified":"2018-07-12T15:21:22","modified_gmt":"2018-07-12T18:21:22","slug":"malaria-o-que-e","status":"publish","type":"post","link":"https:\/\/caetenews.com.br\/oquequee\/malaria-o-que-e\/","title":{"rendered":"Mal\u00e1ria &#8211; O que \u00e9"},"content":{"rendered":"<p>A mal\u00e1ria \u00e9 uma causada por protozo\u00e1rios transmitidos pela f\u00eamea infectada do mosquito Anopheles. No Brasil, a maioria dos casos da doen\u00e7a se concentra na regi\u00e3o Amaz\u00f4nica, o que n\u00e3o descarta a possibilidade da ocorr\u00eancia da mal\u00e1ria em outras partes do pa\u00eds, como em Minas Gerais. A cura \u00e9 poss\u00edvel se a doen\u00e7a for tratada em tempo oportuno e de forma adequada. Contudo, a mal\u00e1ria pode evoluir para forma grave e para \u00f3bito.<br \/>\nSintomas<\/p>\n<p>Os sintomas s\u00e3o febre alta, calafrios, tremores, sudorese e dor de cabe\u00e7a, que podem ocorrer de forma c\u00edclica. Muitas pessoas, antes de apresentarem estas manifesta\u00e7\u00f5es mais caracter\u00edsticas, sentem n\u00e1useas, v\u00f4mitos, cansa\u00e7o e falta de apetite. A mal\u00e1ria grave caracteriza-se pelo aparecimento de um ou mais destes sintomas: prostra\u00e7\u00e3o, altera\u00e7\u00e3o da consci\u00eancia, dispn\u00e9ia ou hiperventila\u00e7\u00e3o, convuls\u00f5es, hipotens\u00e3o arterial ou choque, hemorragias, entre outros sinais.<br \/>\nToda pessoa pode contrair a mal\u00e1ria. Indiv\u00edduos que tiveram v\u00e1rios epis\u00f3dios de mal\u00e1ria podem atingir um estado de imunidade parcial, apresentando poucos ou mesmo nenhum sintoma no caso de uma nova infec\u00e7\u00e3o.<\/p>\n<p><strong>Transmiss\u00e3o<\/strong><br \/>\nA mal\u00e1ria \u00e9 transmitida por meio da picada da f\u00eamea do mosquito Anopheles, infectada por Plasmodium, um tipo de protozo\u00e1rio. Estes mosquitos s\u00e3o mais abundantes ao entardecer e ao amanhecer. Todavia, s\u00e3o encontrados picando durante todo o per\u00edodo noturno, em menor quantidade. A mal\u00e1ria n\u00e3o \u00e9 uma doen\u00e7a contagiosa. Ou seja, uma pessoa doente n\u00e3o \u00e9 capaz de transmitir a doen\u00e7a diretamente a outra pessoa. \u00c9 necess\u00e1rio o vetor para realizar a transmiss\u00e3o. Apenas as f\u00eameas de mosquitos do g\u00eanero Anopheles s\u00e3o capazes de transmitir a mal\u00e1ria.<\/p>\n<p><strong>Preven\u00e7\u00e3o<\/strong><br \/>\nEntre as medidas de preven\u00e7\u00e3o individual est\u00e3o: uso de mosquiteiros, roupas que protejam pernas e bra\u00e7os, telas em portas e janelas e uso de repelentes. J\u00e1 as medidas de preven\u00e7\u00e3o coletiva contra mal\u00e1ria s\u00e3o borrifa\u00e7\u00e3o intradomiciliar, uso de mosquiteiros, drenagem, pequenas obras de saneamento para elimina\u00e7\u00e3o de criadouros do vetor, aterro, limpeza das margens dos criadouros, modifica\u00e7\u00e3o do fluxo da \u00e1gua, controle da vegeta\u00e7\u00e3o aqu\u00e1tica, melhoramento da moradia e das condi\u00e7\u00f5es de trabalho e uso racional da terra.<br \/>\nObserva\u00e7\u00e3o: N\u00e3o existe vacina contra a mal\u00e1ria. Algumas subst\u00e2ncias capazes de gerar imunidade foram desenvolvidas e estudadas, mas os resultados encontrados ainda n\u00e3o s\u00e3o satisfat\u00f3rios para a implanta\u00e7\u00e3o da vacina\u00e7\u00e3o.<\/p>\n<p><strong>Tratamento<\/strong><br \/>\nO tratamento deve ser iniciado imediatamente ap\u00f3s o in\u00edcio dos sintomas, uma vez que o atraso est\u00e1 associado a um maior risco de gravidade e \u00f3bito. O tratamento indicado depende de alguns fatores, como a esp\u00e9cie do protozo\u00e1rio infectante; a idade do paciente; condi\u00e7\u00f5es associadas, tais como gravidez e outros problemas de sa\u00fade; al\u00e9m da gravidade da doen\u00e7a. O tratamento \u00e9 oferecido pelo Sistema \u00danico de Sa\u00fade (SUS), em todo o territ\u00f3rio nacional, e \u00e9 realizado sob supervis\u00e3o m\u00e9dica, com a prescri\u00e7\u00e3o de medicamentos antimal\u00e1ricos que devem ser administrados diariamente at\u00e9 o final do tratamento, sem interrup\u00e7\u00f5es, para evitar que outras formas mais graves da doen\u00e7a se manifestem. Quando realizado de maneira correta, o tratamento da mal\u00e1ria garante a cura da doen\u00e7a.<br \/>\n<a href=\"http:\/\/saude.mg.gov.br\"><em>Fonte: Secretaria de Estado de Sa\u00fade de MG<\/em><\/a><\/p>\n","protected":false},"excerpt":{"rendered":"<p>A mal\u00e1ria \u00e9 uma causada por protozo\u00e1rios transmitidos pela f\u00eamea infectada do mosquito Anopheles. No Brasil, a maioria dos casos da doen\u00e7a se concentra na regi\u00e3o Amaz\u00f4nica, o que n\u00e3o descarta a possibilidade da ocorr\u00eancia da mal\u00e1ria em outras partes do pa\u00eds, como em Minas Gerais. A cura \u00e9 poss\u00edvel se a doen\u00e7a for tratada [&hellip;]<\/p>\n","protected":false},"author":1,"featured_media":0,"comment_status":"closed","ping_status":"closed","sticky":false,"template":"","format":"standard","meta":{"_jetpack_memberships_contains_paid_content":false,"footnotes":""},"categories":[1],"tags":[],"class_list":["post-99","post","type-post","status-publish","format-standard","hentry","category-geral"],"aioseo_notices":[],"jetpack_featured_media_url":"","jetpack_sharing_enabled":true,"_links":{"self":[{"href":"https:\/\/caetenews.com.br\/oquequee\/wp-json\/wp\/v2\/posts\/99","targetHints":{"allow":["GET"]}}],"collection":[{"href":"https:\/\/caetenews.com.br\/oquequee\/wp-json\/wp\/v2\/posts"}],"about":[{"href":"https:\/\/caetenews.com.br\/oquequee\/wp-json\/wp\/v2\/types\/post"}],"author":[{"embeddable":true,"href":"https:\/\/caetenews.com.br\/oquequee\/wp-json\/wp\/v2\/users\/1"}],"replies":[{"embeddable":true,"href":"https:\/\/caetenews.com.br\/oquequee\/wp-json\/wp\/v2\/comments?post=99"}],"version-history":[{"count":2,"href":"https:\/\/caetenews.com.br\/oquequee\/wp-json\/wp\/v2\/posts\/99\/revisions"}],"predecessor-version":[{"id":115,"href":"https:\/\/caetenews.com.br\/oquequee\/wp-json\/wp\/v2\/posts\/99\/revisions\/115"}],"wp:attachment":[{"href":"https:\/\/caetenews.com.br\/oquequee\/wp-json\/wp\/v2\/media?parent=99"}],"wp:term":[{"taxonomy":"category","embeddable":true,"href":"https:\/\/caetenews.com.br\/oquequee\/wp-json\/wp\/v2\/categories?post=99"},{"taxonomy":"post_tag","embeddable":true,"href":"https:\/\/caetenews.com.br\/oquequee\/wp-json\/wp\/v2\/tags?post=99"}],"curies":[{"name":"wp","href":"https:\/\/api.w.org\/{rel}","templated":true}]}}