{"id":64,"date":"2017-02-26T15:25:12","date_gmt":"2017-02-26T18:25:12","guid":{"rendered":"http:\/\/caetenews.com.br\/blog2\/planetaagua\/?p=64"},"modified":"2017-02-26T15:25:12","modified_gmt":"2017-02-26T18:25:12","slug":"poluicao-das-aguas-subterraneas","status":"publish","type":"post","link":"https:\/\/caetenews.com.br\/planetaagua\/poluicao-das-aguas-subterraneas\/","title":{"rendered":"Polui\u00e7\u00e3o das \u00c1guas Subterr\u00e2neas"},"content":{"rendered":"<p>A polui\u00e7\u00e3o das \u00e1guas, h\u00e1 poucas d\u00e9cadas, n\u00e3o era motivo de preocupa\u00e7\u00e3o para a sociedade brasileira. Afinal, crescemos ouvindo dizer que o Brasil possu\u00eda os maiores rios do mundo. A \u00e1gua jorrava em abund\u00e2ncia na maioria absoluta das cidades. Apenas na regi\u00e3o Nordeste a seca afligia os habitantes e originava a migra\u00e7\u00e3o das popula\u00e7\u00f5es locais para os grandes centros.<\/p>\n<p>Foi na d\u00e9cada de setenta, com o incremento da industrializa\u00e7\u00e3o do pa\u00eds que surgiram os primeiros casos. A polui\u00e7\u00e3o de rios suscitava sentimentos de revolta e aceita\u00e7\u00e3o , esta, talvez por necessidade de gerar empregos. Na legisla\u00e7\u00e3o ent\u00e3o existente, procuravam os promotores p\u00fablicos cercear a atividade poluidora atrav\u00e9s de a\u00e7\u00f5es criminais, fundadas no c\u00f3digo penal ( corrup\u00e7\u00e3o ou polui\u00e7\u00e3o de \u00e1gua pot\u00e1vel ) n\u00e3o havia a Lei da A\u00e7\u00e3o P\u00fablica e a constitui\u00e7\u00e3o vigente era a de 1.967. Foi na d\u00e9cada de oitenta por meio de a\u00e7\u00f5es civis p\u00fablicas, que o quadro come\u00e7ou a mudar. A constitui\u00e7\u00e3o de 1.998 foi um avan\u00e7o consider\u00e1vel, depois vieram as Leis 9.433\/97, dos recursos h\u00eddricos, e a 9.605\/98, que trata dos crimes ambientais, sendo esta decisiva.<\/p>\n<p>Se a despreocupa\u00e7\u00e3o com as \u00e1guas era a rotina, o descaso com as \u00e1guas subterr\u00e2neas representam 97% do volume de \u00e1gua doce do planeta, exclu\u00eddas as geleiras e as calotas polares.<\/p>\n<p>O interesse e a explora\u00e7\u00e3o das \u00e1guas subterr\u00e2neas \u00e9 recente e passa pela polui\u00e7\u00e3o dos rios e lagos em raz\u00e3o da polui\u00e7\u00e3o industrial. Este interesse n\u00e3o \u00e9 simplesmente ambiental, mas tamb\u00e9m econ\u00f4mico. Ele vai da explora\u00e7\u00e3o das \u00e1guas minerais a perfura\u00e7\u00e3o de po\u00e7os artesianos passando pela anunciada cobran\u00e7a dos recursos h\u00eddricos.<\/p>\n<p>As \u00e1guas subterr\u00e2neas est\u00e3o mais protegidas da polui\u00e7\u00e3o que as superficiais todavia, elas v\u00eam sendo atingidas cada vez com maior intensidade. S\u00e3o os dep\u00f3sitos irregulares de lixo, vazamento de oleodutos, insumos agr\u00edcolas, fossas s\u00e9pticas, abertura indiscriminada de po\u00e7os e outras tantas formas.<\/p>\n<p>\u00c9 preciso ter cuidado com as \u00e1guas subterr\u00e2neas.<\/p>\n<p>A Constitui\u00e7\u00e3o Federal de 1 .998, refere &#8211; se as \u00e1guas subterr\u00e2neas no art. 26 inciso I, para afirmar que elas se incluem entre os bens do Estado. A quest\u00e3o se torna mais complexa, quando elas se estendam por mais de um Estado. Veja o caso do aqu\u00edfero Guarani, apontado como reservat\u00f3rio estrat\u00e9g\u00ecco do Mercosul. Sua import\u00e2ncia \u00e9 ineg\u00e1vel, pois se estende por 840 mil Km\u00b2 abrangendo sete estados brasileiros ( MS &#8211; MG &#8211; GO &#8211; SP &#8211; PR &#8211; SC &#8211; RS ) e alcan\u00e7ando Argentina, Paraguai e Uruguai.<\/p>\n<p>Imagina &#8211; se que um dos estados proceda de modo inadequado e venha a causar danos as reservas de \u00e1gua subterr\u00e2nea de outro, ou at\u00e9 mesmo a um dos pa\u00edses fronteiri\u00e7os.<\/p>\n<p>\u00c9 necess\u00e1rio que os pa\u00edses do Cone Sul estabele\u00e7am um consenso para a gest\u00e3o ambiental do grande reservat\u00f3rio.<\/p>\n","protected":false},"excerpt":{"rendered":"<p>A polui\u00e7\u00e3o das \u00e1guas, h\u00e1 poucas d\u00e9cadas, n\u00e3o era motivo de preocupa\u00e7\u00e3o para a sociedade brasileira. Afinal, crescemos ouvindo dizer que o Brasil possu\u00eda os maiores rios do mundo. A \u00e1gua jorrava em abund\u00e2ncia na maioria absoluta das cidades. Apenas na regi\u00e3o Nordeste a seca afligia os habitantes e originava a migra\u00e7\u00e3o das popula\u00e7\u00f5es locais [&hellip;]<\/p>\n","protected":false},"author":1,"featured_media":0,"comment_status":"closed","ping_status":"closed","sticky":false,"template":"","format":"standard","meta":{"om_disable_all_campaigns":false,"_monsterinsights_skip_tracking":false,"_monsterinsights_sitenote_active":false,"_monsterinsights_sitenote_note":"","_monsterinsights_sitenote_category":0,"footnotes":""},"categories":[1],"tags":[2,20,10],"class_list":["post-64","post","type-post","status-publish","format-standard","hentry","category-sem-categoria","tag-agua","tag-aguas-subterraneas","tag-poluicao"],"aioseo_notices":[],"_links":{"self":[{"href":"https:\/\/caetenews.com.br\/planetaagua\/wp-json\/wp\/v2\/posts\/64","targetHints":{"allow":["GET"]}}],"collection":[{"href":"https:\/\/caetenews.com.br\/planetaagua\/wp-json\/wp\/v2\/posts"}],"about":[{"href":"https:\/\/caetenews.com.br\/planetaagua\/wp-json\/wp\/v2\/types\/post"}],"author":[{"embeddable":true,"href":"https:\/\/caetenews.com.br\/planetaagua\/wp-json\/wp\/v2\/users\/1"}],"replies":[{"embeddable":true,"href":"https:\/\/caetenews.com.br\/planetaagua\/wp-json\/wp\/v2\/comments?post=64"}],"version-history":[{"count":1,"href":"https:\/\/caetenews.com.br\/planetaagua\/wp-json\/wp\/v2\/posts\/64\/revisions"}],"predecessor-version":[{"id":65,"href":"https:\/\/caetenews.com.br\/planetaagua\/wp-json\/wp\/v2\/posts\/64\/revisions\/65"}],"wp:attachment":[{"href":"https:\/\/caetenews.com.br\/planetaagua\/wp-json\/wp\/v2\/media?parent=64"}],"wp:term":[{"taxonomy":"category","embeddable":true,"href":"https:\/\/caetenews.com.br\/planetaagua\/wp-json\/wp\/v2\/categories?post=64"},{"taxonomy":"post_tag","embeddable":true,"href":"https:\/\/caetenews.com.br\/planetaagua\/wp-json\/wp\/v2\/tags?post=64"}],"curies":[{"name":"wp","href":"https:\/\/api.w.org\/{rel}","templated":true}]}}