{"id":10996,"date":"2024-12-20T11:31:56","date_gmt":"2024-12-20T14:31:56","guid":{"rendered":"https:\/\/caetenews.com.br\/semana\/?p=10996"},"modified":"2024-12-20T11:31:56","modified_gmt":"2024-12-20T14:31:56","slug":"as-convidadas-do-rei-dira-paes-leticia-colin-e-sophie-charlotte","status":"publish","type":"post","link":"https:\/\/caetenews.com.br\/semana\/as-convidadas-do-rei-dira-paes-leticia-colin-e-sophie-charlotte\/","title":{"rendered":"As convidadas do Rei: Dira Paes, Let\u00edcia Colin e Sophie Charlotte"},"content":{"rendered":"<figure id=\"attachment_10997\" aria-describedby=\"caption-attachment-10997\" style=\"width: 728px\" class=\"wp-caption alignnone\"><img data-recalc-dims=\"1\" fetchpriority=\"high\" decoding=\"async\" data-attachment-id=\"10997\" data-permalink=\"https:\/\/caetenews.com.br\/semana\/as-convidadas-do-rei-dira-paes-leticia-colin-e-sophie-charlotte\/attachment\/40594\/\" data-orig-file=\"https:\/\/i0.wp.com\/caetenews.com.br\/semana\/wp-content\/uploads\/2024\/12\/40594.jpg?fit=728%2C410&amp;ssl=1\" data-orig-size=\"728,410\" data-comments-opened=\"0\" data-image-meta=\"{&quot;aperture&quot;:&quot;0&quot;,&quot;credit&quot;:&quot;&quot;,&quot;camera&quot;:&quot;&quot;,&quot;caption&quot;:&quot;&quot;,&quot;created_timestamp&quot;:&quot;0&quot;,&quot;copyright&quot;:&quot;&quot;,&quot;focal_length&quot;:&quot;0&quot;,&quot;iso&quot;:&quot;0&quot;,&quot;shutter_speed&quot;:&quot;0&quot;,&quot;title&quot;:&quot;&quot;,&quot;orientation&quot;:&quot;0&quot;}\" data-image-title=\"As convidadas do Rei\" data-image-description=\"\" data-image-caption=\"&lt;p&gt;As convidadas do Rei&lt;\/p&gt;\n\" data-large-file=\"https:\/\/i0.wp.com\/caetenews.com.br\/semana\/wp-content\/uploads\/2024\/12\/40594.jpg?fit=728%2C410&amp;ssl=1\" class=\"wp-image-10997 size-full\" title=\"Foto: Globo\/Bob Paulino\" src=\"https:\/\/i0.wp.com\/caetenews.com.br\/semana\/wp-content\/uploads\/2024\/12\/40594.jpg?resize=728%2C410&#038;ssl=1\" alt=\"Foto em As convidadas do Rei\" width=\"728\" height=\"410\" \/><figcaption id=\"caption-attachment-10997\" class=\"wp-caption-text\">As convidadas do Rei<\/figcaption><\/figure>\n<p>No show do Allianz Parque, as atrizes Sophie Charlotte, Leticia Colin, Dira Paes subiram juntas ao palco para cantar ao lado de Roberto Carlos<\/p>\n<p>Receber atrizes para celebrar o Especial de fim de ano j\u00e1 virou uma tradi\u00e7\u00e3o do Rei. E neste ano, edi\u00e7\u00e3o que comemora os 50 anos da parceria entre a Globo e Roberto Carlos, n\u00e3o poderia ser diferente. Nesta sexta-feira, dia 20, o p\u00fablico assiste Dira Paes, Let\u00edcia Colin e Sophie Charlotte subirem ao palco do Allianz Parque para cantar ao lado de Roberto no \u2018RC 50\u2019 nesta sexta, dia 20.<\/p>\n<p>O programa conta com outros convidados especiais que fizeram parte da vida e da carreira do Rei. Al\u00e9m do trio, Roberto tamb\u00e9m canta com Gilberto Gil, Zeca Pagodinho, Wanderl\u00e9a, Chit\u00e3ozinho &amp; Xoror\u00f3, Paulo Ricardo, Jo\u00e3o Barone e Frejat. O \u2018RC 50\u2019 vai ao ar em 20 de dezembro na TV Globo, logo ap\u00f3s \u2018Mania de Voc\u00ea\u2019, e tem produ\u00e7\u00e3o de Maiana Timoner e Rodrigo Tapias, dire\u00e7\u00e3o geral de Ang\u00e9lica Campos e dire\u00e7\u00e3o de g\u00eanero de Boninho.<\/p>\n<h2>Resumos de novelas:<\/h2>\n<div class=\"pt-cv-wrapper\"><div class=\"pt-cv-view pt-cv-grid pt-cv-colsys\" id=\"pt-cv-view-c6a7eef2p9\"><div data-id=\"pt-cv-page-1\" class=\"pt-cv-page\" data-cvc=\"2\"><div class=\"col-md-6 col-sm-6 col-xs-12 pt-cv-content-item pt-cv-1-col\" ><div class='pt-cv-ifield'><a href=\"https:\/\/caetenews.com.br\/semana\/resumos-de-novelas-tres-gracas\/\" class=\"_self pt-cv-href-thumbnail pt-cv-thumb-default\" target=\"_self\" ><img decoding=\"async\" width=\"728\" height=\"409\" src=\"https:\/\/i0.wp.com\/caetenews.com.br\/semana\/wp-content\/uploads\/2025\/10\/12235.jpg?fit=728%2C409&amp;ssl=1\" class=\"pt-cv-thumbnail\" alt=\"Foto em Resumos de Novelas: Tr\u00eas Gra\u00e7as\" data-attachment-id=\"46537\" data-permalink=\"https:\/\/caetenews.com.br\/semana\/?attachment_id=46537\" data-orig-file=\"https:\/\/i0.wp.com\/caetenews.com.br\/semana\/wp-content\/uploads\/2025\/10\/12235.jpg?fit=728%2C409&amp;ssl=1\" data-orig-size=\"728,409\" data-comments-opened=\"0\" data-image-meta=\"{&quot;aperture&quot;:&quot;0&quot;,&quot;credit&quot;:&quot;&quot;,&quot;camera&quot;:&quot;&quot;,&quot;caption&quot;:&quot;&quot;,&quot;created_timestamp&quot;:&quot;0&quot;,&quot;copyright&quot;:&quot;&quot;,&quot;focal_length&quot;:&quot;0&quot;,&quot;iso&quot;:&quot;0&quot;,&quot;shutter_speed&quot;:&quot;0&quot;,&quot;title&quot;:&quot;&quot;,&quot;orientation&quot;:&quot;0&quot;}\" data-image-title=\"Tr\u00eas Gra\u00e7as\" data-image-description=\"\" data-image-caption=\"&lt;p&gt;Resumos de Novelas: Tr\u00eas Gra\u00e7as&lt;\/p&gt;\n\" data-large-file=\"https:\/\/i0.wp.com\/caetenews.com.br\/semana\/wp-content\/uploads\/2025\/10\/12235.jpg?fit=728%2C409&amp;ssl=1\" \/><\/a>\n<h4 class=\"pt-cv-title\"><a href=\"https:\/\/caetenews.com.br\/semana\/resumos-de-novelas-tres-gracas\/\" class=\"_self\" target=\"_self\" >Resumos de Novelas: Tr\u00eas Gra\u00e7as<\/a><\/h4><\/div><\/div>\n<div class=\"col-md-6 col-sm-6 col-xs-12 pt-cv-content-item pt-cv-1-col\" ><div class='pt-cv-ifield'><a href=\"https:\/\/caetenews.com.br\/semana\/resumos-de-novela-eta-mundo-melhor-de-30-06-a-05-de-julho\/\" class=\"_self pt-cv-href-thumbnail pt-cv-thumb-default\" target=\"_self\" ><img decoding=\"async\" width=\"728\" height=\"410\" src=\"https:\/\/i0.wp.com\/caetenews.com.br\/semana\/wp-content\/uploads\/2025\/06\/12774.jpg?fit=728%2C410&amp;ssl=1\" class=\"pt-cv-thumbnail\" alt=\"Foto em Resumos da Semana de \u00cata Mundo Melhor!\" data-attachment-id=\"46925\" data-permalink=\"https:\/\/caetenews.com.br\/semana\/resumos-de-novela-eta-mundo-melhor-de-30-06-a-05-de-julho\/attachment\/12774\/\" data-orig-file=\"https:\/\/i0.wp.com\/caetenews.com.br\/semana\/wp-content\/uploads\/2025\/06\/12774.jpg?fit=728%2C410&amp;ssl=1\" data-orig-size=\"728,410\" data-comments-opened=\"0\" data-image-meta=\"{&quot;aperture&quot;:&quot;0&quot;,&quot;credit&quot;:&quot;&quot;,&quot;camera&quot;:&quot;&quot;,&quot;caption&quot;:&quot;&quot;,&quot;created_timestamp&quot;:&quot;0&quot;,&quot;copyright&quot;:&quot;&quot;,&quot;focal_length&quot;:&quot;0&quot;,&quot;iso&quot;:&quot;0&quot;,&quot;shutter_speed&quot;:&quot;0&quot;,&quot;title&quot;:&quot;&quot;,&quot;orientation&quot;:&quot;0&quot;}\" data-image-title=\"\u00cata Mundo Melhor\" data-image-description=\"\" data-image-caption=\"&lt;p&gt;Foto em Resumos da Semana de \u00cata Mundo Melhor!&lt;\/p&gt;\n\" data-large-file=\"https:\/\/i0.wp.com\/caetenews.com.br\/semana\/wp-content\/uploads\/2025\/06\/12774.jpg?fit=728%2C410&amp;ssl=1\" \/><\/a>\n<h4 class=\"pt-cv-title\"><a href=\"https:\/\/caetenews.com.br\/semana\/resumos-de-novela-eta-mundo-melhor-de-30-06-a-05-de-julho\/\" class=\"_self\" target=\"_self\" >Resumos de novela: \u00cata Mundo Melhor!<\/a><\/h4><\/div><\/div>\n<div class=\"col-md-6 col-sm-6 col-xs-12 pt-cv-content-item pt-cv-1-col\" ><div class='pt-cv-ifield'><a href=\"https:\/\/caetenews.com.br\/semana\/resumos-de-novelas-dona-de-mim-12-a-17-5\/\" class=\"_self pt-cv-href-thumbnail pt-cv-thumb-default\" target=\"_self\" ><img loading=\"lazy\" decoding=\"async\" width=\"728\" height=\"409\" src=\"https:\/\/i0.wp.com\/caetenews.com.br\/semana\/wp-content\/uploads\/2025\/05\/11136b.jpg?fit=728%2C409&amp;ssl=1\" class=\"pt-cv-thumbnail\" alt=\"Foto em Resumos de Novelas: Dona de Mim\" data-attachment-id=\"11896\" data-permalink=\"https:\/\/caetenews.com.br\/semana\/resumos-de-novelas-dona-de-mim-12-a-17-5\/11136b\/\" data-orig-file=\"https:\/\/i0.wp.com\/caetenews.com.br\/semana\/wp-content\/uploads\/2025\/05\/11136b.jpg?fit=728%2C409&amp;ssl=1\" data-orig-size=\"728,409\" data-comments-opened=\"0\" data-image-meta=\"{&quot;aperture&quot;:&quot;0&quot;,&quot;credit&quot;:&quot;&quot;,&quot;camera&quot;:&quot;&quot;,&quot;caption&quot;:&quot;&quot;,&quot;created_timestamp&quot;:&quot;0&quot;,&quot;copyright&quot;:&quot;&quot;,&quot;focal_length&quot;:&quot;0&quot;,&quot;iso&quot;:&quot;0&quot;,&quot;shutter_speed&quot;:&quot;0&quot;,&quot;title&quot;:&quot;&quot;,&quot;orientation&quot;:&quot;0&quot;}\" data-image-title=\"Dona de Mim\" data-image-description=\"\" data-image-caption=\"\" data-large-file=\"https:\/\/i0.wp.com\/caetenews.com.br\/semana\/wp-content\/uploads\/2025\/05\/11136b.jpg?fit=728%2C409&amp;ssl=1\" \/><\/a>\n<h4 class=\"pt-cv-title\"><a href=\"https:\/\/caetenews.com.br\/semana\/resumos-de-novelas-dona-de-mim-12-a-17-5\/\" class=\"_self\" target=\"_self\" >Resumos de Novela: Dona de Mim<\/a><\/h4><\/div><\/div>\n<div class=\"col-md-6 col-sm-6 col-xs-12 pt-cv-content-item pt-cv-1-col\" ><div class='pt-cv-ifield'><a href=\"https:\/\/caetenews.com.br\/semana\/onde-assistir-os-jogos-da-libertadores-e-sul-americana\/\" class=\"_self pt-cv-href-thumbnail pt-cv-thumb-default\" target=\"_self\" ><img loading=\"lazy\" decoding=\"async\" width=\"728\" height=\"410\" src=\"https:\/\/i0.wp.com\/caetenews.com.br\/semana\/wp-content\/uploads\/2025\/04\/10784.jpg?fit=728%2C410&amp;ssl=1\" class=\"pt-cv-thumbnail\" alt=\"Foto em Onde assistir os Jogos da Libertadores e Sul-Americana\" data-attachment-id=\"11533\" data-permalink=\"https:\/\/caetenews.com.br\/semana\/onde-assistir-os-jogos-da-libertadores-e-sul-americana\/attachment\/10784\/\" data-orig-file=\"https:\/\/i0.wp.com\/caetenews.com.br\/semana\/wp-content\/uploads\/2025\/04\/10784.jpg?fit=728%2C410&amp;ssl=1\" data-orig-size=\"728,410\" data-comments-opened=\"0\" data-image-meta=\"{&quot;aperture&quot;:&quot;0&quot;,&quot;credit&quot;:&quot;&quot;,&quot;camera&quot;:&quot;&quot;,&quot;caption&quot;:&quot;&quot;,&quot;created_timestamp&quot;:&quot;0&quot;,&quot;copyright&quot;:&quot;&quot;,&quot;focal_length&quot;:&quot;0&quot;,&quot;iso&quot;:&quot;0&quot;,&quot;shutter_speed&quot;:&quot;0&quot;,&quot;title&quot;:&quot;&quot;,&quot;orientation&quot;:&quot;0&quot;}\" data-image-title=\"Libertadores\" data-image-description=\"\" data-image-caption=\"&lt;p&gt;Onde assistir os Jogos da Libertadores e Sul-Americana&lt;\/p&gt;\n\" data-large-file=\"https:\/\/i0.wp.com\/caetenews.com.br\/semana\/wp-content\/uploads\/2025\/04\/10784.jpg?fit=728%2C410&amp;ssl=1\" \/><\/a>\n<h4 class=\"pt-cv-title\"><a href=\"https:\/\/caetenews.com.br\/semana\/onde-assistir-os-jogos-da-libertadores-e-sul-americana\/\" class=\"_self\" target=\"_self\" >Onde assistir os Jogos da Libertadores e Sul-Americana<\/a><\/h4><\/div><\/div>\n<div class=\"col-md-6 col-sm-6 col-xs-12 pt-cv-content-item pt-cv-1-col\" ><div class='pt-cv-ifield'><a href=\"https:\/\/caetenews.com.br\/semana\/filmes-da-semana-na-tv\/\" class=\"_self pt-cv-href-thumbnail pt-cv-thumb-default\" target=\"_self\" ><img loading=\"lazy\" decoding=\"async\" width=\"420\" height=\"236\" src=\"https:\/\/i0.wp.com\/caetenews.com.br\/semana\/wp-content\/uploads\/2017\/02\/filmes433_odiabovesteprada.jpg?fit=420%2C236&amp;ssl=1\" class=\"pt-cv-thumbnail\" alt=\"Foto de O Diabo Veste Prada, em Filmes na TV\" srcset=\"https:\/\/i0.wp.com\/caetenews.com.br\/semana\/wp-content\/uploads\/2017\/02\/filmes433_odiabovesteprada.jpg?w=420&amp;ssl=1 420w, https:\/\/i0.wp.com\/caetenews.com.br\/semana\/wp-content\/uploads\/2017\/02\/filmes433_odiabovesteprada.jpg?resize=300%2C169&amp;ssl=1 300w\" sizes=\"(max-width: 420px) 100vw, 420px\" data-attachment-id=\"750\" data-permalink=\"https:\/\/caetenews.com.br\/semana\/filmes-da-semana-na-tv\/filmes433_odiabovesteprada\/\" data-orig-file=\"https:\/\/i0.wp.com\/caetenews.com.br\/semana\/wp-content\/uploads\/2017\/02\/filmes433_odiabovesteprada.jpg?fit=420%2C236&amp;ssl=1\" data-orig-size=\"420,236\" data-comments-opened=\"1\" data-image-meta=\"{&quot;aperture&quot;:&quot;0&quot;,&quot;credit&quot;:&quot;&quot;,&quot;camera&quot;:&quot;&quot;,&quot;caption&quot;:&quot;&quot;,&quot;created_timestamp&quot;:&quot;0&quot;,&quot;copyright&quot;:&quot;&quot;,&quot;focal_length&quot;:&quot;0&quot;,&quot;iso&quot;:&quot;0&quot;,&quot;shutter_speed&quot;:&quot;0&quot;,&quot;title&quot;:&quot;&quot;,&quot;orientation&quot;:&quot;0&quot;}\" data-image-title=\"O Diabo Veste Prada\" data-image-description=\"\" data-image-caption=\"&lt;p&gt;O Diabo Veste Prada&lt;\/p&gt;\n\" data-large-file=\"https:\/\/i0.wp.com\/caetenews.com.br\/semana\/wp-content\/uploads\/2017\/02\/filmes433_odiabovesteprada.jpg?fit=420%2C236&amp;ssl=1\" \/><\/a>\n<h4 class=\"pt-cv-title\"><a href=\"https:\/\/caetenews.com.br\/semana\/filmes-da-semana-na-tv\/\" class=\"_self\" target=\"_self\" >Filmes da semana na TV<\/a><\/h4><\/div><\/div>\n<div class=\"col-md-6 col-sm-6 col-xs-12 pt-cv-content-item pt-cv-1-col\" ><div class='pt-cv-ifield'><a href=\"https:\/\/caetenews.com.br\/semana\/terceira-temporada-de-origem-chega-ao-globoplay\/\" class=\"_self pt-cv-href-thumbnail pt-cv-thumb-default\" target=\"_self\" ><img loading=\"lazy\" decoding=\"async\" width=\"728\" height=\"410\" src=\"https:\/\/i0.wp.com\/caetenews.com.br\/semana\/wp-content\/uploads\/2025\/02\/10444.jpg?fit=728%2C410&amp;ssl=1\" class=\"pt-cv-thumbnail\" alt=\"Foto em Terceira temporada de \u2018Origem\u2019 chega ao Globoplay\" data-attachment-id=\"11203\" data-permalink=\"https:\/\/caetenews.com.br\/semana\/terceira-temporada-de-origem-chega-ao-globoplay\/attachment\/10444\/\" data-orig-file=\"https:\/\/i0.wp.com\/caetenews.com.br\/semana\/wp-content\/uploads\/2025\/02\/10444.jpg?fit=728%2C410&amp;ssl=1\" data-orig-size=\"728,410\" data-comments-opened=\"0\" data-image-meta=\"{&quot;aperture&quot;:&quot;0&quot;,&quot;credit&quot;:&quot;&quot;,&quot;camera&quot;:&quot;&quot;,&quot;caption&quot;:&quot;&quot;,&quot;created_timestamp&quot;:&quot;0&quot;,&quot;copyright&quot;:&quot;&quot;,&quot;focal_length&quot;:&quot;0&quot;,&quot;iso&quot;:&quot;0&quot;,&quot;shutter_speed&quot;:&quot;0&quot;,&quot;title&quot;:&quot;&quot;,&quot;orientation&quot;:&quot;0&quot;}\" data-image-title=\"\u2018Origem\" data-image-description=\"\" data-image-caption=\"&lt;p&gt;Terceira temporada de \u2018Origem\u2019 chega ao Globoplay&amp;#8230;.&lt;\/p&gt;\n\" data-large-file=\"https:\/\/i0.wp.com\/caetenews.com.br\/semana\/wp-content\/uploads\/2025\/02\/10444.jpg?fit=728%2C410&amp;ssl=1\" \/><\/a>\n<h4 class=\"pt-cv-title\"><a href=\"https:\/\/caetenews.com.br\/semana\/terceira-temporada-de-origem-chega-ao-globoplay\/\" class=\"_self\" target=\"_self\" >Terceira temporada de \u2018Origem\u2019 chega ao Globoplay<\/a><\/h4><\/div><\/div><\/div><\/div><\/div>\n<h2>\u00daltimas not\u00edcias das novelas<\/h2>\n<div class=\"wp-rss-template-container\" data-wpra-template=\"default\" data-template-ctx=\"eyJmZWVkcyI6IjEyOTExIn0=\">\n    <div class=\"wp-rss-aggregator wpra-list-template  \" data-page=\"1\">\n    \n    \n<ul class=\"wpra-item-list rss-aggregator wpra-item-list--bullets wpra-item-list--default\"\n    start=\"1\">\n                        <li class=\"wpra-item feed-item \">\n            \n            \n\n    <a  href=\"https:\/\/www.tvnovelas.com.br\/tvnews\/coracao-de-mae-atilla-decide-abrir-o-jogo-com-karsu\/\" target=\"_blank\" rel=\"nofollow\" class=\"\">Cora\u00e7\u00e3o de M\u00e3e: Atilla decide abrir o jogo com Karsu<\/a>\n\n\n\n\n\n\n<div class=\"wprss-feed-meta\">\n            <span class=\"feed-source\">\n            Source:\n\n                            TVNews\n                    <\/span>\n    \n            <span class=\"feed-date\">\n            Published on 2026-04-27\n        <\/span>\n    \n    <\/div>\n\n\n\n\n\n            \n        <\/li>\n                    <li class=\"wpra-item feed-item \">\n            \n            \n\n    <a  href=\"https:\/\/www.tvnovelas.com.br\/tvnews\/coracao-de-mae-adnan-e-preso-apos-denuncia-de-irmak\/\" target=\"_blank\" rel=\"nofollow\" class=\"\">Em Cora\u00e7\u00e3o de M\u00e3e: Adnan \u00e9 preso ap\u00f3s denuncia de Irmak<\/a>\n\n\n\n\n\n\n<div class=\"wprss-feed-meta\">\n            <span class=\"feed-source\">\n            Source:\n\n                            TVNews\n                    <\/span>\n    \n            <span class=\"feed-date\">\n            Published on 2026-04-26\n        <\/span>\n    \n    <\/div>\n\n\n\n\n\n            \n        <\/li>\n                    <li class=\"wpra-item feed-item \">\n            \n            \n\n    <a  href=\"https:\/\/www.tvnovelas.com.br\/tvnews\/coracao-acelerado-mulher-choca-janete-ao-se-apresentar-como-amante-do-palhares\/\" target=\"_blank\" rel=\"nofollow\" class=\"\">Cora\u00e7\u00e3o Acelerado: Mulher choca Janete ao se apresentar como amante do Palhares<\/a>\n\n\n\n\n\n\n<div class=\"wprss-feed-meta\">\n            <span class=\"feed-source\">\n            Source:\n\n                            TVNews\n                    <\/span>\n    \n            <span class=\"feed-date\">\n            Published on 2026-04-26\n        <\/span>\n    \n    <\/div>\n\n\n\n\n\n            \n        <\/li>\n                    <li class=\"wpra-item feed-item \">\n            \n            \n\n    <a  href=\"https:\/\/www.tvnovelas.com.br\/tvnews\/a-nobreza-do-amor-jendal-dobra-a-recompensa-por-alika\/\" target=\"_blank\" rel=\"nofollow\" class=\"\">A Nobreza do Amor: Jendal dobra a recompensa por Alika<\/a>\n\n\n\n\n\n\n<div class=\"wprss-feed-meta\">\n            <span class=\"feed-source\">\n            Source:\n\n                            TVNews\n                    <\/span>\n    \n            <span class=\"feed-date\">\n            Published on 2026-04-26\n        <\/span>\n    \n    <\/div>\n\n\n\n\n\n            \n        <\/li>\n                    <li class=\"wpra-item feed-item \">\n            \n            \n\n    <a  href=\"https:\/\/www.tvnovelas.com.br\/tvnews\/tres-gracas-bagda-e-preso-por-juquinha\/\" target=\"_blank\" rel=\"nofollow\" class=\"\">Tr\u00eas Gra\u00e7as:  Bagd\u00e1 \u00e9 preso por Juquinha<\/a>\n\n\n\n\n\n\n<div class=\"wprss-feed-meta\">\n            <span class=\"feed-source\">\n            Source:\n\n                            TVNews\n                    <\/span>\n    \n            <span class=\"feed-date\">\n            Published on 2026-04-26\n        <\/span>\n    \n    <\/div>\n\n\n\n\n\n            \n        <\/li>\n                    <li class=\"wpra-item feed-item \">\n            \n            \n\n    <a  href=\"https:\/\/www.tvnovelas.com.br\/tvnews\/a-nobreza-do-amor-virginia-e-humilhada-apos-perder-concurso-de-miss\/\" target=\"_blank\" rel=\"nofollow\" class=\"\">A Nobreza do Amor: Virg\u00ednia \u00e9 humilhada ap\u00f3s perder concurso de miss<\/a>\n\n\n\n\n\n\n<div class=\"wprss-feed-meta\">\n            <span class=\"feed-source\">\n            Source:\n\n                            TVNews\n                    <\/span>\n    \n            <span class=\"feed-date\">\n            Published on 2026-04-25\n        <\/span>\n    \n    <\/div>\n\n\n\n\n\n            \n        <\/li>\n                    <li class=\"wpra-item feed-item \">\n            \n            \n\n    <a  href=\"https:\/\/www.tvnovelas.com.br\/tvnews\/em-coracao-de-mae-nos-capitulos-da-semana-27-4-a-1o-05\/\" target=\"_blank\" rel=\"nofollow\" class=\"\">Em Cora\u00e7\u00e3o de M\u00e3e nos cap\u00edtulos da semana (27\/4 a 1\u00ba\/05)<\/a>\n\n\n\n\n\n\n<div class=\"wprss-feed-meta\">\n            <span class=\"feed-source\">\n            Source:\n\n                            TVNews\n                    <\/span>\n    \n            <span class=\"feed-date\">\n            Published on 2026-04-24\n        <\/span>\n    \n    <\/div>\n\n\n\n\n\n            \n        <\/li>\n                    <li class=\"wpra-item feed-item \">\n            \n            \n\n    <a  href=\"https:\/\/www.tvnovelas.com.br\/tvnews\/coracao-de-mae-adnan-confessa-a-karsu-traicao-a-irmak\/\" target=\"_blank\" rel=\"nofollow\" class=\"\">Cora\u00e7\u00e3o de M\u00e3e: Adnan confessa a Karsu trai\u00e7\u00e3o a Irmak<\/a>\n\n\n\n\n\n\n<div class=\"wprss-feed-meta\">\n            <span class=\"feed-source\">\n            Source:\n\n                            TVNews\n                    <\/span>\n    \n            <span class=\"feed-date\">\n            Published on 2026-04-23\n        <\/span>\n    \n    <\/div>\n\n\n\n\n\n            \n        <\/li>\n                    <li class=\"wpra-item feed-item \">\n            \n            \n\n    <a  href=\"https:\/\/www.tvnovelas.com.br\/tvnews\/chamas-do-destino-iskender-e-preso-apos-denuncia-de-cicek\/\" target=\"_blank\" rel=\"nofollow\" class=\"\">Chamas do Destino: Iskender \u00e9 preso ap\u00f3s den\u00fancia de Cicek<\/a>\n\n\n\n\n\n\n<div class=\"wprss-feed-meta\">\n            <span class=\"feed-source\">\n            Source:\n\n                            TVNews\n                    <\/span>\n    \n            <span class=\"feed-date\">\n            Published on 2026-04-23\n        <\/span>\n    \n    <\/div>\n\n\n\n\n\n            \n        <\/li>\n                    <li class=\"wpra-item feed-item \">\n            \n            \n\n    <a  href=\"https:\/\/www.tvnovelas.com.br\/tvnews\/a-nobreza-do-amor-alika-desbanca-virginia-e-garante-vitoria-de-eugenia\/\" target=\"_blank\" rel=\"nofollow\" class=\"\">A Nobreza do Amor: Alika desbanca Virg\u00ednia e garante vit\u00f3ria de Eug\u00eania<\/a>\n\n\n\n\n\n\n<div class=\"wprss-feed-meta\">\n            <span class=\"feed-source\">\n            Source:\n\n                            TVNews\n                    <\/span>\n    \n            <span class=\"feed-date\">\n            Published on 2026-04-23\n        <\/span>\n    \n    <\/div>\n\n\n\n\n\n            \n        <\/li>\n                    <li class=\"wpra-item feed-item \">\n            \n            \n\n    <a  href=\"https:\/\/www.tvnovelas.com.br\/tvnews\/tres-gracas-arminda-flagra-ferette-e-samira\/\" target=\"_blank\" rel=\"nofollow\" class=\"\">Tr\u00eas Gra\u00e7as: Arminda flagra Ferette e Samira<\/a>\n\n\n\n\n\n\n<div class=\"wprss-feed-meta\">\n            <span class=\"feed-source\">\n            Source:\n\n                            TVNews\n                    <\/span>\n    \n            <span class=\"feed-date\">\n            Published on 2026-04-23\n        <\/span>\n    \n    <\/div>\n\n\n\n\n\n            \n        <\/li>\n                    <li class=\"wpra-item feed-item \">\n            \n            \n\n    <a  href=\"https:\/\/www.tvnovelas.com.br\/tvnews\/chamas-do-destino-seher-permite-que-cemre-visite-ozan\/\" target=\"_blank\" rel=\"nofollow\" class=\"\">Chamas do Destino: Seher permite que Cemre visite Ozan<\/a>\n\n\n\n\n\n\n<div class=\"wprss-feed-meta\">\n            <span class=\"feed-source\">\n            Source:\n\n                            TVNews\n                    <\/span>\n    \n            <span class=\"feed-date\">\n            Published on 2026-04-22\n        <\/span>\n    \n    <\/div>\n\n\n\n\n\n            \n        <\/li>\n                    <li class=\"wpra-item feed-item \">\n            \n            \n\n    <a  href=\"https:\/\/www.tvnovelas.com.br\/tvnews\/coracao-de-mae-karsu-conta-a-irmak-sobre-a-traicao-de-adnan\/\" target=\"_blank\" rel=\"nofollow\" class=\"\">Cora\u00e7\u00e3o de M\u00e3e: Karsu conta a Irmak sobre a trai\u00e7\u00e3o de Adnan<\/a>\n\n\n\n\n\n\n<div class=\"wprss-feed-meta\">\n            <span class=\"feed-source\">\n            Source:\n\n                            TVNews\n                    <\/span>\n    \n            <span class=\"feed-date\">\n            Published on 2026-04-22\n        <\/span>\n    \n    <\/div>\n\n\n\n\n\n            \n        <\/li>\n                    <li class=\"wpra-item feed-item \">\n            \n            \n\n    <a  href=\"https:\/\/www.tvnovelas.com.br\/tvnews\/a-nobreza-do-amor-alika-flagra-sabotagem-de-virginia-e-graca\/\" target=\"_blank\" rel=\"nofollow\" class=\"\">A Nobreza do Amor: Alika flagra sabotagem de Virg\u00ednia e Gra\u00e7a<\/a>\n\n\n\n\n\n\n<div class=\"wprss-feed-meta\">\n            <span class=\"feed-source\">\n            Source:\n\n                            TVNews\n                    <\/span>\n    \n            <span class=\"feed-date\">\n            Published on 2026-04-22\n        <\/span>\n    \n    <\/div>\n\n\n\n\n\n            \n        <\/li>\n                    <li class=\"wpra-item feed-item \">\n            \n            \n\n    <a  href=\"https:\/\/www.tvnovelas.com.br\/tvnews\/tres-gracas-joaquim-revela-a-paulinho-e-gerluce-que-arminda-matou-celio\/\" target=\"_blank\" rel=\"nofollow\" class=\"\">Tr\u00eas Gra\u00e7as: Joaquim revela a Paulinho e Gerluce que Arminda matou C\u00e9lio<\/a>\n\n\n\n\n\n\n<div class=\"wprss-feed-meta\">\n            <span class=\"feed-source\">\n            Source:\n\n                            TVNews\n                    <\/span>\n    \n            <span class=\"feed-date\">\n            Published on 2026-04-22\n        <\/span>\n    \n    <\/div>\n\n\n\n\n\n            \n        <\/li>\n        <\/ul>\n\n        \n<\/div>\n\n<\/div>\n\n","protected":false},"excerpt":{"rendered":"<p>As convidadas do Rei&#8230; No show do Allianz Parque, as atrizes Sophie Charlotte, Leticia Colin, Dira Paes subiram juntas ao palco para cantar ao lado de Roberto Carlos<\/p>\n","protected":false},"author":1,"featured_media":10997,"comment_status":"closed","ping_status":"closed","sticky":false,"template":"","format":"standard","meta":{"_monsterinsights_skip_tracking":false,"_monsterinsights_sitenote_active":false,"_monsterinsights_sitenote_note":"","_monsterinsights_sitenote_category":0,"_jetpack_memberships_contains_paid_content":false,"footnotes":"","jetpack_publicize_message":"","jetpack_publicize_feature_enabled":true,"jetpack_social_post_already_shared":true,"jetpack_social_options":{"image_generator_settings":{"template":"highway","default_image_id":0,"font":"","enabled":false},"version":2},"_wp_rev_ctl_limit":""},"categories":[294],"tags":[304,92,303,301,302],"class_list":["post-10996","post","type-post","status-publish","format-standard","has-post-thumbnail","hentry","category-noticias-da-tv","tag-dira-paes","tag-globo","tag-leticia-colin","tag-roberto-carlos","tag-sophie-charlotte"],"aioseo_notices":[],"jetpack_publicize_connections":[],"jetpack_featured_media_url":"https:\/\/i0.wp.com\/caetenews.com.br\/semana\/wp-content\/uploads\/2024\/12\/40594.jpg?fit=728%2C410&ssl=1","jetpack_shortlink":"https:\/\/wp.me\/pcIKFi-2Rm","jetpack_sharing_enabled":true,"jetpack_likes_enabled":true,"jetpack-related-posts":[{"id":10236,"url":"https:\/\/caetenews.com.br\/semana\/a-2a-temporada-de-os-outros-chega-ao-globoplay\/","url_meta":{"origin":10996,"position":0},"title":"A 2\u00aa temporada de \u2018Os Outros\u2019 chega ao Globoplay","author":"Paulo Ant\u00f4nio","date":"16\/08\/2024","format":false,"excerpt":"2\u00aa temporada de \u2018Os Outros\u2019.. \u00c9 hora de conhecer antigos e novos moradores do condom\u00ednio de luxo Barra Star Dream. Os tr\u00eas primeiros epis\u00f3dios da segunda temporada...","rel":"","context":"Em &quot;Globoplay&quot;","block_context":{"text":"Globoplay","link":"https:\/\/caetenews.com.br\/semana\/category\/globoplay\/"},"img":{"alt_text":"2\u00aa temporada de \u2018Os Outros\u2019","src":"https:\/\/i0.wp.com\/caetenews.com.br\/semana\/wp-content\/uploads\/2024\/08\/39936.jpg?fit=728%2C410&ssl=1&resize=350%2C200","width":350,"height":200,"srcset":"https:\/\/i0.wp.com\/caetenews.com.br\/semana\/wp-content\/uploads\/2024\/08\/39936.jpg?fit=728%2C410&ssl=1&resize=350%2C200 1x, https:\/\/i0.wp.com\/caetenews.com.br\/semana\/wp-content\/uploads\/2024\/08\/39936.jpg?fit=728%2C410&ssl=1&resize=525%2C300 1.5x, https:\/\/i0.wp.com\/caetenews.com.br\/semana\/wp-content\/uploads\/2024\/08\/39936.jpg?fit=728%2C410&ssl=1&resize=700%2C400 2x"},"classes":[]},{"id":3626,"url":"https:\/\/caetenews.com.br\/semana\/veneza-estreia-nos-cinemas-dia-04-de-fevereiro\/","url_meta":{"origin":10996,"position":1},"title":"&#8216;Veneza&#8217; estreia nos cinemas dia 04 de fevereiro","author":"Paulo Ant\u00f4nio","date":"18\/01\/2021","format":false,"excerpt":"Veneza Drama Estreia prevista: 04\/02\/21 Inadequa\u00e7\u00f5es: Conte\u00fado Sexual\/ Viol\u00eancia\/ Drogas L\u00edcitas Dire\u00e7\u00e3o: Miguel Falabella Com Dira Paes, Danielle Winits, Andre Mattos, Carmen Maura, Eduardo Moscovis, Carol Castro, Caio Manhente, Camila Vives Reencontrar o \u00fanico homem que amou \u00e9 o sonho de Gringa (Carmen Maura), dona de um bordel no interior\u2026","rel":"","context":"Em &quot;In\u00edcio&quot;","block_context":{"text":"In\u00edcio","link":"https:\/\/caetenews.com.br\/semana\/category\/tv-aberta\/"},"img":{"alt_text":"Foto de cena","src":"https:\/\/i0.wp.com\/caetenews.com.br\/semana\/wp-content\/uploads\/2021\/01\/veneza.jpg?fit=600%2C399&ssl=1&resize=350%2C200","width":350,"height":200,"srcset":"https:\/\/i0.wp.com\/caetenews.com.br\/semana\/wp-content\/uploads\/2021\/01\/veneza.jpg?fit=600%2C399&ssl=1&resize=350%2C200 1x, https:\/\/i0.wp.com\/caetenews.com.br\/semana\/wp-content\/uploads\/2021\/01\/veneza.jpg?fit=600%2C399&ssl=1&resize=525%2C300 1.5x"},"classes":[]},{"id":4031,"url":"https:\/\/caetenews.com.br\/semana\/malhacao-roberta-tenta-seduzir-marcelo\/","url_meta":{"origin":10996,"position":2},"title":"Malha\u00e7\u00e3o: Roberta tenta seduzir Marcelo","author":"Paulo Ant\u00f4nio","date":"08\/03\/2021","format":false,"excerpt":"Ela \u00e9 mesmo incans\u00e1vel! ?? Extremamente decidida a conquistar Marcelo (Felipe Camargo) de vez, Roberta (Danni Suzuki) aceitar\u00e1 convite de Nando (Leo Jaime) para almo\u00e7ar no Perfeit\u00e3o e poder ficar mais perto do crush. Quem n\u00e3o vai gostar nada dessa hist\u00f3ria \u00e9 Delma (Patr\u00edcia Fran\u00e7a), que far\u00e1 quest\u00e3o de recepcionar\u2026","rel":"","context":"Em &quot;Not\u00edcias das novelas&quot;","block_context":{"text":"Not\u00edcias das novelas","link":"https:\/\/caetenews.com.br\/semana\/category\/noticias-das-nov-elas\/"},"img":{"alt_text":"foto de Roberta","src":"https:\/\/i0.wp.com\/caetenews.com.br\/semana\/wp-content\/uploads\/2021\/03\/26656.jpg?fit=600%2C338&ssl=1&resize=350%2C200","width":350,"height":200,"srcset":"https:\/\/i0.wp.com\/caetenews.com.br\/semana\/wp-content\/uploads\/2021\/03\/26656.jpg?fit=600%2C338&ssl=1&resize=350%2C200 1x, https:\/\/i0.wp.com\/caetenews.com.br\/semana\/wp-content\/uploads\/2021\/03\/26656.jpg?fit=600%2C338&ssl=1&resize=525%2C300 1.5x"},"classes":[]},{"id":3883,"url":"https:\/\/caetenews.com.br\/semana\/malhacao-karina-revela-crush-por-duca-a-bianca\/","url_meta":{"origin":10996,"position":3},"title":"Malha\u00e7\u00e3o: Karina revela crush por Duca \u00e0 Bianca","author":"Paulo Ant\u00f4nio","date":"06\/02\/2021","format":false,"excerpt":"Rivalidade entre as irm\u00e3s? Durante papo sincero com Bianca (Bruna Ham\u00fa), Karina confessa que se sente atra\u00edda pelo colega de artes marciais, Duca (Arthur Aguiar). Ap\u00f3s ter sido aprovada no exame de muay thai, a ca\u00e7ula de Gael n\u00e3o conseguiu controlar as emo\u00e7\u00f5es e tascou um beij\u00e3o no rapaz, que\u2026","rel":"","context":"Em &quot;Not\u00edcias das novelas&quot;","block_context":{"text":"Not\u00edcias das novelas","link":"https:\/\/caetenews.com.br\/semana\/category\/noticias-das-nov-elas\/"},"img":{"alt_text":"Foto de Karina com Bianca","src":"https:\/\/i0.wp.com\/caetenews.com.br\/semana\/wp-content\/uploads\/2021\/02\/26375.jpg?fit=600%2C338&ssl=1&resize=350%2C200","width":350,"height":200,"srcset":"https:\/\/i0.wp.com\/caetenews.com.br\/semana\/wp-content\/uploads\/2021\/02\/26375.jpg?fit=600%2C338&ssl=1&resize=350%2C200 1x, https:\/\/i0.wp.com\/caetenews.com.br\/semana\/wp-content\/uploads\/2021\/02\/26375.jpg?fit=600%2C338&ssl=1&resize=525%2C300 1.5x"},"classes":[]},{"id":5476,"url":"https:\/\/caetenews.com.br\/semana\/novela-guerra-dos-sexos-chega-ao-globoplay-nesta-segunda-dia-4\/","url_meta":{"origin":10996,"position":4},"title":"Novela&#8217; Guerra dos Sexos&#8217; chega ao Globoplay nesta segunda, dia 4","author":"Paulo Ant\u00f4nio","date":"04\/07\/2022","format":false,"excerpt":"Na novela Guerra dos Sexos,, Ap\u00f3s a morte do tio milion\u00e1rio de Charl\u00f4 e Ot\u00e1vio, foi deixada uma heran\u00e7a para a dupla, mas com a condi\u00e7\u00e3o de que eles ter\u00e3o que morar...","rel":"","context":"Em &quot;Globoplay&quot;","block_context":{"text":"Globoplay","link":"https:\/\/caetenews.com.br\/semana\/category\/globoplay\/"},"img":{"alt_text":"Foto de Roberta e Felipe em Guerra dos Sexosem","src":"https:\/\/i0.wp.com\/caetenews.com.br\/semana\/wp-content\/uploads\/2022\/07\/33074_guerra2.jpg?fit=600%2C360&ssl=1&resize=350%2C200","width":350,"height":200,"srcset":"https:\/\/i0.wp.com\/caetenews.com.br\/semana\/wp-content\/uploads\/2022\/07\/33074_guerra2.jpg?fit=600%2C360&ssl=1&resize=350%2C200 1x, https:\/\/i0.wp.com\/caetenews.com.br\/semana\/wp-content\/uploads\/2022\/07\/33074_guerra2.jpg?fit=600%2C360&ssl=1&resize=525%2C300 1.5x"},"classes":[]},{"id":3915,"url":"https:\/\/caetenews.com.br\/semana\/momentos-de-30-desfiles-inesqueciveis-do-rio-e-de-sao-paulo-na-tela-da-globo-neste-fim-de-semana\/","url_meta":{"origin":10996,"position":5},"title":"Momentos de 30 desfiles inesquec\u00edveis do Rio e de S\u00e3o Paulo na tela da Globo neste fim de semana","author":"Paulo Ant\u00f4nio","date":"13\/02\/2021","format":false,"excerpt":"A TV Globo se uniu \u00e0 Brahma e \u00e0 ag\u00eancia \u00c1frica para exibir os melhores momentos de 30 desfiles inesquec\u00edveis do Carnaval do Rio de Janeiro e de S\u00e3o Paulo. O carnavalesco Milton Cunha e o ator A\u00edlton Gra\u00e7a ser\u00e3o os apresentadores do \u2018Desfile N\u00famero 1 Brahma\u2019, com 15 escolas\u2026","rel":"","context":"Em &quot;Not\u00edcias&quot;","block_context":{"text":"Not\u00edcias","link":"https:\/\/caetenews.com.br\/semana\/category\/noticias\/"},"img":{"alt_text":"Foto da 7. Imperatriz Leopoldinense (1989)","src":"https:\/\/i0.wp.com\/caetenews.com.br\/semana\/wp-content\/uploads\/2021\/02\/2160.jpg?fit=600%2C360&ssl=1&resize=350%2C200","width":350,"height":200,"srcset":"https:\/\/i0.wp.com\/caetenews.com.br\/semana\/wp-content\/uploads\/2021\/02\/2160.jpg?fit=600%2C360&ssl=1&resize=350%2C200 1x, https:\/\/i0.wp.com\/caetenews.com.br\/semana\/wp-content\/uploads\/2021\/02\/2160.jpg?fit=600%2C360&ssl=1&resize=525%2C300 1.5x"},"classes":[]}],"_links":{"self":[{"href":"https:\/\/caetenews.com.br\/semana\/wp-json\/wp\/v2\/posts\/10996","targetHints":{"allow":["GET"]}}],"collection":[{"href":"https:\/\/caetenews.com.br\/semana\/wp-json\/wp\/v2\/posts"}],"about":[{"href":"https:\/\/caetenews.com.br\/semana\/wp-json\/wp\/v2\/types\/post"}],"author":[{"embeddable":true,"href":"https:\/\/caetenews.com.br\/semana\/wp-json\/wp\/v2\/users\/1"}],"replies":[{"embeddable":true,"href":"https:\/\/caetenews.com.br\/semana\/wp-json\/wp\/v2\/comments?post=10996"}],"version-history":[{"count":2,"href":"https:\/\/caetenews.com.br\/semana\/wp-json\/wp\/v2\/posts\/10996\/revisions"}],"predecessor-version":[{"id":10999,"href":"https:\/\/caetenews.com.br\/semana\/wp-json\/wp\/v2\/posts\/10996\/revisions\/10999"}],"wp:featuredmedia":[{"embeddable":true,"href":"https:\/\/caetenews.com.br\/semana\/wp-json\/wp\/v2\/media\/10997"}],"wp:attachment":[{"href":"https:\/\/caetenews.com.br\/semana\/wp-json\/wp\/v2\/media?parent=10996"}],"wp:term":[{"taxonomy":"category","embeddable":true,"href":"https:\/\/caetenews.com.br\/semana\/wp-json\/wp\/v2\/categories?post=10996"},{"taxonomy":"post_tag","embeddable":true,"href":"https:\/\/caetenews.com.br\/semana\/wp-json\/wp\/v2\/tags?post=10996"}],"curies":[{"name":"wp","href":"https:\/\/api.w.org\/{rel}","templated":true}]}}