{"id":11493,"date":"2024-05-10T10:29:45","date_gmt":"2024-05-10T13:29:45","guid":{"rendered":"https:\/\/caetenews.com.br\/semana\/?p=11493"},"modified":"2025-12-08T11:52:33","modified_gmt":"2025-12-08T14:52:33","slug":"resumos-de-novelas-vale-tudo","status":"publish","type":"post","link":"https:\/\/caetenews.com.br\/semana\/resumos-de-novelas-vale-tudo\/","title":{"rendered":"Resumos de Novelas: Vale Tudo"},"content":{"rendered":"<p><em>Resumos de Novelas: Vale Tudo<\/em><br \/>\n<img data-recalc-dims=\"1\" fetchpriority=\"high\" decoding=\"async\" data-attachment-id=\"11900\" data-permalink=\"https:\/\/caetenews.com.br\/semana\/resumos-de-novelas-vale-tudo\/11137c\/\" data-orig-file=\"https:\/\/i0.wp.com\/caetenews.com.br\/semana\/wp-content\/uploads\/2025\/03\/11137c.jpg?fit=728%2C409&amp;ssl=1\" data-orig-size=\"728,409\" data-comments-opened=\"0\" data-image-meta=\"{&quot;aperture&quot;:&quot;0&quot;,&quot;credit&quot;:&quot;&quot;,&quot;camera&quot;:&quot;&quot;,&quot;caption&quot;:&quot;&quot;,&quot;created_timestamp&quot;:&quot;0&quot;,&quot;copyright&quot;:&quot;&quot;,&quot;focal_length&quot;:&quot;0&quot;,&quot;iso&quot;:&quot;0&quot;,&quot;shutter_speed&quot;:&quot;0&quot;,&quot;title&quot;:&quot;&quot;,&quot;orientation&quot;:&quot;0&quot;}\" data-image-title=\"Vale Tudo\" data-image-description=\"\" data-image-caption=\"\" data-large-file=\"https:\/\/i0.wp.com\/caetenews.com.br\/semana\/wp-content\/uploads\/2025\/03\/11137c.jpg?fit=728%2C409&amp;ssl=1\" class=\"alignnone wp-image-11900 size-full\" title=\"(Foto: TV Globo\/Vale Tudo)\" src=\"https:\/\/i0.wp.com\/caetenews.com.br\/semana\/wp-content\/uploads\/2025\/03\/11137c.jpg?resize=728%2C409&#038;ssl=1\" alt=\"Foto em Resumos de Novelas: Vale Tudo\" width=\"728\" height=\"409\" \/><br \/>\n<!--INICIO--><\/p>\n<h2 style=\"color: #541212;\">Resumo de sexta-feira, 10 de outubro<\/h2>\n<p>Daniela \u00e9 contratada pela Paladar como advogada. Marco Aur\u00e9lio e Leila vislumbram assumir a TCA. Maria de F\u00e1tima \u00e9 amea\u00e7ada de despejo e \u00e9 cancelada nas redes sociais. Cecilia e La\u00eds descobrem uma informa\u00e7\u00e3o importante sobre Luiz. C\u00e9sar despreza Maria de F\u00e1tima. Raquel aconselha Maria de F\u00e1tima a arrumar um emprego. Leonardo tem uma convuls\u00e3o e desmaia.<br \/>\n\u00a0<\/p>\n<h2 style=\"color: #541212;\">Resumo de s\u00e1bado, 11 de outubro<\/h2>\n<p>Celina avisa a Afonso e Solange que os exames de Leonardo est\u00e3o bons e que o transplante ser\u00e1 realizado. Sardinha debocha de Maria de F\u00e1tima quando ela pede emprego na Tomorrow. Raquel se nega a contratar Maria de F\u00e1tima para trabalhar na Paladar. Maria de F\u00e1tima deixa o apart-hotel. Daniela e Luciano se casam. Solange avisa a Afonso que Leonardo sofreu nova convuls\u00e3o. Fernando acalma Solange.<\/p>\n<h2 style=\"color: #3B0270;\">Resumo de segunda a sexta, 13 a 18 de outubro<\/h2>\n<p>\u00daltimos cap\u00edtulos n\u00e3o divulgados pela emissora<br \/>\n<!--FIM DO POST--><\/p>\n<div class=\"fb-comments\" data-width=\"100%\" data-order-by=\"reverse_time\" data-numposts=\"5\"><\/div>\n<p><!--END POST--><\/p>\n<h2>\u00daltimas publica\u00e7\u00f5es:<\/h2>\n<div class=\"pt-cv-wrapper\"><div class=\"pt-cv-view pt-cv-grid pt-cv-colsys\" id=\"pt-cv-view-c6a7eef2p9\"><div data-id=\"pt-cv-page-1\" class=\"pt-cv-page\" data-cvc=\"2\"><div class=\"col-md-6 col-sm-6 col-xs-12 pt-cv-content-item pt-cv-1-col\" ><div class='pt-cv-ifield'><a href=\"https:\/\/caetenews.com.br\/semana\/resumos-de-novelas-tres-gracas\/\" class=\"_self pt-cv-href-thumbnail pt-cv-thumb-default\" target=\"_self\" ><img decoding=\"async\" width=\"728\" height=\"409\" src=\"https:\/\/i0.wp.com\/caetenews.com.br\/semana\/wp-content\/uploads\/2025\/10\/12235.jpg?fit=728%2C409&amp;ssl=1\" class=\"pt-cv-thumbnail\" alt=\"Foto em Resumos de Novelas: Tr\u00eas Gra\u00e7as\" data-attachment-id=\"46537\" data-permalink=\"https:\/\/caetenews.com.br\/semana\/?attachment_id=46537\" data-orig-file=\"https:\/\/i0.wp.com\/caetenews.com.br\/semana\/wp-content\/uploads\/2025\/10\/12235.jpg?fit=728%2C409&amp;ssl=1\" data-orig-size=\"728,409\" data-comments-opened=\"0\" data-image-meta=\"{&quot;aperture&quot;:&quot;0&quot;,&quot;credit&quot;:&quot;&quot;,&quot;camera&quot;:&quot;&quot;,&quot;caption&quot;:&quot;&quot;,&quot;created_timestamp&quot;:&quot;0&quot;,&quot;copyright&quot;:&quot;&quot;,&quot;focal_length&quot;:&quot;0&quot;,&quot;iso&quot;:&quot;0&quot;,&quot;shutter_speed&quot;:&quot;0&quot;,&quot;title&quot;:&quot;&quot;,&quot;orientation&quot;:&quot;0&quot;}\" data-image-title=\"Tr\u00eas Gra\u00e7as\" data-image-description=\"\" data-image-caption=\"&lt;p&gt;Resumos de Novelas: Tr\u00eas Gra\u00e7as&lt;\/p&gt;\n\" data-large-file=\"https:\/\/i0.wp.com\/caetenews.com.br\/semana\/wp-content\/uploads\/2025\/10\/12235.jpg?fit=728%2C409&amp;ssl=1\" \/><\/a>\n<h4 class=\"pt-cv-title\"><a href=\"https:\/\/caetenews.com.br\/semana\/resumos-de-novelas-tres-gracas\/\" class=\"_self\" target=\"_self\" >Resumos de Novelas: Tr\u00eas Gra\u00e7as<\/a><\/h4><\/div><\/div>\n<div class=\"col-md-6 col-sm-6 col-xs-12 pt-cv-content-item pt-cv-1-col\" ><div class='pt-cv-ifield'><a href=\"https:\/\/caetenews.com.br\/semana\/resumos-de-novela-eta-mundo-melhor-de-30-06-a-05-de-julho\/\" class=\"_self pt-cv-href-thumbnail pt-cv-thumb-default\" target=\"_self\" ><img decoding=\"async\" width=\"728\" height=\"410\" src=\"https:\/\/i0.wp.com\/caetenews.com.br\/semana\/wp-content\/uploads\/2025\/06\/12774.jpg?fit=728%2C410&amp;ssl=1\" class=\"pt-cv-thumbnail\" alt=\"Foto em Resumos da Semana de \u00cata Mundo Melhor!\" data-attachment-id=\"46925\" data-permalink=\"https:\/\/caetenews.com.br\/semana\/resumos-de-novela-eta-mundo-melhor-de-30-06-a-05-de-julho\/attachment\/12774\/\" data-orig-file=\"https:\/\/i0.wp.com\/caetenews.com.br\/semana\/wp-content\/uploads\/2025\/06\/12774.jpg?fit=728%2C410&amp;ssl=1\" data-orig-size=\"728,410\" data-comments-opened=\"0\" data-image-meta=\"{&quot;aperture&quot;:&quot;0&quot;,&quot;credit&quot;:&quot;&quot;,&quot;camera&quot;:&quot;&quot;,&quot;caption&quot;:&quot;&quot;,&quot;created_timestamp&quot;:&quot;0&quot;,&quot;copyright&quot;:&quot;&quot;,&quot;focal_length&quot;:&quot;0&quot;,&quot;iso&quot;:&quot;0&quot;,&quot;shutter_speed&quot;:&quot;0&quot;,&quot;title&quot;:&quot;&quot;,&quot;orientation&quot;:&quot;0&quot;}\" data-image-title=\"\u00cata Mundo Melhor\" data-image-description=\"\" data-image-caption=\"&lt;p&gt;Foto em Resumos da Semana de \u00cata Mundo Melhor!&lt;\/p&gt;\n\" data-large-file=\"https:\/\/i0.wp.com\/caetenews.com.br\/semana\/wp-content\/uploads\/2025\/06\/12774.jpg?fit=728%2C410&amp;ssl=1\" \/><\/a>\n<h4 class=\"pt-cv-title\"><a href=\"https:\/\/caetenews.com.br\/semana\/resumos-de-novela-eta-mundo-melhor-de-30-06-a-05-de-julho\/\" class=\"_self\" target=\"_self\" >Resumos de novela: \u00cata Mundo Melhor!<\/a><\/h4><\/div><\/div>\n<div class=\"col-md-6 col-sm-6 col-xs-12 pt-cv-content-item pt-cv-1-col\" ><div class='pt-cv-ifield'><a href=\"https:\/\/caetenews.com.br\/semana\/resumos-de-novelas-dona-de-mim-12-a-17-5\/\" class=\"_self pt-cv-href-thumbnail pt-cv-thumb-default\" target=\"_self\" ><img loading=\"lazy\" decoding=\"async\" width=\"728\" height=\"409\" src=\"https:\/\/i0.wp.com\/caetenews.com.br\/semana\/wp-content\/uploads\/2025\/05\/11136b.jpg?fit=728%2C409&amp;ssl=1\" class=\"pt-cv-thumbnail\" alt=\"Foto em Resumos de Novelas: Dona de Mim\" data-attachment-id=\"11896\" data-permalink=\"https:\/\/caetenews.com.br\/semana\/resumos-de-novelas-dona-de-mim-12-a-17-5\/11136b\/\" data-orig-file=\"https:\/\/i0.wp.com\/caetenews.com.br\/semana\/wp-content\/uploads\/2025\/05\/11136b.jpg?fit=728%2C409&amp;ssl=1\" data-orig-size=\"728,409\" data-comments-opened=\"0\" data-image-meta=\"{&quot;aperture&quot;:&quot;0&quot;,&quot;credit&quot;:&quot;&quot;,&quot;camera&quot;:&quot;&quot;,&quot;caption&quot;:&quot;&quot;,&quot;created_timestamp&quot;:&quot;0&quot;,&quot;copyright&quot;:&quot;&quot;,&quot;focal_length&quot;:&quot;0&quot;,&quot;iso&quot;:&quot;0&quot;,&quot;shutter_speed&quot;:&quot;0&quot;,&quot;title&quot;:&quot;&quot;,&quot;orientation&quot;:&quot;0&quot;}\" data-image-title=\"Dona de Mim\" data-image-description=\"\" data-image-caption=\"\" data-large-file=\"https:\/\/i0.wp.com\/caetenews.com.br\/semana\/wp-content\/uploads\/2025\/05\/11136b.jpg?fit=728%2C409&amp;ssl=1\" \/><\/a>\n<h4 class=\"pt-cv-title\"><a href=\"https:\/\/caetenews.com.br\/semana\/resumos-de-novelas-dona-de-mim-12-a-17-5\/\" class=\"_self\" target=\"_self\" >Resumos de Novela: Dona de Mim<\/a><\/h4><\/div><\/div>\n<div class=\"col-md-6 col-sm-6 col-xs-12 pt-cv-content-item pt-cv-1-col\" ><div class='pt-cv-ifield'><a href=\"https:\/\/caetenews.com.br\/semana\/onde-assistir-os-jogos-da-libertadores-e-sul-americana\/\" class=\"_self pt-cv-href-thumbnail pt-cv-thumb-default\" target=\"_self\" ><img loading=\"lazy\" decoding=\"async\" width=\"728\" height=\"410\" src=\"https:\/\/i0.wp.com\/caetenews.com.br\/semana\/wp-content\/uploads\/2025\/04\/10784.jpg?fit=728%2C410&amp;ssl=1\" class=\"pt-cv-thumbnail\" alt=\"Foto em Onde assistir os Jogos da Libertadores e Sul-Americana\" data-attachment-id=\"11533\" data-permalink=\"https:\/\/caetenews.com.br\/semana\/onde-assistir-os-jogos-da-libertadores-e-sul-americana\/attachment\/10784\/\" data-orig-file=\"https:\/\/i0.wp.com\/caetenews.com.br\/semana\/wp-content\/uploads\/2025\/04\/10784.jpg?fit=728%2C410&amp;ssl=1\" data-orig-size=\"728,410\" data-comments-opened=\"0\" data-image-meta=\"{&quot;aperture&quot;:&quot;0&quot;,&quot;credit&quot;:&quot;&quot;,&quot;camera&quot;:&quot;&quot;,&quot;caption&quot;:&quot;&quot;,&quot;created_timestamp&quot;:&quot;0&quot;,&quot;copyright&quot;:&quot;&quot;,&quot;focal_length&quot;:&quot;0&quot;,&quot;iso&quot;:&quot;0&quot;,&quot;shutter_speed&quot;:&quot;0&quot;,&quot;title&quot;:&quot;&quot;,&quot;orientation&quot;:&quot;0&quot;}\" data-image-title=\"Libertadores\" data-image-description=\"\" data-image-caption=\"&lt;p&gt;Onde assistir os Jogos da Libertadores e Sul-Americana&lt;\/p&gt;\n\" data-large-file=\"https:\/\/i0.wp.com\/caetenews.com.br\/semana\/wp-content\/uploads\/2025\/04\/10784.jpg?fit=728%2C410&amp;ssl=1\" \/><\/a>\n<h4 class=\"pt-cv-title\"><a href=\"https:\/\/caetenews.com.br\/semana\/onde-assistir-os-jogos-da-libertadores-e-sul-americana\/\" class=\"_self\" target=\"_self\" >Onde assistir os Jogos da Libertadores e Sul-Americana<\/a><\/h4><\/div><\/div>\n<div class=\"col-md-6 col-sm-6 col-xs-12 pt-cv-content-item pt-cv-1-col\" ><div class='pt-cv-ifield'><a href=\"https:\/\/caetenews.com.br\/semana\/filmes-da-semana-na-tv\/\" class=\"_self pt-cv-href-thumbnail pt-cv-thumb-default\" target=\"_self\" ><img loading=\"lazy\" decoding=\"async\" width=\"420\" height=\"236\" src=\"https:\/\/i0.wp.com\/caetenews.com.br\/semana\/wp-content\/uploads\/2017\/02\/filmes433_odiabovesteprada.jpg?fit=420%2C236&amp;ssl=1\" class=\"pt-cv-thumbnail\" alt=\"Foto de O Diabo Veste Prada, em Filmes na TV\" srcset=\"https:\/\/i0.wp.com\/caetenews.com.br\/semana\/wp-content\/uploads\/2017\/02\/filmes433_odiabovesteprada.jpg?w=420&amp;ssl=1 420w, https:\/\/i0.wp.com\/caetenews.com.br\/semana\/wp-content\/uploads\/2017\/02\/filmes433_odiabovesteprada.jpg?resize=300%2C169&amp;ssl=1 300w\" sizes=\"(max-width: 420px) 100vw, 420px\" data-attachment-id=\"750\" data-permalink=\"https:\/\/caetenews.com.br\/semana\/filmes-da-semana-na-tv\/filmes433_odiabovesteprada\/\" data-orig-file=\"https:\/\/i0.wp.com\/caetenews.com.br\/semana\/wp-content\/uploads\/2017\/02\/filmes433_odiabovesteprada.jpg?fit=420%2C236&amp;ssl=1\" data-orig-size=\"420,236\" data-comments-opened=\"1\" data-image-meta=\"{&quot;aperture&quot;:&quot;0&quot;,&quot;credit&quot;:&quot;&quot;,&quot;camera&quot;:&quot;&quot;,&quot;caption&quot;:&quot;&quot;,&quot;created_timestamp&quot;:&quot;0&quot;,&quot;copyright&quot;:&quot;&quot;,&quot;focal_length&quot;:&quot;0&quot;,&quot;iso&quot;:&quot;0&quot;,&quot;shutter_speed&quot;:&quot;0&quot;,&quot;title&quot;:&quot;&quot;,&quot;orientation&quot;:&quot;0&quot;}\" data-image-title=\"O Diabo Veste Prada\" data-image-description=\"\" data-image-caption=\"&lt;p&gt;O Diabo Veste Prada&lt;\/p&gt;\n\" data-large-file=\"https:\/\/i0.wp.com\/caetenews.com.br\/semana\/wp-content\/uploads\/2017\/02\/filmes433_odiabovesteprada.jpg?fit=420%2C236&amp;ssl=1\" \/><\/a>\n<h4 class=\"pt-cv-title\"><a href=\"https:\/\/caetenews.com.br\/semana\/filmes-da-semana-na-tv\/\" class=\"_self\" target=\"_self\" >Filmes da semana na TV<\/a><\/h4><\/div><\/div>\n<div class=\"col-md-6 col-sm-6 col-xs-12 pt-cv-content-item pt-cv-1-col\" ><div class='pt-cv-ifield'><a href=\"https:\/\/caetenews.com.br\/semana\/terceira-temporada-de-origem-chega-ao-globoplay\/\" class=\"_self pt-cv-href-thumbnail pt-cv-thumb-default\" target=\"_self\" ><img loading=\"lazy\" decoding=\"async\" width=\"728\" height=\"410\" src=\"https:\/\/i0.wp.com\/caetenews.com.br\/semana\/wp-content\/uploads\/2025\/02\/10444.jpg?fit=728%2C410&amp;ssl=1\" class=\"pt-cv-thumbnail\" alt=\"Foto em Terceira temporada de \u2018Origem\u2019 chega ao Globoplay\" data-attachment-id=\"11203\" data-permalink=\"https:\/\/caetenews.com.br\/semana\/terceira-temporada-de-origem-chega-ao-globoplay\/attachment\/10444\/\" data-orig-file=\"https:\/\/i0.wp.com\/caetenews.com.br\/semana\/wp-content\/uploads\/2025\/02\/10444.jpg?fit=728%2C410&amp;ssl=1\" data-orig-size=\"728,410\" data-comments-opened=\"0\" data-image-meta=\"{&quot;aperture&quot;:&quot;0&quot;,&quot;credit&quot;:&quot;&quot;,&quot;camera&quot;:&quot;&quot;,&quot;caption&quot;:&quot;&quot;,&quot;created_timestamp&quot;:&quot;0&quot;,&quot;copyright&quot;:&quot;&quot;,&quot;focal_length&quot;:&quot;0&quot;,&quot;iso&quot;:&quot;0&quot;,&quot;shutter_speed&quot;:&quot;0&quot;,&quot;title&quot;:&quot;&quot;,&quot;orientation&quot;:&quot;0&quot;}\" data-image-title=\"\u2018Origem\" data-image-description=\"\" data-image-caption=\"&lt;p&gt;Terceira temporada de \u2018Origem\u2019 chega ao Globoplay&amp;#8230;.&lt;\/p&gt;\n\" data-large-file=\"https:\/\/i0.wp.com\/caetenews.com.br\/semana\/wp-content\/uploads\/2025\/02\/10444.jpg?fit=728%2C410&amp;ssl=1\" \/><\/a>\n<h4 class=\"pt-cv-title\"><a href=\"https:\/\/caetenews.com.br\/semana\/terceira-temporada-de-origem-chega-ao-globoplay\/\" class=\"_self\" target=\"_self\" >Terceira temporada de \u2018Origem\u2019 chega ao Globoplay<\/a><\/h4><\/div><\/div><\/div><\/div><\/div>\n<h2>\u00daltimas not\u00edcias das novelas<\/h2>\n<div class=\"wp-rss-template-container\" data-wpra-template=\"default\" data-template-ctx=\"eyJmZWVkcyI6IjEyOTExIn0=\">\n    <div class=\"wp-rss-aggregator wpra-list-template  \" data-page=\"1\">\n    \n    \n<ul class=\"wpra-item-list rss-aggregator wpra-item-list--bullets wpra-item-list--default\"\n    start=\"1\">\n                        <li class=\"wpra-item feed-item \">\n            \n            \n\n    <a  href=\"https:\/\/www.tvnovelas.com.br\/tvnews\/coracao-de-mae-atilla-decide-abrir-o-jogo-com-karsu\/\" target=\"_blank\" rel=\"nofollow\" class=\"\">Cora\u00e7\u00e3o de M\u00e3e: Atilla decide abrir o jogo com Karsu<\/a>\n\n\n\n\n\n\n<div class=\"wprss-feed-meta\">\n            <span class=\"feed-source\">\n            Source:\n\n                            TVNews\n                    <\/span>\n    \n            <span class=\"feed-date\">\n            Published on 2026-04-27\n        <\/span>\n    \n    <\/div>\n\n\n\n\n\n            \n        <\/li>\n                    <li class=\"wpra-item feed-item \">\n            \n            \n\n    <a  href=\"https:\/\/www.tvnovelas.com.br\/tvnews\/coracao-de-mae-adnan-e-preso-apos-denuncia-de-irmak\/\" target=\"_blank\" rel=\"nofollow\" class=\"\">Em Cora\u00e7\u00e3o de M\u00e3e: Adnan \u00e9 preso ap\u00f3s denuncia de Irmak<\/a>\n\n\n\n\n\n\n<div class=\"wprss-feed-meta\">\n            <span class=\"feed-source\">\n            Source:\n\n                            TVNews\n                    <\/span>\n    \n            <span class=\"feed-date\">\n            Published on 2026-04-26\n        <\/span>\n    \n    <\/div>\n\n\n\n\n\n            \n        <\/li>\n                    <li class=\"wpra-item feed-item \">\n            \n            \n\n    <a  href=\"https:\/\/www.tvnovelas.com.br\/tvnews\/coracao-acelerado-mulher-choca-janete-ao-se-apresentar-como-amante-do-palhares\/\" target=\"_blank\" rel=\"nofollow\" class=\"\">Cora\u00e7\u00e3o Acelerado: Mulher choca Janete ao se apresentar como amante do Palhares<\/a>\n\n\n\n\n\n\n<div class=\"wprss-feed-meta\">\n            <span class=\"feed-source\">\n            Source:\n\n                            TVNews\n                    <\/span>\n    \n            <span class=\"feed-date\">\n            Published on 2026-04-26\n        <\/span>\n    \n    <\/div>\n\n\n\n\n\n            \n        <\/li>\n                    <li class=\"wpra-item feed-item \">\n            \n            \n\n    <a  href=\"https:\/\/www.tvnovelas.com.br\/tvnews\/a-nobreza-do-amor-jendal-dobra-a-recompensa-por-alika\/\" target=\"_blank\" rel=\"nofollow\" class=\"\">A Nobreza do Amor: Jendal dobra a recompensa por Alika<\/a>\n\n\n\n\n\n\n<div class=\"wprss-feed-meta\">\n            <span class=\"feed-source\">\n            Source:\n\n                            TVNews\n                    <\/span>\n    \n            <span class=\"feed-date\">\n            Published on 2026-04-26\n        <\/span>\n    \n    <\/div>\n\n\n\n\n\n            \n        <\/li>\n                    <li class=\"wpra-item feed-item \">\n            \n            \n\n    <a  href=\"https:\/\/www.tvnovelas.com.br\/tvnews\/tres-gracas-bagda-e-preso-por-juquinha\/\" target=\"_blank\" rel=\"nofollow\" class=\"\">Tr\u00eas Gra\u00e7as:  Bagd\u00e1 \u00e9 preso por Juquinha<\/a>\n\n\n\n\n\n\n<div class=\"wprss-feed-meta\">\n            <span class=\"feed-source\">\n            Source:\n\n                            TVNews\n                    <\/span>\n    \n            <span class=\"feed-date\">\n            Published on 2026-04-26\n        <\/span>\n    \n    <\/div>\n\n\n\n\n\n            \n        <\/li>\n                    <li class=\"wpra-item feed-item \">\n            \n            \n\n    <a  href=\"https:\/\/www.tvnovelas.com.br\/tvnews\/a-nobreza-do-amor-virginia-e-humilhada-apos-perder-concurso-de-miss\/\" target=\"_blank\" rel=\"nofollow\" class=\"\">A Nobreza do Amor: Virg\u00ednia \u00e9 humilhada ap\u00f3s perder concurso de miss<\/a>\n\n\n\n\n\n\n<div class=\"wprss-feed-meta\">\n            <span class=\"feed-source\">\n            Source:\n\n                            TVNews\n                    <\/span>\n    \n            <span class=\"feed-date\">\n            Published on 2026-04-25\n        <\/span>\n    \n    <\/div>\n\n\n\n\n\n            \n        <\/li>\n                    <li class=\"wpra-item feed-item \">\n            \n            \n\n    <a  href=\"https:\/\/www.tvnovelas.com.br\/tvnews\/em-coracao-de-mae-nos-capitulos-da-semana-27-4-a-1o-05\/\" target=\"_blank\" rel=\"nofollow\" class=\"\">Em Cora\u00e7\u00e3o de M\u00e3e nos cap\u00edtulos da semana (27\/4 a 1\u00ba\/05)<\/a>\n\n\n\n\n\n\n<div class=\"wprss-feed-meta\">\n            <span class=\"feed-source\">\n            Source:\n\n                            TVNews\n                    <\/span>\n    \n            <span class=\"feed-date\">\n            Published on 2026-04-24\n        <\/span>\n    \n    <\/div>\n\n\n\n\n\n            \n        <\/li>\n                    <li class=\"wpra-item feed-item \">\n            \n            \n\n    <a  href=\"https:\/\/www.tvnovelas.com.br\/tvnews\/coracao-de-mae-adnan-confessa-a-karsu-traicao-a-irmak\/\" target=\"_blank\" rel=\"nofollow\" class=\"\">Cora\u00e7\u00e3o de M\u00e3e: Adnan confessa a Karsu trai\u00e7\u00e3o a Irmak<\/a>\n\n\n\n\n\n\n<div class=\"wprss-feed-meta\">\n            <span class=\"feed-source\">\n            Source:\n\n                            TVNews\n                    <\/span>\n    \n            <span class=\"feed-date\">\n            Published on 2026-04-23\n        <\/span>\n    \n    <\/div>\n\n\n\n\n\n            \n        <\/li>\n                    <li class=\"wpra-item feed-item \">\n            \n            \n\n    <a  href=\"https:\/\/www.tvnovelas.com.br\/tvnews\/chamas-do-destino-iskender-e-preso-apos-denuncia-de-cicek\/\" target=\"_blank\" rel=\"nofollow\" class=\"\">Chamas do Destino: Iskender \u00e9 preso ap\u00f3s den\u00fancia de Cicek<\/a>\n\n\n\n\n\n\n<div class=\"wprss-feed-meta\">\n            <span class=\"feed-source\">\n            Source:\n\n                            TVNews\n                    <\/span>\n    \n            <span class=\"feed-date\">\n            Published on 2026-04-23\n        <\/span>\n    \n    <\/div>\n\n\n\n\n\n            \n        <\/li>\n                    <li class=\"wpra-item feed-item \">\n            \n            \n\n    <a  href=\"https:\/\/www.tvnovelas.com.br\/tvnews\/a-nobreza-do-amor-alika-desbanca-virginia-e-garante-vitoria-de-eugenia\/\" target=\"_blank\" rel=\"nofollow\" class=\"\">A Nobreza do Amor: Alika desbanca Virg\u00ednia e garante vit\u00f3ria de Eug\u00eania<\/a>\n\n\n\n\n\n\n<div class=\"wprss-feed-meta\">\n            <span class=\"feed-source\">\n            Source:\n\n                            TVNews\n                    <\/span>\n    \n            <span class=\"feed-date\">\n            Published on 2026-04-23\n        <\/span>\n    \n    <\/div>\n\n\n\n\n\n            \n        <\/li>\n                    <li class=\"wpra-item feed-item \">\n            \n            \n\n    <a  href=\"https:\/\/www.tvnovelas.com.br\/tvnews\/tres-gracas-arminda-flagra-ferette-e-samira\/\" target=\"_blank\" rel=\"nofollow\" class=\"\">Tr\u00eas Gra\u00e7as: Arminda flagra Ferette e Samira<\/a>\n\n\n\n\n\n\n<div class=\"wprss-feed-meta\">\n            <span class=\"feed-source\">\n            Source:\n\n                            TVNews\n                    <\/span>\n    \n            <span class=\"feed-date\">\n            Published on 2026-04-23\n        <\/span>\n    \n    <\/div>\n\n\n\n\n\n            \n        <\/li>\n                    <li class=\"wpra-item feed-item \">\n            \n            \n\n    <a  href=\"https:\/\/www.tvnovelas.com.br\/tvnews\/chamas-do-destino-seher-permite-que-cemre-visite-ozan\/\" target=\"_blank\" rel=\"nofollow\" class=\"\">Chamas do Destino: Seher permite que Cemre visite Ozan<\/a>\n\n\n\n\n\n\n<div class=\"wprss-feed-meta\">\n            <span class=\"feed-source\">\n            Source:\n\n                            TVNews\n                    <\/span>\n    \n            <span class=\"feed-date\">\n            Published on 2026-04-22\n        <\/span>\n    \n    <\/div>\n\n\n\n\n\n            \n        <\/li>\n                    <li class=\"wpra-item feed-item \">\n            \n            \n\n    <a  href=\"https:\/\/www.tvnovelas.com.br\/tvnews\/coracao-de-mae-karsu-conta-a-irmak-sobre-a-traicao-de-adnan\/\" target=\"_blank\" rel=\"nofollow\" class=\"\">Cora\u00e7\u00e3o de M\u00e3e: Karsu conta a Irmak sobre a trai\u00e7\u00e3o de Adnan<\/a>\n\n\n\n\n\n\n<div class=\"wprss-feed-meta\">\n            <span class=\"feed-source\">\n            Source:\n\n                            TVNews\n                    <\/span>\n    \n            <span class=\"feed-date\">\n            Published on 2026-04-22\n        <\/span>\n    \n    <\/div>\n\n\n\n\n\n            \n        <\/li>\n                    <li class=\"wpra-item feed-item \">\n            \n            \n\n    <a  href=\"https:\/\/www.tvnovelas.com.br\/tvnews\/a-nobreza-do-amor-alika-flagra-sabotagem-de-virginia-e-graca\/\" target=\"_blank\" rel=\"nofollow\" class=\"\">A Nobreza do Amor: Alika flagra sabotagem de Virg\u00ednia e Gra\u00e7a<\/a>\n\n\n\n\n\n\n<div class=\"wprss-feed-meta\">\n            <span class=\"feed-source\">\n            Source:\n\n                            TVNews\n                    <\/span>\n    \n            <span class=\"feed-date\">\n            Published on 2026-04-22\n        <\/span>\n    \n    <\/div>\n\n\n\n\n\n            \n        <\/li>\n                    <li class=\"wpra-item feed-item \">\n            \n            \n\n    <a  href=\"https:\/\/www.tvnovelas.com.br\/tvnews\/tres-gracas-joaquim-revela-a-paulinho-e-gerluce-que-arminda-matou-celio\/\" target=\"_blank\" rel=\"nofollow\" class=\"\">Tr\u00eas Gra\u00e7as: Joaquim revela a Paulinho e Gerluce que Arminda matou C\u00e9lio<\/a>\n\n\n\n\n\n\n<div class=\"wprss-feed-meta\">\n            <span class=\"feed-source\">\n            Source:\n\n                            TVNews\n                    <\/span>\n    \n            <span class=\"feed-date\">\n            Published on 2026-04-22\n        <\/span>\n    \n    <\/div>\n\n\n\n\n\n            \n        <\/li>\n        <\/ul>\n\n        \n<\/div>\n\n<\/div>\n\n","protected":false},"excerpt":{"rendered":"<p>Resumos de Novelas: Vale Tudo<\/p>\n","protected":false},"author":1,"featured_media":11494,"comment_status":"closed","ping_status":"closed","sticky":false,"template":"","format":"standard","meta":{"_monsterinsights_skip_tracking":false,"_monsterinsights_sitenote_active":false,"_monsterinsights_sitenote_note":"","_monsterinsights_sitenote_category":0,"_jetpack_memberships_contains_paid_content":false,"footnotes":"","jetpack_publicize_message":"","jetpack_publicize_feature_enabled":true,"jetpack_social_post_already_shared":true,"jetpack_social_options":{"image_generator_settings":{"template":"highway","default_image_id":0,"font":"","enabled":false},"version":2},"_wp_rev_ctl_limit":""},"categories":[279,24],"tags":[92,91,31,331],"class_list":["post-11493","post","type-post","status-publish","format-standard","has-post-thumbnail","hentry","category-globo","category-resumos-de-novelas","tag-globo","tag-novelas","tag-resumos-de-novelas","tag-vale-tudo"],"aioseo_notices":[],"jetpack_publicize_connections":[],"jetpack_featured_media_url":"https:\/\/i0.wp.com\/caetenews.com.br\/semana\/wp-content\/uploads\/2025\/03\/10759.jpg?fit=728%2C450&ssl=1","jetpack_shortlink":"https:\/\/wp.me\/pcIKFi-2Zn","jetpack_sharing_enabled":true,"jetpack_likes_enabled":true,"jetpack-related-posts":[{"id":11102,"url":"https:\/\/caetenews.com.br\/semana\/classicos-das-novelas-da-globo-no-globoplay-neste-mes-de-janeiro-2025\/","url_meta":{"origin":11493,"position":0},"title":"Cl\u00e1ssicos das novelas da Globo no Globoplay neste m\u00eas de janeiro\/2025","author":"Paulo Ant\u00f4nio","date":"08\/01\/2025","format":false,"excerpt":"Novelas da Globo no Globoplay.... Miniss\u00e9rie \u2018Mad Maria\u2019 e novelas \u2018Esplendor\u2019, \u2018Perigosas Peruas\u2019 e \u2018Espelho M\u00e1gico\u2019 est\u00e3o entre as estreias agendadas para este m\u00eas de janeiro\/2025. no cat\u00e1logo do Globoplay. Confira as estreias do m\u00eas:","rel":"","context":"Em &quot;Globoplay&quot;","block_context":{"text":"Globoplay","link":"https:\/\/caetenews.com.br\/semana\/category\/globoplay\/"},"img":{"alt_text":"Foto em Em Vale Tudo: Maria de F\u00e1tima despreza Raquel...","src":"https:\/\/i0.wp.com\/caetenews.com.br\/semana\/wp-content\/uploads\/2025\/01\/40701.jpg?fit=728%2C410&ssl=1&resize=350%2C200","width":350,"height":200,"srcset":"https:\/\/i0.wp.com\/caetenews.com.br\/semana\/wp-content\/uploads\/2025\/01\/40701.jpg?fit=728%2C410&ssl=1&resize=350%2C200 1x, https:\/\/i0.wp.com\/caetenews.com.br\/semana\/wp-content\/uploads\/2025\/01\/40701.jpg?fit=728%2C410&ssl=1&resize=525%2C300 1.5x, https:\/\/i0.wp.com\/caetenews.com.br\/semana\/wp-content\/uploads\/2025\/01\/40701.jpg?fit=728%2C410&ssl=1&resize=700%2C400 2x"},"classes":[]},{"id":4908,"url":"https:\/\/caetenews.com.br\/semana\/fatima-a-historia-de-um-milagre-estreia-no-cinema-na-quinta-feira-dia-14\/","url_meta":{"origin":11493,"position":1},"title":"&#8216;F\u00e1tima &#8211; A Hist\u00f3ria de Um Milagre&#8217; estreia no cinema na quinta-feira, dia 14","author":"Paulo Ant\u00f4nio","date":"10\/10\/2021","format":false,"excerpt":"No Cinema: 'F\u00e1tima - A Hist\u00f3ria de Um Milagre' Drama Estreia oficial em 14 de outubro Diretor: Marco Pontecorvo Elenco: S\u00f4nia Braga: Hermana Lucia Joaquim de Almeida: Padre Ferreira Stephanie Gil: Lucia (jovem) Harvey Keitel: Profesor Nichols Dura\u00e7\u00e3o: 120 min Classifica\u00e7\u00e3o: 12 Anos Em F\u00e1tima \u2013 A Hist\u00f3ria de um\u2026","rel":"","context":"Em &quot;Cinema&quot;","block_context":{"text":"Cinema","link":"https:\/\/caetenews.com.br\/semana\/category\/cinema\/"},"img":{"alt_text":"foto de F\u00e1tima - A Hist\u00f3ria de Um Milagre, em estreia no cinema","src":"https:\/\/i0.wp.com\/caetenews.com.br\/semana\/wp-content\/uploads\/2021\/10\/fatima.jpg?fit=599%2C393&ssl=1&resize=350%2C200","width":350,"height":200,"srcset":"https:\/\/i0.wp.com\/caetenews.com.br\/semana\/wp-content\/uploads\/2021\/10\/fatima.jpg?fit=599%2C393&ssl=1&resize=350%2C200 1x, https:\/\/i0.wp.com\/caetenews.com.br\/semana\/wp-content\/uploads\/2021\/10\/fatima.jpg?fit=599%2C393&ssl=1&resize=525%2C300 1.5x"},"classes":[]},{"id":6863,"url":"https:\/\/caetenews.com.br\/semana\/resumos-de-novela-mulheres-de-areia-de-09-a-13-de-outubro\/","url_meta":{"origin":11493,"position":2},"title":"Resumos de Novela: Mulheres de Areia de 19 a 23\/02","author":"Paulo Ant\u00f4nio","date":"17\/11\/2023","format":false,"excerpt":"Resumos de Novela: Mulheres de Areia. No cap\u00edtulo desta segunda, dia 22 de janeiro, Ruth e Marcos se declaram em festa. Virg\u00edlio aconselha Andrea n\u00e3o sentir ci\u00fame...","rel":"","context":"Em &quot;In\u00edcio&quot;","block_context":{"text":"In\u00edcio","link":"https:\/\/caetenews.com.br\/semana\/category\/tv-aberta\/"},"img":{"alt_text":"Foto de cena, em Resumos de Mulheres de Areia","src":"https:\/\/i0.wp.com\/caetenews.com.br\/semana\/resumos\/mulheresdeareia01.jpg?resize=350%2C200&ssl=1","width":350,"height":200,"srcset":"https:\/\/i0.wp.com\/caetenews.com.br\/semana\/resumos\/mulheresdeareia01.jpg?resize=350%2C200&ssl=1 1x, https:\/\/i0.wp.com\/caetenews.com.br\/semana\/resumos\/mulheresdeareia01.jpg?resize=525%2C300&ssl=1 1.5x, https:\/\/i0.wp.com\/caetenews.com.br\/semana\/resumos\/mulheresdeareia01.jpg?resize=700%2C400&ssl=1 2x"},"classes":[]},{"id":5549,"url":"https:\/\/caetenews.com.br\/semana\/resumos-de-novelas-amor-perfeito-de-22-a-27-de-maio\/","url_meta":{"origin":11493,"position":3},"title":"Resumos de novelas: Amor Perfeito de 22 a 27 de maio","author":"Paulo Ant\u00f4nio","date":"21\/05\/2023","format":false,"excerpt":"Em Amor Perfeito de 22 a 27 de maio, na segunda-feira, 22 de maio, Luc\u00edlia comunica a Orlando que vendeu a casa deles em Belo Horizonte. J\u00falio e S\u00f4nia se amam. Ver\u00f4nica sugere...","rel":"","context":"Em &quot;Novelas&quot;","block_context":{"text":"Novelas","link":"https:\/\/caetenews.com.br\/semana\/category\/novelas\/"},"img":{"alt_text":"Foto em","src":"https:\/\/i0.wp.com\/caetenews.com.br\/semana\/wp-content\/uploads\/2023\/05\/049.jpg?fit=728%2C410&ssl=1&resize=350%2C200","width":350,"height":200,"srcset":"https:\/\/i0.wp.com\/caetenews.com.br\/semana\/wp-content\/uploads\/2023\/05\/049.jpg?fit=728%2C410&ssl=1&resize=350%2C200 1x, https:\/\/i0.wp.com\/caetenews.com.br\/semana\/wp-content\/uploads\/2023\/05\/049.jpg?fit=728%2C410&ssl=1&resize=525%2C300 1.5x, https:\/\/i0.wp.com\/caetenews.com.br\/semana\/wp-content\/uploads\/2023\/05\/049.jpg?fit=728%2C410&ssl=1&resize=700%2C400 2x"},"classes":[]},{"id":46538,"url":"https:\/\/caetenews.com.br\/semana\/resumos-de-novelas-tres-gracas\/","url_meta":{"origin":11493,"position":4},"title":"Resumos de Novelas: Tr\u00eas Gra\u00e7as","author":"Paulo Ant\u00f4nio","date":"25\/10\/2025","format":false,"excerpt":"Resumos de Novelas: Tr\u00eas Gra\u00e7as... Os resumos da semana na novela das 21h da Globo...","rel":"","context":"Em &quot;Globo&quot;","block_context":{"text":"Globo","link":"https:\/\/caetenews.com.br\/semana\/category\/globo\/"},"img":{"alt_text":"Foto em Resumos de Novelas: Tr\u00eas Gra\u00e7as","src":"https:\/\/i0.wp.com\/caetenews.com.br\/semana\/wp-content\/uploads\/2025\/10\/12235.jpg?fit=728%2C409&ssl=1&resize=350%2C200","width":350,"height":200,"srcset":"https:\/\/i0.wp.com\/caetenews.com.br\/semana\/wp-content\/uploads\/2025\/10\/12235.jpg?fit=728%2C409&ssl=1&resize=350%2C200 1x, https:\/\/i0.wp.com\/caetenews.com.br\/semana\/wp-content\/uploads\/2025\/10\/12235.jpg?fit=728%2C409&ssl=1&resize=525%2C300 1.5x, https:\/\/i0.wp.com\/caetenews.com.br\/semana\/wp-content\/uploads\/2025\/10\/12235.jpg?fit=728%2C409&ssl=1&resize=700%2C400 2x"},"classes":[]},{"id":5744,"url":"https:\/\/caetenews.com.br\/semana\/resumo-de-novelas-amor-perfeito\/","url_meta":{"origin":11493,"position":5},"title":"Resumos de novelas: Amor Perfeito de 18 a 23 de setembro","author":"Paulo Ant\u00f4nio","date":"02\/07\/2023","format":false,"excerpt":"No cap\u00edtulo desta segunda-feira, 18 de setembro, o juiz convoca Leonel a depor, e o empres\u00e1rio acusa Gilda de ter atentado contra ele. Gilda \u00e9 presa, e todos se espantam com as revela\u00e7\u00f5es de Leonel...","rel":"","context":"Em &quot;Resumos de Novelas&quot;","block_context":{"text":"Resumos de Novelas","link":"https:\/\/caetenews.com.br\/semana\/category\/resumos-de-novelas\/"},"img":{"alt_text":"Foto em Foto em Resumos de novelas: Amor Perfeito","src":"https:\/\/i0.wp.com\/caetenews.com.br\/semana\/wp-content\/uploads\/2023\/09\/098.jpg?fit=728%2C450&ssl=1&resize=350%2C200","width":350,"height":200,"srcset":"https:\/\/i0.wp.com\/caetenews.com.br\/semana\/wp-content\/uploads\/2023\/09\/098.jpg?fit=728%2C450&ssl=1&resize=350%2C200 1x, https:\/\/i0.wp.com\/caetenews.com.br\/semana\/wp-content\/uploads\/2023\/09\/098.jpg?fit=728%2C450&ssl=1&resize=525%2C300 1.5x, https:\/\/i0.wp.com\/caetenews.com.br\/semana\/wp-content\/uploads\/2023\/09\/098.jpg?fit=728%2C450&ssl=1&resize=700%2C400 2x"},"classes":[]}],"_links":{"self":[{"href":"https:\/\/caetenews.com.br\/semana\/wp-json\/wp\/v2\/posts\/11493","targetHints":{"allow":["GET"]}}],"collection":[{"href":"https:\/\/caetenews.com.br\/semana\/wp-json\/wp\/v2\/posts"}],"about":[{"href":"https:\/\/caetenews.com.br\/semana\/wp-json\/wp\/v2\/types\/post"}],"author":[{"embeddable":true,"href":"https:\/\/caetenews.com.br\/semana\/wp-json\/wp\/v2\/users\/1"}],"replies":[{"embeddable":true,"href":"https:\/\/caetenews.com.br\/semana\/wp-json\/wp\/v2\/comments?post=11493"}],"version-history":[{"count":4,"href":"https:\/\/caetenews.com.br\/semana\/wp-json\/wp\/v2\/posts\/11493\/revisions"}],"predecessor-version":[{"id":46487,"href":"https:\/\/caetenews.com.br\/semana\/wp-json\/wp\/v2\/posts\/11493\/revisions\/46487"}],"wp:featuredmedia":[{"embeddable":true,"href":"https:\/\/caetenews.com.br\/semana\/wp-json\/wp\/v2\/media\/11494"}],"wp:attachment":[{"href":"https:\/\/caetenews.com.br\/semana\/wp-json\/wp\/v2\/media?parent=11493"}],"wp:term":[{"taxonomy":"category","embeddable":true,"href":"https:\/\/caetenews.com.br\/semana\/wp-json\/wp\/v2\/categories?post=11493"},{"taxonomy":"post_tag","embeddable":true,"href":"https:\/\/caetenews.com.br\/semana\/wp-json\/wp\/v2\/tags?post=11493"}],"curies":[{"name":"wp","href":"https:\/\/api.w.org\/{rel}","templated":true}]}}