{"id":3577,"date":"2021-01-12T17:28:34","date_gmt":"2021-01-12T20:28:34","guid":{"rendered":"https:\/\/caetenews.com.br\/semana\/?p=3577"},"modified":"2021-01-12T17:31:23","modified_gmt":"2021-01-12T20:31:23","slug":"chiquititas-perdidos-na-floresta-rola-um-clima-entre-mili-e-mosca","status":"publish","type":"post","link":"https:\/\/caetenews.com.br\/semana\/chiquititas-perdidos-na-floresta-rola-um-clima-entre-mili-e-mosca\/","title":{"rendered":"Chiquititas: Perdidos na floresta, rola um clima entre Mili e Mosca"},"content":{"rendered":"<p><img data-recalc-dims=\"1\" fetchpriority=\"high\" decoding=\"async\" data-attachment-id=\"3578\" data-permalink=\"https:\/\/caetenews.com.br\/semana\/chiquititas-perdidos-na-floresta-rola-um-clima-entre-mili-e-mosca\/attachment\/26198\/\" data-orig-file=\"https:\/\/i0.wp.com\/caetenews.com.br\/semana\/wp-content\/uploads\/2021\/01\/26198.jpg?fit=600%2C340&amp;ssl=1\" data-orig-size=\"600,340\" data-comments-opened=\"0\" data-image-meta=\"{&quot;aperture&quot;:&quot;0&quot;,&quot;credit&quot;:&quot;&quot;,&quot;camera&quot;:&quot;&quot;,&quot;caption&quot;:&quot;&quot;,&quot;created_timestamp&quot;:&quot;0&quot;,&quot;copyright&quot;:&quot;&quot;,&quot;focal_length&quot;:&quot;0&quot;,&quot;iso&quot;:&quot;0&quot;,&quot;shutter_speed&quot;:&quot;0&quot;,&quot;title&quot;:&quot;&quot;,&quot;orientation&quot;:&quot;0&quot;}\" data-image-title=\"Chiquititas\" data-image-description=\"\" data-image-caption=\"\" data-large-file=\"https:\/\/i0.wp.com\/caetenews.com.br\/semana\/wp-content\/uploads\/2021\/01\/26198.jpg?fit=600%2C340&amp;ssl=1\" class=\"alignnone wp-image-3578 size-full\" title=\"(Foto: SBT\/Chiquititas)\" src=\"https:\/\/i0.wp.com\/caetenews.com.br\/semana\/wp-content\/uploads\/2021\/01\/26198.jpg?resize=600%2C340&#038;ssl=1\" alt=\"Foto de MIle Mosca\" width=\"600\" height=\"340\" srcset=\"https:\/\/i0.wp.com\/caetenews.com.br\/semana\/wp-content\/uploads\/2021\/01\/26198.jpg?w=600&amp;ssl=1 600w, https:\/\/i0.wp.com\/caetenews.com.br\/semana\/wp-content\/uploads\/2021\/01\/26198.jpg?resize=300%2C170&amp;ssl=1 300w\" sizes=\"(max-width: 600px) 100vw, 600px\" \/><br \/>\nDepois de sa\u00edrem para procurar comida, Mili e Mosca se perdem no meio da floresta e um clima rola entre eles<\/p>\n<p>No cap\u00edtulo 134 da novela Chiquititas, Mili e Mosca se perderam no meio da floresta e tiveram que passar a noite em um acampamento improvisado por eles.<\/p>\n<p>Durante uma conversa, Mili perguntou para Mosca para onde que ele estava olhando e o menino declarou que estava olhando para a boca dela.<\/p>\n<p>Um clima rolou entre eles e os pombinhos quase se beijam, mas Mili o interrompeu e disse que queria explicar de novo para ele os motivos pelo qual eles n\u00e3o est\u00e3o juntos.<\/p>\n<p><strong>Confira os resumos da novela de 11 a 23 de janeiro<\/strong><\/p>\n","protected":false},"excerpt":{"rendered":"<p>Depois de sa\u00edrem para procurar comida, Mili e Mosca se perdem no meio da floresta e um clima rola entre eles No cap\u00edtulo 134 da novela Chiquititas, Mili e Mosca se perderam no meio da floresta e tiveram que passar a noite em um acampamento improvisado por eles. Durante uma conversa, Mili perguntou para Mosca [&hellip;]<\/p>\n","protected":false},"author":1,"featured_media":3578,"comment_status":"closed","ping_status":"open","sticky":false,"template":"","format":"standard","meta":{"_monsterinsights_skip_tracking":false,"_monsterinsights_sitenote_active":false,"_monsterinsights_sitenote_note":"","_monsterinsights_sitenote_category":0,"_jetpack_memberships_contains_paid_content":false,"footnotes":"","jetpack_publicize_message":"","jetpack_publicize_feature_enabled":true,"jetpack_social_post_already_shared":true,"jetpack_social_options":{"image_generator_settings":{"template":"highway","default_image_id":0,"font":"","enabled":false},"version":2},"_wp_rev_ctl_limit":""},"categories":[24],"tags":[89,86],"class_list":["post-3577","post","type-post","status-publish","format-standard","has-post-thumbnail","hentry","category-resumos-de-novelas","tag-chiquititas","tag-sbt"],"aioseo_notices":[],"jetpack_publicize_connections":[],"jetpack_featured_media_url":"https:\/\/i0.wp.com\/caetenews.com.br\/semana\/wp-content\/uploads\/2021\/01\/26198.jpg?fit=600%2C340&ssl=1","jetpack_shortlink":"https:\/\/wp.me\/pcIKFi-VH","jetpack_sharing_enabled":true,"jetpack_likes_enabled":true,"jetpack-related-posts":[{"id":3592,"url":"https:\/\/caetenews.com.br\/semana\/resumos-das-novelas\/","url_meta":{"origin":3577,"position":0},"title":"Resumos das novelas","author":"Paulo Ant\u00f4nio","date":"14\/01\/2021","format":false,"excerpt":"Resumos de todas as novelas em exibi\u00e7\u00e3o na Globo, SBT, Recorde e Band. A For\u00e7a do Querer, Haja Cora\u00e7\u00e3o, Flor do Caribe, Malha\u00e7\u00e3o, Chiquititas, Floribella, Quando Me Apaixono, Triunfo do Amor, Jesus, Amor Sem Igual...","rel":"","context":"Em &quot;In\u00edcio&quot;","block_context":{"text":"In\u00edcio","link":"https:\/\/caetenews.com.br\/semana\/category\/tv-aberta\/"},"img":{"alt_text":"Foto de MIle Mosca","src":"https:\/\/i0.wp.com\/caetenews.com.br\/semana\/wp-content\/uploads\/2021\/01\/26198.jpg?fit=600%2C340&ssl=1&resize=350%2C200","width":350,"height":200,"srcset":"https:\/\/i0.wp.com\/caetenews.com.br\/semana\/wp-content\/uploads\/2021\/01\/26198.jpg?fit=600%2C340&ssl=1&resize=350%2C200 1x, https:\/\/i0.wp.com\/caetenews.com.br\/semana\/wp-content\/uploads\/2021\/01\/26198.jpg?fit=600%2C340&ssl=1&resize=525%2C300 1.5x"},"classes":[]},{"id":3651,"url":"https:\/\/caetenews.com.br\/semana\/chiquititas-duda-e-mili-fogem-do-orfanato-e-se-dao-mal\/","url_meta":{"origin":3577,"position":1},"title":"Chiquititas: Duda e Mili fogem do orfanato e se d\u00e3o mal","author":"Paulo Ant\u00f4nio","date":"20\/01\/2021","format":false,"excerpt":"No cap\u00edtulo desta quinta-feira, dia 21, Duda prop\u00f5e que ele e Mili fujam do orfanato Raio de Luz. Para evitar a transfer\u00eancia, a menina aceita. Durante a fuga, Duda e Mili se deparam com bandidos e percebem que entraram em uma fria. Confira o resumo completo de Chiquititas https:\/\/www.tvnovelas.com.br\/novelas\/resumos-de-chiquititas\/","rel":"","context":"Em &quot;Resumos de Novelas&quot;","block_context":{"text":"Resumos de Novelas","link":"https:\/\/caetenews.com.br\/semana\/category\/resumos-de-novelas\/"},"img":{"alt_text":"Foto de Duda e Mili","src":"https:\/\/i0.wp.com\/caetenews.com.br\/semana\/wp-content\/uploads\/2021\/01\/26250.jpg?fit=600%2C346&ssl=1&resize=350%2C200","width":350,"height":200,"srcset":"https:\/\/i0.wp.com\/caetenews.com.br\/semana\/wp-content\/uploads\/2021\/01\/26250.jpg?fit=600%2C346&ssl=1&resize=350%2C200 1x, https:\/\/i0.wp.com\/caetenews.com.br\/semana\/wp-content\/uploads\/2021\/01\/26250.jpg?fit=600%2C346&ssl=1&resize=525%2C300 1.5x"},"classes":[]},{"id":5563,"url":"https:\/\/caetenews.com.br\/semana\/programacao-sbt-da-semana-29-05-a-04-de-junho\/","url_meta":{"origin":3577,"position":2},"title":"Programa\u00e7\u00e3o SBT da semana 29\/05 a 04 de junho","author":"Paulo Ant\u00f4nio","date":"27\/05\/2023","format":false,"excerpt":"Programa\u00e7\u00e3o SBT da semana 29\/05 a 04 de junho d 2023","rel":"","context":"Em &quot;TV&quot;","block_context":{"text":"TV","link":"https:\/\/caetenews.com.br\/semana\/category\/tv\/"},"img":{"alt_text":"Foto de Tr\u00eas Vezes Ana na Programa\u00e7\u00e3o do SBT de","src":"https:\/\/i0.wp.com\/caetenews.com.br\/semana\/wp-content\/uploads\/2023\/05\/052.jpg?fit=728%2C450&ssl=1&resize=350%2C200","width":350,"height":200,"srcset":"https:\/\/i0.wp.com\/caetenews.com.br\/semana\/wp-content\/uploads\/2023\/05\/052.jpg?fit=728%2C450&ssl=1&resize=350%2C200 1x, https:\/\/i0.wp.com\/caetenews.com.br\/semana\/wp-content\/uploads\/2023\/05\/052.jpg?fit=728%2C450&ssl=1&resize=525%2C300 1.5x, https:\/\/i0.wp.com\/caetenews.com.br\/semana\/wp-content\/uploads\/2023\/05\/052.jpg?fit=728%2C450&ssl=1&resize=700%2C400 2x"},"classes":[]},{"id":8500,"url":"https:\/\/caetenews.com.br\/semana\/resumos-de-novela-familia-e-tudo-da-semana-04-a-09-03\/","url_meta":{"origin":3577,"position":3},"title":"Resumos de novela: Fam\u00edlia \u00e9 Tudo (09 a 14\/09)","author":"Paulo Ant\u00f4nio","date":"13\/05\/2024","format":false,"excerpt":"Resumos de novela: Fam\u00edlia \u00e9 Tudo desta segunda ,dia 02 de setembro, Ram\u00f3n se surpreende com o conte\u00fado da conversa de V\u00eanus. Wilson tenta consolar Laurinha...","rel":"","context":"Em &quot;Novelas&quot;","block_context":{"text":"Novelas","link":"https:\/\/caetenews.com.br\/semana\/category\/novelas\/"},"img":{"alt_text":"Foto em Resumos de novela: Fam\u00edlia \u00e9 Tudo","src":"https:\/\/i0.wp.com\/caetenews.com.br\/semana\/wp-content\/uploads\/2024\/03\/39710.jpg?fit=728%2C410&ssl=1&resize=350%2C200","width":350,"height":200,"srcset":"https:\/\/i0.wp.com\/caetenews.com.br\/semana\/wp-content\/uploads\/2024\/03\/39710.jpg?fit=728%2C410&ssl=1&resize=350%2C200 1x, https:\/\/i0.wp.com\/caetenews.com.br\/semana\/wp-content\/uploads\/2024\/03\/39710.jpg?fit=728%2C410&ssl=1&resize=525%2C300 1.5x, https:\/\/i0.wp.com\/caetenews.com.br\/semana\/wp-content\/uploads\/2024\/03\/39710.jpg?fit=728%2C410&ssl=1&resize=700%2C400 2x"},"classes":[]},{"id":4139,"url":"https:\/\/caetenews.com.br\/semana\/malhacao-edgard-flagra-jade-com-cobra\/","url_meta":{"origin":3577,"position":4},"title":"Malha\u00e7\u00e3o: Edgard flagra Jade com Cobra","author":"Paulo Ant\u00f4nio","date":"15\/04\/2021","format":false,"excerpt":"Depois de toda a tens\u00e3o que rolou com Cobra, Jade se entrega aos beijos do lutador. Mas ela n\u00e3o contava que Edgard (Guilherme Piva) fosse passar na rua bem na hora e flagrar o momento quente entre os dois. Morrendo de medo do seu encontro chegar aos ouvidos de Lucr\u00e9cia\u2026","rel":"","context":"Em &quot;Not\u00edcias das novelas&quot;","block_context":{"text":"Not\u00edcias das novelas","link":"https:\/\/caetenews.com.br\/semana\/category\/noticias-das-nov-elas\/"},"img":{"alt_text":"Foto de Jade com Edgar","src":"https:\/\/i0.wp.com\/caetenews.com.br\/semana\/wp-content\/uploads\/2021\/04\/28987.jpg?fit=600%2C357&ssl=1&resize=350%2C200","width":350,"height":200,"srcset":"https:\/\/i0.wp.com\/caetenews.com.br\/semana\/wp-content\/uploads\/2021\/04\/28987.jpg?fit=600%2C357&ssl=1&resize=350%2C200 1x, https:\/\/i0.wp.com\/caetenews.com.br\/semana\/wp-content\/uploads\/2021\/04\/28987.jpg?fit=600%2C357&ssl=1&resize=525%2C300 1.5x"},"classes":[]},{"id":3839,"url":"https:\/\/caetenews.com.br\/semana\/flor-do-caribe-rola-uma-quimica-entre-veridiana-e-manolo\/","url_meta":{"origin":3577,"position":5},"title":"Flor do Caribe: Rola uma qu\u00edmica entre Veridiana e Manolo","author":"Paulo Ant\u00f4nio","date":"03\/02\/2021","format":false,"excerpt":"Manolo (Elias Gleizer) chegou at\u00e9 a cidade de Vila dos Ventos decidido a ajudar Samuel (Juca de Oliveira) a colocar Dion\u00edsio (S\u00e9rgio Mamberti) atr\u00e1s das grades. Quando o cigano descobre que Candinho (Jos\u00e9 Loreto) \u00e9 filho do seu antigo carrasco, ele decide conhecer o rapaz. Chegando ao s\u00edtio, fica evidente\u2026","rel":"","context":"Em &quot;Not\u00edcias das novelas&quot;","block_context":{"text":"Not\u00edcias das novelas","link":"https:\/\/caetenews.com.br\/semana\/category\/noticias-das-nov-elas\/"},"img":{"alt_text":"Foto de Veridiana com Manolo","src":"https:\/\/i0.wp.com\/caetenews.com.br\/semana\/wp-content\/uploads\/2021\/02\/26340.jpg?fit=600%2C338&ssl=1&resize=350%2C200","width":350,"height":200,"srcset":"https:\/\/i0.wp.com\/caetenews.com.br\/semana\/wp-content\/uploads\/2021\/02\/26340.jpg?fit=600%2C338&ssl=1&resize=350%2C200 1x, https:\/\/i0.wp.com\/caetenews.com.br\/semana\/wp-content\/uploads\/2021\/02\/26340.jpg?fit=600%2C338&ssl=1&resize=525%2C300 1.5x"},"classes":[]}],"_links":{"self":[{"href":"https:\/\/caetenews.com.br\/semana\/wp-json\/wp\/v2\/posts\/3577","targetHints":{"allow":["GET"]}}],"collection":[{"href":"https:\/\/caetenews.com.br\/semana\/wp-json\/wp\/v2\/posts"}],"about":[{"href":"https:\/\/caetenews.com.br\/semana\/wp-json\/wp\/v2\/types\/post"}],"author":[{"embeddable":true,"href":"https:\/\/caetenews.com.br\/semana\/wp-json\/wp\/v2\/users\/1"}],"replies":[{"embeddable":true,"href":"https:\/\/caetenews.com.br\/semana\/wp-json\/wp\/v2\/comments?post=3577"}],"version-history":[{"count":0,"href":"https:\/\/caetenews.com.br\/semana\/wp-json\/wp\/v2\/posts\/3577\/revisions"}],"wp:featuredmedia":[{"embeddable":true,"href":"https:\/\/caetenews.com.br\/semana\/wp-json\/wp\/v2\/media\/3578"}],"wp:attachment":[{"href":"https:\/\/caetenews.com.br\/semana\/wp-json\/wp\/v2\/media?parent=3577"}],"wp:term":[{"taxonomy":"category","embeddable":true,"href":"https:\/\/caetenews.com.br\/semana\/wp-json\/wp\/v2\/categories?post=3577"},{"taxonomy":"post_tag","embeddable":true,"href":"https:\/\/caetenews.com.br\/semana\/wp-json\/wp\/v2\/tags?post=3577"}],"curies":[{"name":"wp","href":"https:\/\/api.w.org\/{rel}","templated":true}]}}