{"id":3621,"date":"2021-01-18T13:53:48","date_gmt":"2021-01-18T16:53:48","guid":{"rendered":"https:\/\/caetenews.com.br\/semana\/?p=3621"},"modified":"2021-01-18T14:04:57","modified_gmt":"2021-01-18T17:04:57","slug":"veneza-estreia-nos-cinemas","status":"publish","type":"post","link":"https:\/\/caetenews.com.br\/semana\/veneza-estreia-nos-cinemas\/","title":{"rendered":"&#8216;Veneza&#8217; estreia nos cinemas"},"content":{"rendered":"<p><img data-recalc-dims=\"1\" fetchpriority=\"high\" decoding=\"async\" data-attachment-id=\"3622\" data-permalink=\"https:\/\/caetenews.com.br\/semana\/veneza-estreia-nos-cinemas\/veneza\/\" data-orig-file=\"https:\/\/i0.wp.com\/caetenews.com.br\/semana\/wp-content\/uploads\/2021\/01\/veneza.jpg?fit=600%2C399&amp;ssl=1\" data-orig-size=\"600,399\" data-comments-opened=\"0\" data-image-meta=\"{&quot;aperture&quot;:&quot;0&quot;,&quot;credit&quot;:&quot;&quot;,&quot;camera&quot;:&quot;&quot;,&quot;caption&quot;:&quot;&quot;,&quot;created_timestamp&quot;:&quot;0&quot;,&quot;copyright&quot;:&quot;&quot;,&quot;focal_length&quot;:&quot;0&quot;,&quot;iso&quot;:&quot;0&quot;,&quot;shutter_speed&quot;:&quot;0&quot;,&quot;title&quot;:&quot;&quot;,&quot;orientation&quot;:&quot;0&quot;}\" data-image-title=\"Veneza\" data-image-description=\"\" data-image-caption=\"\" data-large-file=\"https:\/\/i0.wp.com\/caetenews.com.br\/semana\/wp-content\/uploads\/2021\/01\/veneza.jpg?fit=600%2C399&amp;ssl=1\" src=\"https:\/\/i0.wp.com\/caetenews.com.br\/semana\/wp-content\/uploads\/2021\/01\/veneza.jpg?resize=600%2C399&#038;ssl=1\" alt=\"Foto de cena\" width=\"600\" height=\"399\" class=\"alignnone size-full wp-image-3622\" srcset=\"https:\/\/i0.wp.com\/caetenews.com.br\/semana\/wp-content\/uploads\/2021\/01\/veneza.jpg?w=600&amp;ssl=1 600w, https:\/\/i0.wp.com\/caetenews.com.br\/semana\/wp-content\/uploads\/2021\/01\/veneza.jpg?resize=300%2C200&amp;ssl=1 300w\" sizes=\"(max-width: 600px) 100vw, 600px\" \/><\/p>\n<h3>Veneza<\/h3>\n<p><em>Drama<\/em><br \/>\n<strong>Estreia prevista: 04\/02\/21<\/strong><br \/>\n<em>Inadequa\u00e7\u00f5es: Conte\u00fado Sexual\/ Viol\u00eancia\/ Drogas L\u00edcitas<br \/>\nDire\u00e7\u00e3o: Miguel Falabella<\/em><br \/>\nCom Dira Paes, Danielle Winits, Andre Mattos, Carmen Maura, Eduardo Moscovis, Carol Castro, Caio Manhente, Camila Vives<br \/>\nReencontrar o \u00fanico homem que amou \u00e9 o sonho de Gringa (Carmen Maura), dona de um bordel no interior do Brasil. Mesmo cega e muito doente, ela insiste em realizar seu \u00faltimo desejo: ir at\u00e9 Veneza para pedir perd\u00e3o ao amante que abandonou, d\u00e9cadas atr\u00e1s. Para lev\u00e1-la \u00e0 cidade italiana, Tonho (Eduardo Moscovis), Rita (Dira Paes) e as outras mo\u00e7as que trabalham para Gringa idealizam um fant\u00e1stico plano com a ajuda de uma trupe circense.<\/p>\n<p><iframe width=\"560\" height=\"315\" src=\"https:\/\/www.youtube.com\/embed\/zjbUDA_y-rA\" frameborder=\"0\" allow=\"accelerometer; autoplay; clipboard-write; encrypted-media; gyroscope; picture-in-picture\" allowfullscreen><\/iframe><\/p>\n<blockquote><p><a href=\"https:\/\/tvnovelas.com.br\/filmes\/filmes-em-estreia-nos-cinemas\/\" rel=\"noopener\" target=\"_blank\"><strong>Confira filmes em estreia nos cinemas<\/strong><\/a><\/p><\/blockquote>\n","protected":false},"excerpt":{"rendered":"<p>Veneza Drama Estreia prevista: 04\/02\/21 Inadequa\u00e7\u00f5es: Conte\u00fado Sexual\/ Viol\u00eancia\/ Drogas L\u00edcitas Dire\u00e7\u00e3o: Miguel Falabella Com Dira Paes, Danielle Winits, Andre Mattos, Carmen Maura, Eduardo Moscovis, Carol Castro, Caio Manhente, Camila Vives Reencontrar o \u00fanico homem que amou \u00e9 o sonho de Gringa (Carmen Maura), dona de um bordel no interior do Brasil. Mesmo cega e [&hellip;]<\/p>\n","protected":false},"author":1,"featured_media":0,"comment_status":"closed","ping_status":"open","sticky":false,"template":"","format":"standard","meta":{"_monsterinsights_skip_tracking":false,"_monsterinsights_sitenote_active":false,"_monsterinsights_sitenote_note":"","_monsterinsights_sitenote_category":0,"_jetpack_memberships_contains_paid_content":false,"footnotes":"","jetpack_publicize_message":"","jetpack_publicize_feature_enabled":true,"jetpack_social_post_already_shared":true,"jetpack_social_options":{"image_generator_settings":{"template":"highway","default_image_id":0,"font":"","enabled":false},"version":2},"_wp_rev_ctl_limit":""},"categories":[1],"tags":[],"class_list":["post-3621","post","type-post","status-publish","format-standard","hentry","category-tv-aberta"],"aioseo_notices":[],"jetpack_publicize_connections":[],"jetpack_featured_media_url":"","jetpack_shortlink":"https:\/\/wp.me\/pcIKFi-Wp","jetpack_sharing_enabled":true,"jetpack_likes_enabled":true,"jetpack-related-posts":[{"id":3626,"url":"https:\/\/caetenews.com.br\/semana\/veneza-estreia-nos-cinemas-dia-04-de-fevereiro\/","url_meta":{"origin":3621,"position":0},"title":"&#8216;Veneza&#8217; estreia nos cinemas dia 04 de fevereiro","author":"Paulo Ant\u00f4nio","date":"18\/01\/2021","format":false,"excerpt":"Veneza Drama Estreia prevista: 04\/02\/21 Inadequa\u00e7\u00f5es: Conte\u00fado Sexual\/ Viol\u00eancia\/ Drogas L\u00edcitas Dire\u00e7\u00e3o: Miguel Falabella Com Dira Paes, Danielle Winits, Andre Mattos, Carmen Maura, Eduardo Moscovis, Carol Castro, Caio Manhente, Camila Vives Reencontrar o \u00fanico homem que amou \u00e9 o sonho de Gringa (Carmen Maura), dona de um bordel no interior\u2026","rel":"","context":"Em &quot;In\u00edcio&quot;","block_context":{"text":"In\u00edcio","link":"https:\/\/caetenews.com.br\/semana\/category\/tv-aberta\/"},"img":{"alt_text":"Foto de cena","src":"https:\/\/i0.wp.com\/caetenews.com.br\/semana\/wp-content\/uploads\/2021\/01\/veneza.jpg?fit=600%2C399&ssl=1&resize=350%2C200","width":350,"height":200,"srcset":"https:\/\/i0.wp.com\/caetenews.com.br\/semana\/wp-content\/uploads\/2021\/01\/veneza.jpg?fit=600%2C399&ssl=1&resize=350%2C200 1x, https:\/\/i0.wp.com\/caetenews.com.br\/semana\/wp-content\/uploads\/2021\/01\/veneza.jpg?fit=600%2C399&ssl=1&resize=525%2C300 1.5x"},"classes":[]},{"id":4551,"url":"https:\/\/caetenews.com.br\/semana\/netflix-estreia-nesta-sexta-13-a-2a-temporada-de-valeria\/","url_meta":{"origin":3621,"position":1},"title":"Netflix estreia nesta sexta (13) a 2\u00aa temporada de Val\u00e9ria","author":"Paulo Ant\u00f4nio","date":"13\/08\/2021","format":false,"excerpt":"Val\u00e9ria \u00e9 uma romancista em crise, tanto com a escrita quanto com seu marido. Por sorte, suas tr\u00eas melhores amigas, Carmen, Lola e Nerea...","rel":"","context":"Em &quot;Netflix&quot;","block_context":{"text":"Netflix","link":"https:\/\/caetenews.com.br\/semana\/category\/netflix\/"},"img":{"alt_text":"Foto de divulga\u00e7\u00e3o de Val\u00e9ria","src":"https:\/\/i0.wp.com\/caetenews.com.br\/semana\/wp-content\/uploads\/2021\/08\/valeria3.jpg?fit=600%2C360&ssl=1&resize=350%2C200","width":350,"height":200,"srcset":"https:\/\/i0.wp.com\/caetenews.com.br\/semana\/wp-content\/uploads\/2021\/08\/valeria3.jpg?fit=600%2C360&ssl=1&resize=350%2C200 1x, https:\/\/i0.wp.com\/caetenews.com.br\/semana\/wp-content\/uploads\/2021\/08\/valeria3.jpg?fit=600%2C360&ssl=1&resize=525%2C300 1.5x"},"classes":[]},{"id":10996,"url":"https:\/\/caetenews.com.br\/semana\/as-convidadas-do-rei-dira-paes-leticia-colin-e-sophie-charlotte\/","url_meta":{"origin":3621,"position":2},"title":"As convidadas do Rei: Dira Paes, Let\u00edcia Colin e Sophie Charlotte","author":"Paulo Ant\u00f4nio","date":"20\/12\/2024","format":false,"excerpt":"As convidadas do Rei... No show do Allianz Parque, as atrizes Sophie Charlotte, Leticia Colin, Dira Paes subiram juntas ao palco para cantar ao lado de Roberto Carlos","rel":"","context":"Em &quot;Not\u00edcias da TV&quot;","block_context":{"text":"Not\u00edcias da TV","link":"https:\/\/caetenews.com.br\/semana\/category\/noticias-da-tv\/"},"img":{"alt_text":"Foto em As convidadas do Rei","src":"https:\/\/i0.wp.com\/caetenews.com.br\/semana\/wp-content\/uploads\/2024\/12\/40594.jpg?fit=728%2C410&ssl=1&resize=350%2C200","width":350,"height":200,"srcset":"https:\/\/i0.wp.com\/caetenews.com.br\/semana\/wp-content\/uploads\/2024\/12\/40594.jpg?fit=728%2C410&ssl=1&resize=350%2C200 1x, https:\/\/i0.wp.com\/caetenews.com.br\/semana\/wp-content\/uploads\/2024\/12\/40594.jpg?fit=728%2C410&ssl=1&resize=525%2C300 1.5x, https:\/\/i0.wp.com\/caetenews.com.br\/semana\/wp-content\/uploads\/2024\/12\/40594.jpg?fit=728%2C410&ssl=1&resize=700%2C400 2x"},"classes":[]},{"id":3974,"url":"https:\/\/caetenews.com.br\/semana\/a-novela-vamp-e-a-novidade-desta-segunda-1o-no-globoplay\/","url_meta":{"origin":3621,"position":3},"title":"A novela &#8216;Vamp&#8217; \u00e9 a novidade desta segunda (1\u00ba) no Globoplay","author":"Paulo Ant\u00f4nio","date":"01\/03\/2021","format":false,"excerpt":"\"Vamp\", novela que foi sucesso entre crian\u00e7as e adolescentes no in\u00edcio dos anos 90, estreia no Globoplay hoje, segunda, 1\u00ba de mar\u00e7o. Em \"Vamp\" a atriz Claudia Ohana interpreta a cantora de rock Natasha, que esconde o segredo de ser uma vampira. Natasha vendeu sua alma ao vampiro Vlad (Ney\u2026","rel":"","context":"Em &quot;Globoplay&quot;","block_context":{"text":"Globoplay","link":"https:\/\/caetenews.com.br\/semana\/category\/globoplay\/"},"img":{"alt_text":"Foto de Cl\u00e1udia Ohana como Natasha","src":"https:\/\/i0.wp.com\/caetenews.com.br\/semana\/wp-content\/uploads\/2021\/03\/vamp2.jpg?fit=600%2C340&ssl=1&resize=350%2C200","width":350,"height":200,"srcset":"https:\/\/i0.wp.com\/caetenews.com.br\/semana\/wp-content\/uploads\/2021\/03\/vamp2.jpg?fit=600%2C340&ssl=1&resize=350%2C200 1x, https:\/\/i0.wp.com\/caetenews.com.br\/semana\/wp-content\/uploads\/2021\/03\/vamp2.jpg?fit=600%2C340&ssl=1&resize=525%2C300 1.5x"},"classes":[]},{"id":4468,"url":"https:\/\/caetenews.com.br\/semana\/temporada-4-de-sob-pressaoestreia-em-12-de-agosto\/","url_meta":{"origin":3621,"position":4},"title":"Temporada 4 de \u2018Sob Press\u00e3o\u2019estreia em 12 de agosto","author":"Paulo Ant\u00f4nio","date":"27\/07\/2021","format":false,"excerpt":"A s\u00e9rie Sob Press\u00e3o, que retrata, atrav\u00e9s da dramaturgia, quest\u00f5es da sa\u00fade p\u00fablica do pa\u00eds, desde a sua estreia, em 2017, conta com personagens","rel":"","context":"Em &quot;Not\u00edcias&quot;","block_context":{"text":"Not\u00edcias","link":"https:\/\/caetenews.com.br\/semana\/category\/noticias\/"},"img":{"alt_text":"Drica Moraes \u00e9 Vera em Sob Press\u00e3o","src":"https:\/\/i0.wp.com\/caetenews.com.br\/semana\/wp-content\/uploads\/2021\/07\/29541.jpg?fit=600%2C340&ssl=1&resize=350%2C200","width":350,"height":200,"srcset":"https:\/\/i0.wp.com\/caetenews.com.br\/semana\/wp-content\/uploads\/2021\/07\/29541.jpg?fit=600%2C340&ssl=1&resize=350%2C200 1x, https:\/\/i0.wp.com\/caetenews.com.br\/semana\/wp-content\/uploads\/2021\/07\/29541.jpg?fit=600%2C340&ssl=1&resize=525%2C300 1.5x"},"classes":[]},{"id":4532,"url":"https:\/\/caetenews.com.br\/semana\/nesta-quinta-12-estreia-na-globo-a-quarta-temporada-de-sob-pressao\/","url_meta":{"origin":3621,"position":5},"title":"Nesta quinta (12) estreia na Globo a quarta temporada de \u2018Sob Press\u00e3o\u2019","author":"Paulo Ant\u00f4nio","date":"11\/08\/2021","format":false,"excerpt":"Os f\u00e3s da s\u00e9rie m\u00e9dica \u2018Sob Press\u00e3o\u2019 aguardam para esta quinta, dia 12, a estreia de mais uma temporada da s\u00e9rie que, atrav\u00e9s da drama...","rel":"","context":"Em &quot;TV&quot;","block_context":{"text":"TV","link":"https:\/\/caetenews.com.br\/semana\/category\/tv\/"},"img":{"alt_text":"Foto de cena de Sob Press\u00e3o","src":"https:\/\/i0.wp.com\/caetenews.com.br\/semana\/wp-content\/uploads\/2021\/08\/29646.jpg?fit=600%2C338&ssl=1&resize=350%2C200","width":350,"height":200,"srcset":"https:\/\/i0.wp.com\/caetenews.com.br\/semana\/wp-content\/uploads\/2021\/08\/29646.jpg?fit=600%2C338&ssl=1&resize=350%2C200 1x, https:\/\/i0.wp.com\/caetenews.com.br\/semana\/wp-content\/uploads\/2021\/08\/29646.jpg?fit=600%2C338&ssl=1&resize=525%2C300 1.5x"},"classes":[]}],"_links":{"self":[{"href":"https:\/\/caetenews.com.br\/semana\/wp-json\/wp\/v2\/posts\/3621","targetHints":{"allow":["GET"]}}],"collection":[{"href":"https:\/\/caetenews.com.br\/semana\/wp-json\/wp\/v2\/posts"}],"about":[{"href":"https:\/\/caetenews.com.br\/semana\/wp-json\/wp\/v2\/types\/post"}],"author":[{"embeddable":true,"href":"https:\/\/caetenews.com.br\/semana\/wp-json\/wp\/v2\/users\/1"}],"replies":[{"embeddable":true,"href":"https:\/\/caetenews.com.br\/semana\/wp-json\/wp\/v2\/comments?post=3621"}],"version-history":[{"count":0,"href":"https:\/\/caetenews.com.br\/semana\/wp-json\/wp\/v2\/posts\/3621\/revisions"}],"wp:attachment":[{"href":"https:\/\/caetenews.com.br\/semana\/wp-json\/wp\/v2\/media?parent=3621"}],"wp:term":[{"taxonomy":"category","embeddable":true,"href":"https:\/\/caetenews.com.br\/semana\/wp-json\/wp\/v2\/categories?post=3621"},{"taxonomy":"post_tag","embeddable":true,"href":"https:\/\/caetenews.com.br\/semana\/wp-json\/wp\/v2\/tags?post=3621"}],"curies":[{"name":"wp","href":"https:\/\/api.w.org\/{rel}","templated":true}]}}