{"id":3665,"date":"2021-01-22T12:09:08","date_gmt":"2021-01-22T15:09:08","guid":{"rendered":"https:\/\/caetenews.com.br\/semana\/?p=3665"},"modified":"2022-03-01T15:30:01","modified_gmt":"2022-03-01T18:30:01","slug":"filmes-da-globo-na-sessao-corujao","status":"publish","type":"post","link":"https:\/\/caetenews.com.br\/semana\/filmes-da-globo-na-sessao-corujao\/","title":{"rendered":"Filmes da Globo na Sess\u00e3o Coruj\u00e3o na semana 25\/02 a 04 de mar\u00e7o"},"content":{"rendered":"","protected":false},"excerpt":{"rendered":"","protected":false},"author":1,"featured_media":5356,"comment_status":"closed","ping_status":"open","sticky":false,"template":"","format":"standard","meta":{"_monsterinsights_skip_tracking":false,"_monsterinsights_sitenote_active":false,"_monsterinsights_sitenote_note":"","_monsterinsights_sitenote_category":0,"_jetpack_memberships_contains_paid_content":false,"footnotes":"","jetpack_publicize_message":"","jetpack_publicize_feature_enabled":true,"jetpack_social_post_already_shared":true,"jetpack_social_options":{"image_generator_settings":{"template":"highway","default_image_id":0,"font":"","enabled":false},"version":2},"_wp_rev_ctl_limit":""},"categories":[112,111],"tags":[115,116,113],"class_list":["post-3665","post","type-post","status-publish","format-standard","has-post-thumbnail","hentry","category-agenda","category-filmes-na-tv","tag-corujao","tag-filmes-da-globo","tag-filmes-na-tv"],"aioseo_notices":[],"jetpack_publicize_connections":[],"jetpack_featured_media_url":"https:\/\/i0.wp.com\/caetenews.com.br\/semana\/wp-content\/uploads\/2021\/01\/31381.jpg?fit=600%2C360&ssl=1","jetpack_shortlink":"https:\/\/wp.me\/pcIKFi-X7","jetpack_sharing_enabled":true,"jetpack_likes_enabled":true,"jetpack-related-posts":[{"id":11012,"url":"https:\/\/caetenews.com.br\/semana\/programacao-da-globo-da-semana-21-a-27-12\/","url_meta":{"origin":3665,"position":0},"title":"Programa\u00e7\u00e3o da Globo da semana 21 a 27\/12","author":"Paulo Ant\u00f4nio","date":"20\/12\/2024","format":false,"excerpt":"Programa\u00e7\u00e3o da Globo da semana 21 a 27\/12... Encanto, filme da Sess\u00e3o Especial de Natal","rel":"","context":"Em &quot;Programa\u00e7\u00e3o&quot;","block_context":{"text":"Programa\u00e7\u00e3o","link":"https:\/\/caetenews.com.br\/semana\/category\/programacao\/"},"img":{"alt_text":"Foto de Encanto, filme da Sess\u00e3o Especial de Natal","src":"https:\/\/i0.wp.com\/caetenews.com.br\/semana\/wp-content\/uploads\/2024\/12\/10288.jpg?fit=728%2C401&ssl=1&resize=350%2C200","width":350,"height":200,"srcset":"https:\/\/i0.wp.com\/caetenews.com.br\/semana\/wp-content\/uploads\/2024\/12\/10288.jpg?fit=728%2C401&ssl=1&resize=350%2C200 1x, https:\/\/i0.wp.com\/caetenews.com.br\/semana\/wp-content\/uploads\/2024\/12\/10288.jpg?fit=728%2C401&ssl=1&resize=525%2C300 1.5x, https:\/\/i0.wp.com\/caetenews.com.br\/semana\/wp-content\/uploads\/2024\/12\/10288.jpg?fit=728%2C401&ssl=1&resize=700%2C400 2x"},"classes":[]},{"id":3659,"url":"https:\/\/caetenews.com.br\/semana\/filmes-da-globo-na-sessao-da-tarde-desta-semana\/","url_meta":{"origin":3665,"position":1},"title":"Filmes da Globo na Sess\u00e3o da Tarde da semana 28\/02 a 04 de mar\u00e7o","author":"Paulo Ant\u00f4nio","date":"22\/01\/2021","format":false,"excerpt":"","rel":"","context":"Em &quot;Agenda&quot;","block_context":{"text":"Agenda","link":"https:\/\/caetenews.com.br\/semana\/category\/agenda\/"},"img":{"alt_text":"Foto de Meu Monstro De Estima\u00e7\u00e3o, em Sess\u00e3o da Tarde","src":"https:\/\/i0.wp.com\/caetenews.com.br\/semana\/wp-content\/uploads\/2021\/01\/31380.jpg?fit=600%2C360&ssl=1&resize=350%2C200","width":350,"height":200,"srcset":"https:\/\/i0.wp.com\/caetenews.com.br\/semana\/wp-content\/uploads\/2021\/01\/31380.jpg?fit=600%2C360&ssl=1&resize=350%2C200 1x, https:\/\/i0.wp.com\/caetenews.com.br\/semana\/wp-content\/uploads\/2021\/01\/31380.jpg?fit=600%2C360&ssl=1&resize=525%2C300 1.5x"},"classes":[]},{"id":4042,"url":"https:\/\/caetenews.com.br\/semana\/sessao-domingo-maior-da-globo-exibe-o-inedito-linha-de-acao\/","url_meta":{"origin":3665,"position":2},"title":"Sess\u00e3o Domingo Maior da Globo exibe o in\u00e9dito &#8216;Linha de A\u00e7\u00e3o&#8217;","author":"Paulo Ant\u00f4nio","date":"13\/03\/2021","format":false,"excerpt":"O 'Domingo Maior', na noite deste domingo (14), na Globo exibe 'Linha de A\u00e7\u00e3o', in\u00e9dito na TV aberta. No drama policial estrelado por Mark Wahlberg e Russel Crowe, Nicholas Hostetler (Russell Crowe) \u00e9 o prefeito de Nova York, um sujeito arrogante e ambicioso, que se prepara para a reelei\u00e7\u00e3o dentro\u2026","rel":"","context":"Em &quot;Filmes na TV&quot;","block_context":{"text":"Filmes na TV","link":"https:\/\/caetenews.com.br\/semana\/category\/filmes-na-tv\/"},"img":{"alt_text":"Foto de cena","src":"https:\/\/i0.wp.com\/caetenews.com.br\/semana\/wp-content\/uploads\/2021\/03\/linhadeacao2.jpg?fit=597%2C361&ssl=1&resize=350%2C200","width":350,"height":200,"srcset":"https:\/\/i0.wp.com\/caetenews.com.br\/semana\/wp-content\/uploads\/2021\/03\/linhadeacao2.jpg?fit=597%2C361&ssl=1&resize=350%2C200 1x, https:\/\/i0.wp.com\/caetenews.com.br\/semana\/wp-content\/uploads\/2021\/03\/linhadeacao2.jpg?fit=597%2C361&ssl=1&resize=525%2C300 1.5x"},"classes":[]},{"id":3678,"url":"https:\/\/caetenews.com.br\/semana\/armageddon-e-o-filme-da-sessao-de-sabado-na-globo\/","url_meta":{"origin":3665,"position":3},"title":"&#8216;Armageddon&#8217; \u00e9 o filme da Sess\u00e3o de S\u00e1bado na Globo","author":"Paulo Ant\u00f4nio","date":"22\/01\/2021","format":false,"excerpt":"Neste s\u00e1bado, dia 23, a 'Sess\u00e3o de S\u00e1bado' na Globo exibe 'Armageddon', grande sucesso dos anos 90, estrelado por Bruce Willis, Billy Bob Thornton e Ben Affleck. No longa de fic\u00e7\u00e3o cient\u00edfica de Michael Bay, ap\u00f3s uma chuva de pequenos meteoros que atingem a Terra, a NASA se d\u00e1 conta\u2026","rel":"","context":"Em &quot;Filmes na TV&quot;","block_context":{"text":"Filmes na TV","link":"https:\/\/caetenews.com.br\/semana\/category\/filmes-na-tv\/"},"img":{"alt_text":"foto de divulga\u00e7\u00e3o","src":"https:\/\/i0.wp.com\/caetenews.com.br\/semana\/wp-content\/uploads\/2021\/01\/armageddon.jpg?fit=600%2C338&ssl=1&resize=350%2C200","width":350,"height":200,"srcset":"https:\/\/i0.wp.com\/caetenews.com.br\/semana\/wp-content\/uploads\/2021\/01\/armageddon.jpg?fit=600%2C338&ssl=1&resize=350%2C200 1x, https:\/\/i0.wp.com\/caetenews.com.br\/semana\/wp-content\/uploads\/2021\/01\/armageddon.jpg?fit=600%2C338&ssl=1&resize=525%2C300 1.5x"},"classes":[]},{"id":4737,"url":"https:\/\/caetenews.com.br\/semana\/cinemaco-na-globo-exibe-a-5a-onda-neste-domingo-19\/","url_meta":{"origin":3665,"position":4},"title":"Cinema\u00e7o, na Globo, exibe &#8216;A 5\u00aa Onda&#8217; neste domingo, 19","author":"Paulo Ant\u00f4nio","date":"19\/09\/2021","format":false,"excerpt":"Filmes da Globo: Na sequ\u00eancia o 'Cinema\u00e7o' (Globo, 1h15) traz o longa de fic\u00e7\u00e3o cient\u00edfica 'A 5\u00aa Onda' de J Blakeson. Na trama com Chloe Grace...","rel":"","context":"Em &quot;In\u00edcio&quot;","block_context":{"text":"In\u00edcio","link":"https:\/\/caetenews.com.br\/semana\/category\/tv-aberta\/"},"img":{"alt_text":"A 5\u00aa Onda em Filmes da Globo","src":"https:\/\/i0.wp.com\/caetenews.com.br\/semana\/wp-content\/uploads\/2021\/09\/rede.jpg?fit=600%2C360&ssl=1&resize=350%2C200","width":350,"height":200,"srcset":"https:\/\/i0.wp.com\/caetenews.com.br\/semana\/wp-content\/uploads\/2021\/09\/rede.jpg?fit=600%2C360&ssl=1&resize=350%2C200 1x, https:\/\/i0.wp.com\/caetenews.com.br\/semana\/wp-content\/uploads\/2021\/09\/rede.jpg?fit=600%2C360&ssl=1&resize=525%2C300 1.5x"},"classes":[]},{"id":3697,"url":"https:\/\/caetenews.com.br\/semana\/minha-vida-em-marte-e-o-filme-da-tela-quente-nesta-segunda\/","url_meta":{"origin":3665,"position":5},"title":"&#8216;Minha Vida em Marte&#8217; \u00e9 o filme da Tela Quente nesta segunda","author":"Paulo Ant\u00f4nio","date":"24\/01\/2021","format":false,"excerpt":"Nesta segunda, dia 25, 'Tela Quente' traz a deliciosa com\u00e9dia 'Minha Vida em Marte', estrelada por M\u00f4nica Martelli e Paulo Gustavo. No sucesso de bilheteria dirigido por Susana Garcia, Fernanda (Monica Martelli) est\u00e1 casada com Tom (Marcos Palmeira), com quem tem uma filha de cinco anos, Joana (Marianna Santos). O\u2026","rel":"","context":"Em &quot;Filmes na TV&quot;","block_context":{"text":"Filmes na TV","link":"https:\/\/caetenews.com.br\/semana\/category\/filmes-na-tv\/"},"img":{"alt_text":"foto de cena","src":"https:\/\/i0.wp.com\/caetenews.com.br\/semana\/wp-content\/uploads\/2021\/01\/minhavidaemmarte.jpg?fit=600%2C338&ssl=1&resize=350%2C200","width":350,"height":200,"srcset":"https:\/\/i0.wp.com\/caetenews.com.br\/semana\/wp-content\/uploads\/2021\/01\/minhavidaemmarte.jpg?fit=600%2C338&ssl=1&resize=350%2C200 1x, https:\/\/i0.wp.com\/caetenews.com.br\/semana\/wp-content\/uploads\/2021\/01\/minhavidaemmarte.jpg?fit=600%2C338&ssl=1&resize=525%2C300 1.5x"},"classes":[]}],"_links":{"self":[{"href":"https:\/\/caetenews.com.br\/semana\/wp-json\/wp\/v2\/posts\/3665","targetHints":{"allow":["GET"]}}],"collection":[{"href":"https:\/\/caetenews.com.br\/semana\/wp-json\/wp\/v2\/posts"}],"about":[{"href":"https:\/\/caetenews.com.br\/semana\/wp-json\/wp\/v2\/types\/post"}],"author":[{"embeddable":true,"href":"https:\/\/caetenews.com.br\/semana\/wp-json\/wp\/v2\/users\/1"}],"replies":[{"embeddable":true,"href":"https:\/\/caetenews.com.br\/semana\/wp-json\/wp\/v2\/comments?post=3665"}],"version-history":[{"count":0,"href":"https:\/\/caetenews.com.br\/semana\/wp-json\/wp\/v2\/posts\/3665\/revisions"}],"wp:featuredmedia":[{"embeddable":true,"href":"https:\/\/caetenews.com.br\/semana\/wp-json\/wp\/v2\/media\/5356"}],"wp:attachment":[{"href":"https:\/\/caetenews.com.br\/semana\/wp-json\/wp\/v2\/media?parent=3665"}],"wp:term":[{"taxonomy":"category","embeddable":true,"href":"https:\/\/caetenews.com.br\/semana\/wp-json\/wp\/v2\/categories?post=3665"},{"taxonomy":"post_tag","embeddable":true,"href":"https:\/\/caetenews.com.br\/semana\/wp-json\/wp\/v2\/tags?post=3665"}],"curies":[{"name":"wp","href":"https:\/\/api.w.org\/{rel}","templated":true}]}}