{"id":3681,"date":"2021-01-23T15:58:45","date_gmt":"2021-01-23T18:58:45","guid":{"rendered":"https:\/\/caetenews.com.br\/semana\/?p=3681"},"modified":"2021-01-23T15:59:00","modified_gmt":"2021-01-23T18:59:00","slug":"flor-do-caribe-cassiano-rece-visita-surpresa-de-dom-rafael","status":"publish","type":"post","link":"https:\/\/caetenews.com.br\/semana\/flor-do-caribe-cassiano-rece-visita-surpresa-de-dom-rafael\/","title":{"rendered":"&#8216;Flor do Caribe&#8217;: Cassiano recebe visita surpresa de Dom Rafael"},"content":{"rendered":"<p><img data-recalc-dims=\"1\" fetchpriority=\"high\" decoding=\"async\" data-attachment-id=\"3682\" data-permalink=\"https:\/\/caetenews.com.br\/semana\/flor-do-caribe-cassiano-rece-visita-surpresa-de-dom-rafael\/attachment\/26269\/\" data-orig-file=\"https:\/\/i0.wp.com\/caetenews.com.br\/semana\/wp-content\/uploads\/2021\/01\/26269.jpg?fit=600%2C342&amp;ssl=1\" data-orig-size=\"600,342\" data-comments-opened=\"0\" data-image-meta=\"{&quot;aperture&quot;:&quot;0&quot;,&quot;credit&quot;:&quot;&quot;,&quot;camera&quot;:&quot;&quot;,&quot;caption&quot;:&quot;&quot;,&quot;created_timestamp&quot;:&quot;0&quot;,&quot;copyright&quot;:&quot;&quot;,&quot;focal_length&quot;:&quot;0&quot;,&quot;iso&quot;:&quot;0&quot;,&quot;shutter_speed&quot;:&quot;0&quot;,&quot;title&quot;:&quot;&quot;,&quot;orientation&quot;:&quot;0&quot;}\" data-image-title=\"Flor do Caribe\" data-image-description=\"\" data-image-caption=\"\" data-large-file=\"https:\/\/i0.wp.com\/caetenews.com.br\/semana\/wp-content\/uploads\/2021\/01\/26269.jpg?fit=600%2C342&amp;ssl=1\" class=\"alignnone wp-image-3682 size-full\" title=\" (Foto: TV Globo\/Flor do Caribe)\" src=\"https:\/\/i0.wp.com\/caetenews.com.br\/semana\/wp-content\/uploads\/2021\/01\/26269.jpg?resize=600%2C342&#038;ssl=1\" alt=\"foto de Chico atendendo Dom Rafael\" width=\"600\" height=\"342\" srcset=\"https:\/\/i0.wp.com\/caetenews.com.br\/semana\/wp-content\/uploads\/2021\/01\/26269.jpg?w=600&amp;ssl=1 600w, https:\/\/i0.wp.com\/caetenews.com.br\/semana\/wp-content\/uploads\/2021\/01\/26269.jpg?resize=300%2C171&amp;ssl=1 300w\" sizes=\"(max-width: 600px) 100vw, 600px\" \/><br \/>\nCassiano (Henri Castelli) aceitou ajudar Dom Rafael (Cesar Troncoso) a fugir da mira de Gonzalo (Norberto Presta), mesmo depois de ter vivido durante sete anos como prisioneiro do ex-mafioso. O piloto pede para os seus amigos tenentes irem at\u00e9 o Rio de Janeiro para ajudarem o caribenho a sair do esconderijo.<\/p>\n<p>E o plano d\u00e1 certo! Os tenentes conseguem despistar os capangas de Gonzalo e Dom Rafael sai ileso do local onde estava se escondendo. Depois, ele segue para Vila dos Ventos com Cristal (Moro Anghileri) e Amparo (Marta Nieto).<\/p>\n<p>Enquanto isso&#8230;<br \/>\nAlgu\u00e9m bate na porta de Cassiano e Chico (Cac\u00e1 Amaral) vai ver quem \u00e9. Mas quando o piloto exclama o nome de Dom Rafael, o idoso fica furioso ao descobrir quem \u00e9 a visita:<\/p>\n<p>&#8220;Dom Rafael!? O homem que manteve meu filho preso por sete anos? Como teve coragem de bater na minha porta?&#8221;<\/p>\n<p>Dom Rafael pede perd\u00e3o a Chico e se entende com Cassiano.<\/p>\n<p>As cenas v\u00e3o ao ar neste s\u00e1bado, 23 de janeiro.<\/p>\n","protected":false},"excerpt":{"rendered":"<p>Cassiano (Henri Castelli) aceitou ajudar Dom Rafael (Cesar Troncoso) a fugir da mira de Gonzalo (Norberto Presta), mesmo depois de ter vivido durante sete anos como prisioneiro do ex-mafioso. O piloto pede para os seus amigos tenentes irem at\u00e9 o Rio de Janeiro para ajudarem o caribenho a sair do esconderijo. E o plano d\u00e1 [&hellip;]<\/p>\n","protected":false},"author":1,"featured_media":3682,"comment_status":"closed","ping_status":"open","sticky":false,"template":"","format":"standard","meta":{"_monsterinsights_skip_tracking":false,"_monsterinsights_sitenote_active":false,"_monsterinsights_sitenote_note":"","_monsterinsights_sitenote_category":0,"_jetpack_memberships_contains_paid_content":false,"footnotes":"","jetpack_publicize_message":"","jetpack_publicize_feature_enabled":true,"jetpack_social_post_already_shared":true,"jetpack_social_options":{"image_generator_settings":{"template":"highway","default_image_id":0,"font":"","enabled":false},"version":2},"_wp_rev_ctl_limit":""},"categories":[90],"tags":[64,92,91],"class_list":["post-3681","post","type-post","status-publish","format-standard","has-post-thumbnail","hentry","category-noticias-das-nov-elas","tag-flor-do-caribe","tag-globo","tag-novelas"],"aioseo_notices":[],"jetpack_publicize_connections":[],"jetpack_featured_media_url":"https:\/\/i0.wp.com\/caetenews.com.br\/semana\/wp-content\/uploads\/2021\/01\/26269.jpg?fit=600%2C342&ssl=1","jetpack_shortlink":"https:\/\/wp.me\/pcIKFi-Xn","jetpack_sharing_enabled":true,"jetpack_likes_enabled":true,"jetpack-related-posts":[{"id":3741,"url":"https:\/\/caetenews.com.br\/semana\/flor-do-caribe-ester-sai-da-mansao-e-alberto-surta\/","url_meta":{"origin":3681,"position":0},"title":"Flor do Caribe: Ester sai da mans\u00e3o e Alberto surta","author":"Paulo Ant\u00f4nio","date":"29\/01\/2021","format":false,"excerpt":"Finalmente, Ester (Grazi Massafera) conseguiu a guarda definitiva da Laurinha. Sem precisar morar na mans\u00e3o por causa da filha, ela faz as malas e se prepara para a liberdade. Mas Alberto (Igor Rickli) a flagra e implora para Ester ficar. \"Que vida voc\u00ea acha que eu vou ter, Ester, quando\u2026","rel":"","context":"Em &quot;Not\u00edcias das novelas&quot;","block_context":{"text":"Not\u00edcias das novelas","link":"https:\/\/caetenews.com.br\/semana\/category\/noticias-das-nov-elas\/"},"img":{"alt_text":"Foto de Alberto","src":"https:\/\/i0.wp.com\/caetenews.com.br\/semana\/wp-content\/uploads\/2021\/01\/26305.jpg?fit=600%2C343&ssl=1&resize=350%2C200","width":350,"height":200,"srcset":"https:\/\/i0.wp.com\/caetenews.com.br\/semana\/wp-content\/uploads\/2021\/01\/26305.jpg?fit=600%2C343&ssl=1&resize=350%2C200 1x, https:\/\/i0.wp.com\/caetenews.com.br\/semana\/wp-content\/uploads\/2021\/01\/26305.jpg?fit=600%2C343&ssl=1&resize=525%2C300 1.5x"},"classes":[]},{"id":6583,"url":"https:\/\/caetenews.com.br\/semana\/resumos-de-novelas-todas-as-flores\/","url_meta":{"origin":3681,"position":1},"title":"Resumos de novelas: Todas as Flores de 30\/10 a 03 de novembro","author":"Paulo Ant\u00f4nio","date":"01\/10\/2023","format":false,"excerpt":"Resumos de novelas: Todas as Flores. No cap\u00edtulo desta segunda-feira, 30 de outubro, Rafael v\u00ea Vanessa e Pablo se beijando e ouve quando Pablo diz que o filho de Vanessa...","rel":"","context":"Em &quot;Resumos de Novelas&quot;","block_context":{"text":"Resumos de Novelas","link":"https:\/\/caetenews.com.br\/semana\/category\/resumos-de-novelas\/"},"img":{"alt_text":"","src":"https:\/\/i0.wp.com\/caetenews.com.br\/semana\/wp-content\/uploads\/2023\/10\/todasasflores_logo.jpg?fit=300%2C200&ssl=1&resize=350%2C200","width":350,"height":200},"classes":[]},{"id":3839,"url":"https:\/\/caetenews.com.br\/semana\/flor-do-caribe-rola-uma-quimica-entre-veridiana-e-manolo\/","url_meta":{"origin":3681,"position":2},"title":"Flor do Caribe: Rola uma qu\u00edmica entre Veridiana e Manolo","author":"Paulo Ant\u00f4nio","date":"03\/02\/2021","format":false,"excerpt":"Manolo (Elias Gleizer) chegou at\u00e9 a cidade de Vila dos Ventos decidido a ajudar Samuel (Juca de Oliveira) a colocar Dion\u00edsio (S\u00e9rgio Mamberti) atr\u00e1s das grades. Quando o cigano descobre que Candinho (Jos\u00e9 Loreto) \u00e9 filho do seu antigo carrasco, ele decide conhecer o rapaz. Chegando ao s\u00edtio, fica evidente\u2026","rel":"","context":"Em &quot;Not\u00edcias das novelas&quot;","block_context":{"text":"Not\u00edcias das novelas","link":"https:\/\/caetenews.com.br\/semana\/category\/noticias-das-nov-elas\/"},"img":{"alt_text":"Foto de Veridiana com Manolo","src":"https:\/\/i0.wp.com\/caetenews.com.br\/semana\/wp-content\/uploads\/2021\/02\/26340.jpg?fit=600%2C338&ssl=1&resize=350%2C200","width":350,"height":200,"srcset":"https:\/\/i0.wp.com\/caetenews.com.br\/semana\/wp-content\/uploads\/2021\/02\/26340.jpg?fit=600%2C338&ssl=1&resize=350%2C200 1x, https:\/\/i0.wp.com\/caetenews.com.br\/semana\/wp-content\/uploads\/2021\/02\/26340.jpg?fit=600%2C338&ssl=1&resize=525%2C300 1.5x"},"classes":[]},{"id":3857,"url":"https:\/\/caetenews.com.br\/semana\/flor-do-caribe-o-cerco-se-fecha-para-dionisio\/","url_meta":{"origin":3681,"position":3},"title":"Flor do Caribe: O cerco se fecha para Dion\u00edsio","author":"Paulo Ant\u00f4nio","date":"04\/02\/2021","format":false,"excerpt":"A vida parece finalmente estar sendo justa com Dion\u00edsio (Sergio Mamberti), que j\u00e1 fez tanto mal em \u2018Flor do Caribe\u2019. Ap\u00f3s ser preso tentando fugir, H\u00e9lio (Raphael Vianna) \u00e9 novamente confrontado pela pol\u00edcia, desta vez na presen\u00e7a de Ester (Grazi Massafera). O rapaz confessa que aceitou dinheiro do ex-patr\u00e3o para\u2026","rel":"","context":"Em &quot;Not\u00edcias das novelas&quot;","block_context":{"text":"Not\u00edcias das novelas","link":"https:\/\/caetenews.com.br\/semana\/category\/noticias-das-nov-elas\/"},"img":{"alt_text":"Foto de Dion\u00edsio","src":"https:\/\/i0.wp.com\/caetenews.com.br\/semana\/wp-content\/uploads\/2021\/02\/26363.jpg?fit=600%2C342&ssl=1&resize=350%2C200","width":350,"height":200,"srcset":"https:\/\/i0.wp.com\/caetenews.com.br\/semana\/wp-content\/uploads\/2021\/02\/26363.jpg?fit=600%2C342&ssl=1&resize=350%2C200 1x, https:\/\/i0.wp.com\/caetenews.com.br\/semana\/wp-content\/uploads\/2021\/02\/26363.jpg?fit=600%2C342&ssl=1&resize=525%2C300 1.5x"},"classes":[]},{"id":3411,"url":"https:\/\/caetenews.com.br\/semana\/flor-do-caribe-resumos-noticias-e-destaques\/","url_meta":{"origin":3681,"position":4},"title":"Flor do Caribe: Resumos, not\u00edcias e destaques","author":"Paulo Ant\u00f4nio","date":"19\/10\/2020","format":false,"excerpt":"Sobre As temporadas de f\u00e9rias de tr\u00eas amigos de inf\u00e2ncia (Alberto, Casiano e Ester) em Vila dos Ventos, uma cidade no litoral do Rio Grande do Norte, aproximaram os tr\u00eas, mas suas vidas seguiram caminhos distintos. Alberto se afasta por alguns anos para receber a forma\u00e7\u00e3o que lhe cabe como\u2026","rel":"","context":"Em &quot;In\u00edcio&quot;","block_context":{"text":"In\u00edcio","link":"https:\/\/caetenews.com.br\/semana\/category\/tv-aberta\/"},"img":{"alt_text":"","src":"","width":0,"height":0},"classes":[]},{"id":9493,"url":"https:\/\/caetenews.com.br\/semana\/resumos-de-novelas-alma-gemea\/","url_meta":{"origin":3681,"position":5},"title":"Resumos de Novelas: Alma G\u00eamea (25 a 29\/11)","author":"Paulo Ant\u00f4nio","date":"20\/05\/2024","format":false,"excerpt":"Resumos de Novelas: Alma G\u00eamea... No cap\u00edtulo desta segunda, dia 02 de setembro, O m\u00e9dico de S\u00e3o Paulo afirma a Eduardo que Cristina nunca esteve gr\u00e1vida. Cristina se faz de v\u00edtima....","rel":"","context":"Em &quot;Globo&quot;","block_context":{"text":"Globo","link":"https:\/\/caetenews.com.br\/semana\/category\/globo\/"},"img":{"alt_text":"Foto em Resumos de Novelas: Alma G\u00eamea","src":"https:\/\/i0.wp.com\/caetenews.com.br\/semana\/wp-content\/uploads\/2024\/05\/40402e.jpg?fit=728%2C404&ssl=1&resize=350%2C200","width":350,"height":200,"srcset":"https:\/\/i0.wp.com\/caetenews.com.br\/semana\/wp-content\/uploads\/2024\/05\/40402e.jpg?fit=728%2C404&ssl=1&resize=350%2C200 1x, https:\/\/i0.wp.com\/caetenews.com.br\/semana\/wp-content\/uploads\/2024\/05\/40402e.jpg?fit=728%2C404&ssl=1&resize=525%2C300 1.5x, https:\/\/i0.wp.com\/caetenews.com.br\/semana\/wp-content\/uploads\/2024\/05\/40402e.jpg?fit=728%2C404&ssl=1&resize=700%2C400 2x"},"classes":[]}],"_links":{"self":[{"href":"https:\/\/caetenews.com.br\/semana\/wp-json\/wp\/v2\/posts\/3681","targetHints":{"allow":["GET"]}}],"collection":[{"href":"https:\/\/caetenews.com.br\/semana\/wp-json\/wp\/v2\/posts"}],"about":[{"href":"https:\/\/caetenews.com.br\/semana\/wp-json\/wp\/v2\/types\/post"}],"author":[{"embeddable":true,"href":"https:\/\/caetenews.com.br\/semana\/wp-json\/wp\/v2\/users\/1"}],"replies":[{"embeddable":true,"href":"https:\/\/caetenews.com.br\/semana\/wp-json\/wp\/v2\/comments?post=3681"}],"version-history":[{"count":0,"href":"https:\/\/caetenews.com.br\/semana\/wp-json\/wp\/v2\/posts\/3681\/revisions"}],"wp:featuredmedia":[{"embeddable":true,"href":"https:\/\/caetenews.com.br\/semana\/wp-json\/wp\/v2\/media\/3682"}],"wp:attachment":[{"href":"https:\/\/caetenews.com.br\/semana\/wp-json\/wp\/v2\/media?parent=3681"}],"wp:term":[{"taxonomy":"category","embeddable":true,"href":"https:\/\/caetenews.com.br\/semana\/wp-json\/wp\/v2\/categories?post=3681"},{"taxonomy":"post_tag","embeddable":true,"href":"https:\/\/caetenews.com.br\/semana\/wp-json\/wp\/v2\/tags?post=3681"}],"curies":[{"name":"wp","href":"https:\/\/api.w.org\/{rel}","templated":true}]}}