{"id":3857,"date":"2021-02-04T16:31:31","date_gmt":"2021-02-04T19:31:31","guid":{"rendered":"https:\/\/caetenews.com.br\/semana\/?p=3857"},"modified":"2021-02-04T16:33:00","modified_gmt":"2021-02-04T19:33:00","slug":"flor-do-caribe-o-cerco-se-fecha-para-dionisio","status":"publish","type":"post","link":"https:\/\/caetenews.com.br\/semana\/flor-do-caribe-o-cerco-se-fecha-para-dionisio\/","title":{"rendered":"Flor do Caribe: O cerco se fecha para Dion\u00edsio"},"content":{"rendered":"<p><img data-recalc-dims=\"1\" fetchpriority=\"high\" decoding=\"async\" data-attachment-id=\"3858\" data-permalink=\"https:\/\/caetenews.com.br\/semana\/flor-do-caribe-o-cerco-se-fecha-para-dionisio\/attachment\/26363\/\" data-orig-file=\"https:\/\/i0.wp.com\/caetenews.com.br\/semana\/wp-content\/uploads\/2021\/02\/26363.jpg?fit=600%2C342&amp;ssl=1\" data-orig-size=\"600,342\" data-comments-opened=\"0\" data-image-meta=\"{&quot;aperture&quot;:&quot;0&quot;,&quot;credit&quot;:&quot;&quot;,&quot;camera&quot;:&quot;&quot;,&quot;caption&quot;:&quot;&quot;,&quot;created_timestamp&quot;:&quot;0&quot;,&quot;copyright&quot;:&quot;&quot;,&quot;focal_length&quot;:&quot;0&quot;,&quot;iso&quot;:&quot;0&quot;,&quot;shutter_speed&quot;:&quot;0&quot;,&quot;title&quot;:&quot;&quot;,&quot;orientation&quot;:&quot;0&quot;}\" data-image-title=\"Flor do Caribe\" data-image-description=\"\" data-image-caption=\"\" data-large-file=\"https:\/\/i0.wp.com\/caetenews.com.br\/semana\/wp-content\/uploads\/2021\/02\/26363.jpg?fit=600%2C342&amp;ssl=1\" src=\"https:\/\/i0.wp.com\/caetenews.com.br\/semana\/wp-content\/uploads\/2021\/02\/26363.jpg?resize=600%2C342&#038;ssl=1\" alt=\"Foto de Dion\u00edsio\" width=\"600\" height=\"342\" class=\"alignnone size-full wp-image-3858\" \/><br \/>\nA vida parece finalmente estar sendo justa com Dion\u00edsio (Sergio Mamberti), que j\u00e1 fez tanto mal em \u2018Flor do Caribe\u2019. Ap\u00f3s ser preso tentando fugir, H\u00e9lio (Raphael Vianna) \u00e9 novamente confrontado pela pol\u00edcia, desta vez na presen\u00e7a de Ester (Grazi Massafera). O rapaz confessa que aceitou dinheiro do ex-patr\u00e3o para assumir seus crimes no que diz respeito ao sequestro de Samuel (Juca de Oliveira) e tentativa de assassinato. <\/p>\n<p>Dion\u00edsio recebe uma intima\u00e7\u00e3o para prestar depoimento sobre esta acusa\u00e7\u00e3o na delegacia e sai de sua propriedade dentro do carro da pol\u00edcia, seguido pelo neto Alberto (Igor Rickli) em seu pr\u00f3prio ve\u00edculo.<\/p>\n<p>Ester e Cassiano (Henri Castelli) acompanham o depoimento de Dion\u00edsio, com permiss\u00e3o do delegado, mas n\u00e3o ficam satisfeitos. O av\u00f4 de Alberto diz que o dinheiro entregue a H\u00e9lio se trata de uma gratifica\u00e7\u00e3o pelos servi\u00e7os prestados e, portanto, n\u00e3o \u00e9 prova de qualquer acusa\u00e7\u00e3o. Embora saia aparentemente ileso desta acusa\u00e7\u00e3o, Dion\u00edsio ter\u00e1 em breve mais motivos para se preocupar. <\/p>\n<p>Incentivada por Guiomar (Claudia Netto), Nicole (Cinnara Leal) o denunciar\u00e1 por inj\u00faria racial, o que deixar\u00e1 Alberto incomodado, n\u00e3o s\u00f3 pelo risco de o av\u00f4 ser preso, mas com receio de que isso possa afetar os neg\u00f3cios da fam\u00edlia.<br \/>\n<strong>Saiba mais:<\/strong><br \/>\n<a href=\"https:\/\/www.tvnovelas.com.br\/tvnews\/flor-do-caribe-doralice-descobre-que-nicole-esta-morando-com-quirino\/\">&#8216;Flor do Caribe&#8217;: Doralice descobre que Nicole est\u00e1 morando com Quirino<\/a><br \/>\n<a href=\"https:\/\/www.tvnovelas.com.br\/novelas\/\"><strong>Confira os resumos da semana das novelas<\/strong><\/a><\/p>\n","protected":false},"excerpt":{"rendered":"<p>A vida parece finalmente estar sendo justa com Dion\u00edsio (Sergio Mamberti), que j\u00e1 fez tanto mal em \u2018Flor do Caribe\u2019. Ap\u00f3s ser preso tentando fugir, H\u00e9lio (Raphael Vianna) \u00e9 novamente confrontado pela pol\u00edcia, desta vez na presen\u00e7a de Ester (Grazi Massafera). O rapaz confessa que aceitou dinheiro do ex-patr\u00e3o para assumir seus crimes no que [&hellip;]<\/p>\n","protected":false},"author":1,"featured_media":3858,"comment_status":"closed","ping_status":"open","sticky":false,"template":"","format":"standard","meta":{"_monsterinsights_skip_tracking":false,"_monsterinsights_sitenote_active":false,"_monsterinsights_sitenote_note":"","_monsterinsights_sitenote_category":0,"_jetpack_memberships_contains_paid_content":false,"footnotes":"","jetpack_publicize_message":"","jetpack_publicize_feature_enabled":true,"jetpack_social_post_already_shared":true,"jetpack_social_options":{"image_generator_settings":{"template":"highway","default_image_id":0,"font":"","enabled":false},"version":2},"_wp_rev_ctl_limit":""},"categories":[90],"tags":[64,92,91],"class_list":["post-3857","post","type-post","status-publish","format-standard","has-post-thumbnail","hentry","category-noticias-das-nov-elas","tag-flor-do-caribe","tag-globo","tag-novelas"],"aioseo_notices":[],"jetpack_publicize_connections":[],"jetpack_featured_media_url":"https:\/\/i0.wp.com\/caetenews.com.br\/semana\/wp-content\/uploads\/2021\/02\/26363.jpg?fit=600%2C342&ssl=1","jetpack_shortlink":"https:\/\/wp.me\/pcIKFi-10d","jetpack_sharing_enabled":true,"jetpack_likes_enabled":true,"jetpack-related-posts":[{"id":3741,"url":"https:\/\/caetenews.com.br\/semana\/flor-do-caribe-ester-sai-da-mansao-e-alberto-surta\/","url_meta":{"origin":3857,"position":0},"title":"Flor do Caribe: Ester sai da mans\u00e3o e Alberto surta","author":"Paulo Ant\u00f4nio","date":"29\/01\/2021","format":false,"excerpt":"Finalmente, Ester (Grazi Massafera) conseguiu a guarda definitiva da Laurinha. Sem precisar morar na mans\u00e3o por causa da filha, ela faz as malas e se prepara para a liberdade. Mas Alberto (Igor Rickli) a flagra e implora para Ester ficar. \"Que vida voc\u00ea acha que eu vou ter, Ester, quando\u2026","rel":"","context":"Em &quot;Not\u00edcias das novelas&quot;","block_context":{"text":"Not\u00edcias das novelas","link":"https:\/\/caetenews.com.br\/semana\/category\/noticias-das-nov-elas\/"},"img":{"alt_text":"Foto de Alberto","src":"https:\/\/i0.wp.com\/caetenews.com.br\/semana\/wp-content\/uploads\/2021\/01\/26305.jpg?fit=600%2C343&ssl=1&resize=350%2C200","width":350,"height":200,"srcset":"https:\/\/i0.wp.com\/caetenews.com.br\/semana\/wp-content\/uploads\/2021\/01\/26305.jpg?fit=600%2C343&ssl=1&resize=350%2C200 1x, https:\/\/i0.wp.com\/caetenews.com.br\/semana\/wp-content\/uploads\/2021\/01\/26305.jpg?fit=600%2C343&ssl=1&resize=525%2C300 1.5x"},"classes":[]},{"id":3821,"url":"https:\/\/caetenews.com.br\/semana\/flor-do-caribe-candinho-almoca-na-mansao-com-dionisio\/","url_meta":{"origin":3857,"position":1},"title":"Flor do Caribe: Candinho almo\u00e7a na mans\u00e3o com Dion\u00edsio","author":"Paulo Ant\u00f4nio","date":"02\/02\/2021","format":false,"excerpt":"A not\u00edcia de que Candinho (Jos\u00e9 Loreto) \u00e9 filho de Dion\u00edsio (S\u00e9rgio Mamberti) se espalhou e o esc\u00e2ndalo na fam\u00edlia Albuquerque s\u00f3 aumenta. Temendo que isso afete a sua empresa, o idoso aceita o conselho de Alberto (Igor Rickli) e tenta se aproximar do rapaz, pelo menos, fingir que est\u00e1\u2026","rel":"","context":"Em &quot;Not\u00edcias das novelas&quot;","block_context":{"text":"Not\u00edcias das novelas","link":"https:\/\/caetenews.com.br\/semana\/category\/noticias-das-nov-elas\/"},"img":{"alt_text":"Foto de fam\u00edlia","src":"https:\/\/i0.wp.com\/caetenews.com.br\/semana\/wp-content\/uploads\/2021\/02\/26327.jpg?fit=600%2C336&ssl=1&resize=350%2C200","width":350,"height":200,"srcset":"https:\/\/i0.wp.com\/caetenews.com.br\/semana\/wp-content\/uploads\/2021\/02\/26327.jpg?fit=600%2C336&ssl=1&resize=350%2C200 1x, https:\/\/i0.wp.com\/caetenews.com.br\/semana\/wp-content\/uploads\/2021\/02\/26327.jpg?fit=600%2C336&ssl=1&resize=525%2C300 1.5x"},"classes":[]},{"id":3607,"url":"https:\/\/caetenews.com.br\/semana\/flor-do-caribe-helio-teme-ser-morto-a-mando-de-dionisio\/","url_meta":{"origin":3857,"position":2},"title":"Flor do Caribe: H\u00e9lio teme ser morto a mando de Dion\u00edsio","author":"Paulo Ant\u00f4nio","date":"15\/01\/2021","format":false,"excerpt":"Depois de se envolver na tentativa de assassinato de Samuel (Juca de Oliveira), H\u00e9lio (Raphael Vianna) tenta sair de Vila dos Ventos. Mas a fuga d\u00e1 errado e a pol\u00edcia chega na hora para enviar uma intima\u00e7\u00e3o. O executivo vai at\u00e9 a mans\u00e3o da fam\u00edlia Albuquerque e avisa a Dion\u00edsio\u2026","rel":"","context":"Em &quot;Not\u00edcias das novelas&quot;","block_context":{"text":"Not\u00edcias das novelas","link":"https:\/\/caetenews.com.br\/semana\/category\/noticias-das-nov-elas\/"},"img":{"alt_text":"Foto de H\u00e9lio","src":"https:\/\/i0.wp.com\/caetenews.com.br\/semana\/wp-content\/uploads\/2021\/01\/26224.jpg?fit=600%2C351&ssl=1&resize=350%2C200","width":350,"height":200,"srcset":"https:\/\/i0.wp.com\/caetenews.com.br\/semana\/wp-content\/uploads\/2021\/01\/26224.jpg?fit=600%2C351&ssl=1&resize=350%2C200 1x, https:\/\/i0.wp.com\/caetenews.com.br\/semana\/wp-content\/uploads\/2021\/01\/26224.jpg?fit=600%2C351&ssl=1&resize=525%2C300 1.5x"},"classes":[]},{"id":3710,"url":"https:\/\/caetenews.com.br\/semana\/flor-do-caribe-bibiana-invade-a-mansao-com-sangue-nos-olhos\/","url_meta":{"origin":3857,"position":3},"title":"&#8216;Flor do Caribe&#8217;: Bibiana invade a mans\u00e3o com sangue nos olhos","author":"Paulo Ant\u00f4nio","date":"27\/01\/2021","format":false,"excerpt":"Bibiana (Cyria Coentro) fica arrasada quando descobre que H\u00e9lio foi preso. Sabendo que ele assumiu a culpa de Dion\u00edsio, ela vai at\u00e9 a mans\u00e3o com sangue nos olhos. Aos berros, a dona do quiosque diz na cara do milion\u00e1rio: \"Se voc\u00ea n\u00e3o sabe, eu sou a m\u00e3e do H\u00e9lio. O\u2026","rel":"","context":"Em &quot;Not\u00edcias das novelas&quot;","block_context":{"text":"Not\u00edcias das novelas","link":"https:\/\/caetenews.com.br\/semana\/category\/noticias-das-nov-elas\/"},"img":{"alt_text":"Foto de Bibiana na mans\u00e3o","src":"https:\/\/i0.wp.com\/caetenews.com.br\/semana\/wp-content\/uploads\/2021\/01\/26291.jpg?fit=600%2C346&ssl=1&resize=350%2C200","width":350,"height":200,"srcset":"https:\/\/i0.wp.com\/caetenews.com.br\/semana\/wp-content\/uploads\/2021\/01\/26291.jpg?fit=600%2C346&ssl=1&resize=350%2C200 1x, https:\/\/i0.wp.com\/caetenews.com.br\/semana\/wp-content\/uploads\/2021\/01\/26291.jpg?fit=600%2C346&ssl=1&resize=525%2C300 1.5x"},"classes":[]},{"id":3656,"url":"https:\/\/caetenews.com.br\/semana\/flor-do-caribe-candinho-descobre-que-e-filho-de-dionisio\/","url_meta":{"origin":3857,"position":4},"title":"Flor do Caribe: Candinho descobre que \u00e9 filho de Dion\u00edsio","author":"Paulo Ant\u00f4nio","date":"21\/01\/2021","format":false,"excerpt":"Veridiana (Laura Cardoso) tem uma conversa a s\u00f3s com Maria Ad\u00edlia (Inez Viana) sobre a mentira que ela contou a Guiomar. A sertaneja comenta com a filha que anda preocupada por acreditar que a socialite n\u00e3o engoliu quando Ad\u00edlia negou que Candinho (Jos\u00e9 Loreto) n\u00e3o \u00e9 filho de Dion\u00edsio (S\u00e9rgio\u2026","rel":"","context":"Em &quot;Not\u00edcias das novelas&quot;","block_context":{"text":"Not\u00edcias das novelas","link":"https:\/\/caetenews.com.br\/semana\/category\/noticias-das-nov-elas\/"},"img":{"alt_text":"Foto de Candinho","src":"https:\/\/i0.wp.com\/caetenews.com.br\/semana\/wp-content\/uploads\/2021\/01\/26255.jpg?fit=600%2C357&ssl=1&resize=350%2C200","width":350,"height":200,"srcset":"https:\/\/i0.wp.com\/caetenews.com.br\/semana\/wp-content\/uploads\/2021\/01\/26255.jpg?fit=600%2C357&ssl=1&resize=350%2C200 1x, https:\/\/i0.wp.com\/caetenews.com.br\/semana\/wp-content\/uploads\/2021\/01\/26255.jpg?fit=600%2C357&ssl=1&resize=525%2C300 1.5x"},"classes":[]},{"id":3839,"url":"https:\/\/caetenews.com.br\/semana\/flor-do-caribe-rola-uma-quimica-entre-veridiana-e-manolo\/","url_meta":{"origin":3857,"position":5},"title":"Flor do Caribe: Rola uma qu\u00edmica entre Veridiana e Manolo","author":"Paulo Ant\u00f4nio","date":"03\/02\/2021","format":false,"excerpt":"Manolo (Elias Gleizer) chegou at\u00e9 a cidade de Vila dos Ventos decidido a ajudar Samuel (Juca de Oliveira) a colocar Dion\u00edsio (S\u00e9rgio Mamberti) atr\u00e1s das grades. Quando o cigano descobre que Candinho (Jos\u00e9 Loreto) \u00e9 filho do seu antigo carrasco, ele decide conhecer o rapaz. Chegando ao s\u00edtio, fica evidente\u2026","rel":"","context":"Em &quot;Not\u00edcias das novelas&quot;","block_context":{"text":"Not\u00edcias das novelas","link":"https:\/\/caetenews.com.br\/semana\/category\/noticias-das-nov-elas\/"},"img":{"alt_text":"Foto de Veridiana com Manolo","src":"https:\/\/i0.wp.com\/caetenews.com.br\/semana\/wp-content\/uploads\/2021\/02\/26340.jpg?fit=600%2C338&ssl=1&resize=350%2C200","width":350,"height":200,"srcset":"https:\/\/i0.wp.com\/caetenews.com.br\/semana\/wp-content\/uploads\/2021\/02\/26340.jpg?fit=600%2C338&ssl=1&resize=350%2C200 1x, https:\/\/i0.wp.com\/caetenews.com.br\/semana\/wp-content\/uploads\/2021\/02\/26340.jpg?fit=600%2C338&ssl=1&resize=525%2C300 1.5x"},"classes":[]}],"_links":{"self":[{"href":"https:\/\/caetenews.com.br\/semana\/wp-json\/wp\/v2\/posts\/3857","targetHints":{"allow":["GET"]}}],"collection":[{"href":"https:\/\/caetenews.com.br\/semana\/wp-json\/wp\/v2\/posts"}],"about":[{"href":"https:\/\/caetenews.com.br\/semana\/wp-json\/wp\/v2\/types\/post"}],"author":[{"embeddable":true,"href":"https:\/\/caetenews.com.br\/semana\/wp-json\/wp\/v2\/users\/1"}],"replies":[{"embeddable":true,"href":"https:\/\/caetenews.com.br\/semana\/wp-json\/wp\/v2\/comments?post=3857"}],"version-history":[{"count":0,"href":"https:\/\/caetenews.com.br\/semana\/wp-json\/wp\/v2\/posts\/3857\/revisions"}],"wp:featuredmedia":[{"embeddable":true,"href":"https:\/\/caetenews.com.br\/semana\/wp-json\/wp\/v2\/media\/3858"}],"wp:attachment":[{"href":"https:\/\/caetenews.com.br\/semana\/wp-json\/wp\/v2\/media?parent=3857"}],"wp:term":[{"taxonomy":"category","embeddable":true,"href":"https:\/\/caetenews.com.br\/semana\/wp-json\/wp\/v2\/categories?post=3857"},{"taxonomy":"post_tag","embeddable":true,"href":"https:\/\/caetenews.com.br\/semana\/wp-json\/wp\/v2\/tags?post=3857"}],"curies":[{"name":"wp","href":"https:\/\/api.w.org\/{rel}","templated":true}]}}