{"id":3874,"date":"2021-02-05T09:57:35","date_gmt":"2021-02-05T12:57:35","guid":{"rendered":"https:\/\/caetenews.com.br\/semana\/?p=3874"},"modified":"2021-02-05T10:05:01","modified_gmt":"2021-02-05T13:05:01","slug":"a-forca-do-querer-elvira-fica-cara-a-cara-com-irene","status":"publish","type":"post","link":"https:\/\/caetenews.com.br\/semana\/a-forca-do-querer-elvira-fica-cara-a-cara-com-irene\/","title":{"rendered":"A For\u00e7a do Querer: Elvira fica cara a cara com Irene"},"content":{"rendered":"<p><img data-recalc-dims=\"1\" fetchpriority=\"high\" decoding=\"async\" data-attachment-id=\"3875\" data-permalink=\"https:\/\/caetenews.com.br\/semana\/a-forca-do-querer-elvira-fica-cara-a-cara-com-irene\/attachment\/26371\/\" data-orig-file=\"https:\/\/i0.wp.com\/caetenews.com.br\/semana\/wp-content\/uploads\/2021\/02\/26371.jpg?fit=600%2C338&amp;ssl=1\" data-orig-size=\"600,338\" data-comments-opened=\"0\" data-image-meta=\"{&quot;aperture&quot;:&quot;0&quot;,&quot;credit&quot;:&quot;&quot;,&quot;camera&quot;:&quot;&quot;,&quot;caption&quot;:&quot;&quot;,&quot;created_timestamp&quot;:&quot;0&quot;,&quot;copyright&quot;:&quot;&quot;,&quot;focal_length&quot;:&quot;0&quot;,&quot;iso&quot;:&quot;0&quot;,&quot;shutter_speed&quot;:&quot;0&quot;,&quot;title&quot;:&quot;&quot;,&quot;orientation&quot;:&quot;0&quot;}\" data-image-title=\"A For\u00e7a do Querer\" data-image-description=\"\" data-image-caption=\"\" data-large-file=\"https:\/\/i0.wp.com\/caetenews.com.br\/semana\/wp-content\/uploads\/2021\/02\/26371.jpg?fit=600%2C338&amp;ssl=1\" class=\"alignnone wp-image-3875 size-full\" title=\"(Foto: TV Globo\/A For\u00e7a do Querer)\" src=\"https:\/\/i0.wp.com\/caetenews.com.br\/semana\/wp-content\/uploads\/2021\/02\/26371.jpg?resize=600%2C338&#038;ssl=1\" alt=\"Foto de Elvira\" width=\"600\" height=\"338\" \/><br \/>\nA tentativa de assassinato que sofreu s\u00f3 serviu para deixar Elvira (Betty Faria) ainda mais determinada a encontra a golpista Solange. Ela ainda n\u00e3o sabe que a bandida assumiu a identidade de Irene (D\u00e9bora Falabella) e est\u00e1 infernizando a vida de seu sobrinho, Eug\u00eanio (Dan Stulbach).<\/p>\n<p>Em um passeio ao shopping, Elvira fica chocada ao ver de longe a mulher que matou seu primeiro marido. Ela liga para Garcia (Othon Bastos), que pede para a esposa n\u00e3o fazer nada at\u00e9 ele chegar l\u00e1, mas \u00e9 em v\u00e3o. Elvira segue Irene at\u00e9 o estacionamento e a chama pelo verdadeiro nome. A arquiteta treme ao ouvir e se vira com um olhar cheio de \u00f3dio, \u201cfuzilando\u201d a mulher que n\u00e3o conseguiu matar.<\/p>\n<p>As cenas v\u00e3o ao ar nesta sexta, 05 de fevereiro<br \/>\n<strong>Saiba mais:<\/strong><br \/>\n<a href=\"https:\/\/www.tvnovelas.com.br\/tvnews\/a-forca-do-querer-bibi-flagra-rubinho-em-casa-com-carine\/\">A For\u00e7a do Querer: Bibi flagra Rubinho em casa com Carine<\/a><br \/>\n<a href=\"https:\/\/www.tvnovelas.com.br\/tvnews\/a-forca-do-querer-ritinha-faz-proposta-a-zeca\/\" rel=\"noopener\" target=\"_blank\">A For\u00e7a do Querer: Ritinha faz proposta a Zeca<\/a><br \/>\n<a href=\"https:\/\/caetenews.com.br\/semana\/novelas\/\"><strong>Confira os resumos da semana das novelas<\/strong><\/a><\/p>\n","protected":false},"excerpt":{"rendered":"<p>A tentativa de assassinato que sofreu s\u00f3 serviu para deixar Elvira (Betty Faria) ainda mais determinada a encontra a golpista Solange. Ela ainda n\u00e3o sabe que a bandida assumiu a identidade de Irene (D\u00e9bora Falabella) e est\u00e1 infernizando a vida de seu sobrinho, Eug\u00eanio (Dan Stulbach). Em um passeio ao shopping, Elvira fica chocada ao [&hellip;]<\/p>\n","protected":false},"author":1,"featured_media":0,"comment_status":"closed","ping_status":"open","sticky":false,"template":"","format":"standard","meta":{"_monsterinsights_skip_tracking":false,"_monsterinsights_sitenote_active":false,"_monsterinsights_sitenote_note":"","_monsterinsights_sitenote_category":0,"_jetpack_memberships_contains_paid_content":false,"footnotes":"","jetpack_publicize_message":"","jetpack_publicize_feature_enabled":true,"jetpack_social_post_already_shared":true,"jetpack_social_options":{"image_generator_settings":{"template":"highway","default_image_id":0,"font":"","enabled":false},"version":2},"_wp_rev_ctl_limit":""},"categories":[1],"tags":[],"class_list":["post-3874","post","type-post","status-publish","format-standard","hentry","category-tv-aberta"],"aioseo_notices":[],"jetpack_publicize_connections":[],"jetpack_featured_media_url":"","jetpack_shortlink":"https:\/\/wp.me\/pcIKFi-10u","jetpack_sharing_enabled":true,"jetpack_likes_enabled":true,"jetpack-related-posts":[{"id":4023,"url":"https:\/\/caetenews.com.br\/semana\/a-forca-do-querer-eugenio-e-joyce-descobrem-que-foram-enganados-por-irene\/","url_meta":{"origin":3874,"position":0},"title":"A For\u00e7a do Querer: Eug\u00eanio e Joyce descobrem que foram enganados por Irene","author":"Paulo Ant\u00f4nio","date":"07\/03\/2021","format":false,"excerpt":"Depois de ser desmascara por Dantas (Edson Celulari), Eurico (Humberto Martins), Silvana (Lilia Cabral), Elvira (Betty Faria) e Garcia (Othon Bastos), Irene acaba despencando no po\u00e7o do elevador durante sua fuga. Ap\u00f3s ser comunicado sobre a morte da ex-amante, Eug\u00eanio corre para a delegacia. Diante do delegado, ele e Joyce\u2026","rel":"","context":"Em &quot;Not\u00edcias das novelas&quot;","block_context":{"text":"Not\u00edcias das novelas","link":"https:\/\/caetenews.com.br\/semana\/category\/noticias-das-nov-elas\/"},"img":{"alt_text":"Foto de Eug\u00eanio e Joyce","src":"https:\/\/i0.wp.com\/caetenews.com.br\/semana\/wp-content\/uploads\/2021\/03\/26647.jpg?fit=600%2C351&ssl=1&resize=350%2C200","width":350,"height":200,"srcset":"https:\/\/i0.wp.com\/caetenews.com.br\/semana\/wp-content\/uploads\/2021\/03\/26647.jpg?fit=600%2C351&ssl=1&resize=350%2C200 1x, https:\/\/i0.wp.com\/caetenews.com.br\/semana\/wp-content\/uploads\/2021\/03\/26647.jpg?fit=600%2C351&ssl=1&resize=525%2C300 1.5x"},"classes":[]},{"id":3796,"url":"https:\/\/caetenews.com.br\/semana\/a-forca-do-querer-irene-atira-contra-elvira\/","url_meta":{"origin":3874,"position":1},"title":"A For\u00e7a do Querer: Irene atira contra Elvira","author":"Paulo Ant\u00f4nio","date":"30\/01\/2021","format":false,"excerpt":"Irene (D\u00e9bora Falabella) est\u00e1 cada vez mais descontrolada, ainda mais agora que suas falcatruas est\u00e3o vindo \u00e0 tona. A arquiteta decide acabar com tio Garcia (Othon Bastos) e Elvira (Betty Faria), que sabem tudo sobre seu passado e podem ser um empecilho para reconquistar Eug\u00eanio (Dan Stulbach). \u201cNada pode dar\u2026","rel":"","context":"Em &quot;Not\u00edcias das novelas&quot;","block_context":{"text":"Not\u00edcias das novelas","link":"https:\/\/caetenews.com.br\/semana\/category\/noticias-das-nov-elas\/"},"img":{"alt_text":"Foto de Irene","src":"https:\/\/i0.wp.com\/caetenews.com.br\/semana\/wp-content\/uploads\/2021\/01\/26318.jpg?fit=600%2C332&ssl=1&resize=350%2C200","width":350,"height":200,"srcset":"https:\/\/i0.wp.com\/caetenews.com.br\/semana\/wp-content\/uploads\/2021\/01\/26318.jpg?fit=600%2C332&ssl=1&resize=350%2C200 1x, https:\/\/i0.wp.com\/caetenews.com.br\/semana\/wp-content\/uploads\/2021\/01\/26318.jpg?fit=600%2C332&ssl=1&resize=525%2C300 1.5x"},"classes":[]},{"id":3904,"url":"https:\/\/caetenews.com.br\/semana\/a-forca-do-querer-eugenio-revela-a-joyce-que-irene-esta-gravida-dele\/","url_meta":{"origin":3874,"position":2},"title":"A For\u00e7a do Querer: Eug\u00eanio revela a Joyce que Irene est\u00e1 gr\u00e1vida dele","author":"Paulo Ant\u00f4nio","date":"12\/02\/2021","format":false,"excerpt":"Eug\u00eanio (Dan Stulbach) est\u00e1 sem coragem de revelar a Joyce (Maria Fernanda C\u00e2ndido) que Irene (D\u00e9bora Falabella) est\u00e1 gr\u00e1vida dele. Mas arquiteta est\u00e1 fazendo quest\u00e3o de infernizar a vida do casal dando pequenas indiretas quando encontra Joyce. O advogado sabe que \u00e9 quest\u00e3o de dias at\u00e9 a esposa descobrir e\u2026","rel":"","context":"Em &quot;Not\u00edcias das novelas&quot;","block_context":{"text":"Not\u00edcias das novelas","link":"https:\/\/caetenews.com.br\/semana\/category\/noticias-das-nov-elas\/"},"img":{"alt_text":"Foto de Joyce","src":"https:\/\/i0.wp.com\/caetenews.com.br\/semana\/wp-content\/uploads\/2021\/02\/26421.jpg?fit=600%2C338&ssl=1&resize=350%2C200","width":350,"height":200,"srcset":"https:\/\/i0.wp.com\/caetenews.com.br\/semana\/wp-content\/uploads\/2021\/02\/26421.jpg?fit=600%2C338&ssl=1&resize=350%2C200 1x, https:\/\/i0.wp.com\/caetenews.com.br\/semana\/wp-content\/uploads\/2021\/02\/26421.jpg?fit=600%2C338&ssl=1&resize=525%2C300 1.5x"},"classes":[]},{"id":5546,"url":"https:\/\/caetenews.com.br\/semana\/terra-e-paixao-antonio-declara-guerra-contra-caio\/","url_meta":{"origin":3874,"position":3},"title":"Terra e Paix\u00e3o: Ant\u00f4nio declara guerra contra Caio","author":"Paulo Ant\u00f4nio","date":"20\/05\/2023","format":false,"excerpt":"Em Terra e Paix\u00e3o, a rela\u00e7\u00e3o de Ant\u00f4nio La Selva (Tony Ramos) e Caio (Cau\u00e3 Reymond) nunca foi pac\u00edfica. Mas tudo piorou muito depois que o fazendeiro...","rel":"","context":"Em &quot;Novelas&quot;","block_context":{"text":"Novelas","link":"https:\/\/caetenews.com.br\/semana\/category\/novelas\/"},"img":{"alt_text":"Foto em Terra e Paix\u00e3o: Ant\u00f4nio declara guerra...","src":"https:\/\/i0.wp.com\/caetenews.com.br\/semana\/wp-content\/uploads\/2023\/05\/048.jpg?fit=728%2C408&ssl=1&resize=350%2C200","width":350,"height":200,"srcset":"https:\/\/i0.wp.com\/caetenews.com.br\/semana\/wp-content\/uploads\/2023\/05\/048.jpg?fit=728%2C408&ssl=1&resize=350%2C200 1x, https:\/\/i0.wp.com\/caetenews.com.br\/semana\/wp-content\/uploads\/2023\/05\/048.jpg?fit=728%2C408&ssl=1&resize=525%2C300 1.5x, https:\/\/i0.wp.com\/caetenews.com.br\/semana\/wp-content\/uploads\/2023\/05\/048.jpg?fit=728%2C408&ssl=1&resize=700%2C400 2x"},"classes":[]},{"id":3710,"url":"https:\/\/caetenews.com.br\/semana\/flor-do-caribe-bibiana-invade-a-mansao-com-sangue-nos-olhos\/","url_meta":{"origin":3874,"position":4},"title":"&#8216;Flor do Caribe&#8217;: Bibiana invade a mans\u00e3o com sangue nos olhos","author":"Paulo Ant\u00f4nio","date":"27\/01\/2021","format":false,"excerpt":"Bibiana (Cyria Coentro) fica arrasada quando descobre que H\u00e9lio foi preso. Sabendo que ele assumiu a culpa de Dion\u00edsio, ela vai at\u00e9 a mans\u00e3o com sangue nos olhos. Aos berros, a dona do quiosque diz na cara do milion\u00e1rio: \"Se voc\u00ea n\u00e3o sabe, eu sou a m\u00e3e do H\u00e9lio. O\u2026","rel":"","context":"Em &quot;Not\u00edcias das novelas&quot;","block_context":{"text":"Not\u00edcias das novelas","link":"https:\/\/caetenews.com.br\/semana\/category\/noticias-das-nov-elas\/"},"img":{"alt_text":"Foto de Bibiana na mans\u00e3o","src":"https:\/\/i0.wp.com\/caetenews.com.br\/semana\/wp-content\/uploads\/2021\/01\/26291.jpg?fit=600%2C346&ssl=1&resize=350%2C200","width":350,"height":200,"srcset":"https:\/\/i0.wp.com\/caetenews.com.br\/semana\/wp-content\/uploads\/2021\/01\/26291.jpg?fit=600%2C346&ssl=1&resize=350%2C200 1x, https:\/\/i0.wp.com\/caetenews.com.br\/semana\/wp-content\/uploads\/2021\/01\/26291.jpg?fit=600%2C346&ssl=1&resize=525%2C300 1.5x"},"classes":[]},{"id":3582,"url":"https:\/\/caetenews.com.br\/semana\/a-forca-do-querer-bibi-proibe-rubinho-de-matar-jeiza\/","url_meta":{"origin":3874,"position":5},"title":"A For\u00e7a do Querer: Bibi pro\u00edbe Rubinho de matar Jeiza","author":"Paulo Ant\u00f4nio","date":"13\/01\/2021","format":false,"excerpt":"Bibi (Juliana Paes) est\u00e1 mesmo mandando no peda\u00e7o. Depois de saber que Jeiza (Paolla Oliveira) levou um susto com o tiro de fuzil enviado por Rubinho (Emilio Dantas), ela se preocupa na propor\u00e7\u00e3o que a situa\u00e7\u00e3o pode tomar e d\u00e1 bronca no marido: \"Oh, vamos parar com esse neg\u00f3cio de\u2026","rel":"","context":"Em &quot;In\u00edcio&quot;","block_context":{"text":"In\u00edcio","link":"https:\/\/caetenews.com.br\/semana\/category\/tv-aberta\/"},"img":{"alt_text":"Foto de Bibi","src":"https:\/\/i0.wp.com\/caetenews.com.br\/semana\/wp-content\/uploads\/2021\/01\/26203.jpg?fit=600%2C338&ssl=1&resize=350%2C200","width":350,"height":200,"srcset":"https:\/\/i0.wp.com\/caetenews.com.br\/semana\/wp-content\/uploads\/2021\/01\/26203.jpg?fit=600%2C338&ssl=1&resize=350%2C200 1x, https:\/\/i0.wp.com\/caetenews.com.br\/semana\/wp-content\/uploads\/2021\/01\/26203.jpg?fit=600%2C338&ssl=1&resize=525%2C300 1.5x"},"classes":[]}],"_links":{"self":[{"href":"https:\/\/caetenews.com.br\/semana\/wp-json\/wp\/v2\/posts\/3874","targetHints":{"allow":["GET"]}}],"collection":[{"href":"https:\/\/caetenews.com.br\/semana\/wp-json\/wp\/v2\/posts"}],"about":[{"href":"https:\/\/caetenews.com.br\/semana\/wp-json\/wp\/v2\/types\/post"}],"author":[{"embeddable":true,"href":"https:\/\/caetenews.com.br\/semana\/wp-json\/wp\/v2\/users\/1"}],"replies":[{"embeddable":true,"href":"https:\/\/caetenews.com.br\/semana\/wp-json\/wp\/v2\/comments?post=3874"}],"version-history":[{"count":1,"href":"https:\/\/caetenews.com.br\/semana\/wp-json\/wp\/v2\/posts\/3874\/revisions"}],"predecessor-version":[{"id":9339,"href":"https:\/\/caetenews.com.br\/semana\/wp-json\/wp\/v2\/posts\/3874\/revisions\/9339"}],"wp:attachment":[{"href":"https:\/\/caetenews.com.br\/semana\/wp-json\/wp\/v2\/media?parent=3874"}],"wp:term":[{"taxonomy":"category","embeddable":true,"href":"https:\/\/caetenews.com.br\/semana\/wp-json\/wp\/v2\/categories?post=3874"},{"taxonomy":"post_tag","embeddable":true,"href":"https:\/\/caetenews.com.br\/semana\/wp-json\/wp\/v2\/tags?post=3874"}],"curies":[{"name":"wp","href":"https:\/\/api.w.org\/{rel}","templated":true}]}}