{"id":3915,"date":"2021-02-13T13:30:02","date_gmt":"2021-02-13T16:30:02","guid":{"rendered":"https:\/\/caetenews.com.br\/semana\/?p=3915"},"modified":"2021-02-13T13:30:02","modified_gmt":"2021-02-13T16:30:02","slug":"momentos-de-30-desfiles-inesqueciveis-do-rio-e-de-sao-paulo-na-tela-da-globo-neste-fim-de-semana","status":"publish","type":"post","link":"https:\/\/caetenews.com.br\/semana\/momentos-de-30-desfiles-inesqueciveis-do-rio-e-de-sao-paulo-na-tela-da-globo-neste-fim-de-semana\/","title":{"rendered":"Momentos de 30 desfiles inesquec\u00edveis do Rio e de S\u00e3o Paulo na tela da Globo neste fim de semana"},"content":{"rendered":"<p><figure id=\"attachment_3916\" aria-describedby=\"caption-attachment-3916\" style=\"width: 600px\" class=\"wp-caption alignnone\"><img data-recalc-dims=\"1\" fetchpriority=\"high\" decoding=\"async\" data-attachment-id=\"3916\" data-permalink=\"https:\/\/caetenews.com.br\/semana\/momentos-de-30-desfiles-inesqueciveis-do-rio-e-de-sao-paulo-na-tela-da-globo-neste-fim-de-semana\/attachment\/2160\/\" data-orig-file=\"https:\/\/i0.wp.com\/caetenews.com.br\/semana\/wp-content\/uploads\/2021\/02\/2160.jpg?fit=600%2C360&amp;ssl=1\" data-orig-size=\"600,360\" data-comments-opened=\"0\" data-image-meta=\"{&quot;aperture&quot;:&quot;0&quot;,&quot;credit&quot;:&quot;&quot;,&quot;camera&quot;:&quot;&quot;,&quot;caption&quot;:&quot;&quot;,&quot;created_timestamp&quot;:&quot;0&quot;,&quot;copyright&quot;:&quot;&quot;,&quot;focal_length&quot;:&quot;0&quot;,&quot;iso&quot;:&quot;0&quot;,&quot;shutter_speed&quot;:&quot;0&quot;,&quot;title&quot;:&quot;&quot;,&quot;orientation&quot;:&quot;0&quot;}\" data-image-title=\"2160\" data-image-description=\"\" data-image-caption=\"&lt;p&gt;7. Imperatriz Leopoldinense (1989) &amp;#8211; \u201cLiberdade!  Liberdade! Abra as Asas Sobre N\u00f3s\u201d&lt;\/p&gt;\n\" data-large-file=\"https:\/\/i0.wp.com\/caetenews.com.br\/semana\/wp-content\/uploads\/2021\/02\/2160.jpg?fit=600%2C360&amp;ssl=1\" src=\"https:\/\/i0.wp.com\/caetenews.com.br\/semana\/wp-content\/uploads\/2021\/02\/2160.jpg?resize=600%2C360&#038;ssl=1\" alt=\"Foto da 7. Imperatriz Leopoldinense (1989)\" width=\"600\" height=\"360\" class=\"size-full wp-image-3916\" \/><figcaption id=\"caption-attachment-3916\" class=\"wp-caption-text\">7. Imperatriz Leopoldinense (1989) &#8211; \u201cLiberdade!  Liberdade! Abra as Asas Sobre N\u00f3s\u201d<\/figcaption><\/figure><br \/>\nA TV Globo se uniu \u00e0 Brahma e \u00e0 ag\u00eancia \u00c1frica para exibir os melhores momentos de 30 desfiles inesquec\u00edveis do Carnaval do Rio de Janeiro e de S\u00e3o Paulo. O carnavalesco Milton Cunha e o ator A\u00edlton Gra\u00e7a ser\u00e3o os apresentadores do \u2018Desfile N\u00famero 1 Brahma\u2019, com 15 escolas no s\u00e1bado, dia 13, ap\u00f3s o \u2018Altas Horas\u2019, e 15 no domingo, dia 14, ap\u00f3s o \u2018BBB\u2019.<br \/>\nA escolha dos sambas foi feita por uma curadoria especializada, com apoio das Ligas do Rio e de S\u00e3o Paulo e das pr\u00f3prias escolas de samba. Milton Cunha se emociona ao falar da homenagem. \u201cO desfile das escolas de samba \u00e9 a melhor vitrine brasileira para exposi\u00e7\u00e3o do artista popular. Esses tambores est\u00e3o silenciosos h\u00e1 onze meses, as bandeiras enroladas e tudo isso precisa aparecer. N\u00e3o ser\u00e1 poss\u00edvel produzir algo novo, mas poderemos apreciar e reviver as emo\u00e7\u00f5es proporcionadas por sambas inesquec\u00edveis. Nesses dois dias, faremos um resgate da pulsante cultura do povo, para inspirar todo o Brasil a n\u00e3o perder a alegria. N\u00e3o podemos sair de casa agora, mas, em breve, estaremos todos pulando e curtindo novamente grandes e inesquec\u00edveis carnavais\u201d diz o carnavalesco.<br \/>\nAl\u00e9m de conferir desfiles memor\u00e1veis, o p\u00fablico pode escolher o seu favorito no Gshow. Na vota\u00e7\u00e3o online, ser\u00e1 eleito o melhor de cada estado, e o resultado ser\u00e1 anunciado ao final da transmiss\u00e3o de domingo. Uma competi\u00e7\u00e3o simb\u00f3lica onde o maior vencedor \u00e9 o samba brasileiro.<br \/>\nO \u2018Desfile N\u00famero 1 Brahma\u2019 tem dire\u00e7\u00e3o geral de L.P. Simonetti e dire\u00e7\u00e3o de g\u00eanero de Boninho. O especial vai ao ar neste s\u00e1bado de Carnaval, dia 13, ap\u00f3s o \u2018Altas Horas\u2019, e no domingo, dia 14, ap\u00f3s o \u2018BBB\u2019, com desfiles de escolas dos dois estados.<br \/>\nDesfiles de S\u00e3o Paulo<br \/>\n1. \u00c1guia de Ouro (2020) \u2013 \u201cO Poder do Saber\u201d<br \/>\n2. Mancha Verde (2019) \u2013 \u201cOxal\u00e1 Salve a Princesa\u201d<br \/>\n3. Mocidade Alegre (2014) \u2013 \u201cAndar com F\u00e9 Eu Vou&#8230; Que a F\u00e9 N\u00e3o Costuma Falhar\u201d<br \/>\n4. Acad\u00eamicos do Tatuap\u00e9 (2018) \u2013 \u201cMaranh\u00e3o: Os Tambores V\u00e3o Ecoar na Terra da Encantaria\u201d<br \/>\n5. Unidos de Vila Maria (2017) \u2013 \u201cAparecida \u2013 a Rainha do Brasil \u2013 300 Anos de Amor e F\u00e9 no Cora\u00e7\u00e3o do Povo Brasileiro\u201d<br \/>\n6. Drag\u00f5es da Real (2017) \u2013 \u201cDrag\u00f5es Canta Asa Branca\u201d<br \/>\n7. Rosas de Ouro (2005) \u2013 \u201cMar de Rosas\u201d<br \/>\n8. Tom Maior (2009) \u2013 \u201cUma Nova Angola se Abre Para o Mundo. Em Nome da Paz, Martinho da Vila Canta a Liberdade\u201d<br \/>\n9. Imp\u00e9rio de Casa Verde (2005) \u2013 Brasil, se Deus \u00c9 Por N\u00f3s, Quem Ser\u00e1 Contra N\u00f3s\u201d<br \/>\n10. Barroca Zona Sul (2020) \u2013 \u201cBenguela, a Barroca Clama a Ti, Teresa\u201d<br \/>\n11. Gavi\u00f5es da Fiel (2003) \u2013 \u201cCinco Deusas Encantadas na Corte do Rei\u201d<br \/>\n12. Colorado do Bras \u2013 2019 \u2013 \u201cHakuna Matata, Isso \u00c9 Viver\u201d<br \/>\n13. Vai-Vai (2008) \u2013 \u201cVai-Vai Acorda Brasil\u201d<br \/>\n14. Acad\u00eamicos do Tucuruvi (2011) \u2013 \u201cO Xente, o que Seria da Gente Sem Essa Gente, S\u00e3o Paulo, a Capital do Nordeste\u201d<br \/>\nDesfiles do Rio de Janeiro<br \/>\n1. Acad\u00eamicos do Salgueiro (1993) &#8211; \u201cPeguei um Ita no Norte\u201d (Explode Cora\u00e7\u00e3o)<br \/>\n2. Mocidade Independente de Padre Miguel (1990) &#8211; \u201cVira Virou, a Mocidade Chegou\u201d<br \/>\n3. Unidos do Viradouro (1998) &#8211; \u201cOrfeu \u2013 O Negro do Carnaval\u201d<br \/>\n4. Beija-Flor (1989) &#8211; \u201cRatos e Urubus, Larguem a Minha Fantasia\u201d<br \/>\n5. Portela (2017) &#8211; \u201cQuem Nunca Sentiu o Corpo Arrepiar ao Ver Esse Rio Passar\u201d<br \/>\n6. Unidos da Tijuca (2010) &#8211; \u201c\u00c9 Segredo\u201d<br \/>\n7. Imperatriz Leopoldinense (1989) &#8211; \u201cLiberdade! Liberdade! Abra as Asas Sobre N\u00f3s\u201d<br \/>\n8. Esta\u00e7\u00e3o Primeira de Mangueira (2016) &#8211; \u201cMaria Beth\u00e2nia, a Menina dos Olhos de Oy\u00e1\u201d<br \/>\n9. Unidos de Vila Isabel (1988) &#8211; \u201cKizomba, Festa da Ra\u00e7a\u201d<br \/>\n10. Mocidade Independente de Padre Miguel (1985) &#8211; \u201cZiriguidum 2001\u201d<br \/>\n11. Beija-Flor (2011) &#8211; \u201cA Simplicidade de um Rei\u201d<br \/>\n12. Acad\u00eamicos do Grande Rio (2017) &#8211; \u201cIvete do Rio ao Rio\u201d<br \/>\n13. Unidos do Viradouro (2020) &#8211; \u201cViradouro de Alma Lavada\u201d<br \/>\n14. Imp\u00e9rio Serrano (2004 \u2013 reedi\u00e7\u00e3o do samba de 1964) &#8211; \u201cAquarela Brasileira\u201d<br \/>\n15. Para\u00edso do Tuiuti (2018) \u2013 \u201cMeu Deus, Meu Deus, Est\u00e1 Extinta a Escravid\u00e3o?\u201d<br \/>\n16. S\u00e3o Clemente (2019 reedi\u00e7\u00e3o do samba de 1990) &#8211; \u201cE o Samba Sambou\u201d<\/p>\n","protected":false},"excerpt":{"rendered":"<p>A TV Globo se uniu \u00e0 Brahma e \u00e0 ag\u00eancia \u00c1frica para exibir os melhores momentos de 30 desfiles inesquec\u00edveis do Carnaval do Rio de Janeiro e de S\u00e3o Paulo. O carnavalesco Milton Cunha e o ator A\u00edlton Gra\u00e7a ser\u00e3o os apresentadores do \u2018Desfile N\u00famero 1 Brahma\u2019, com 15 escolas no s\u00e1bado, dia 13, ap\u00f3s [&hellip;]<\/p>\n","protected":false},"author":1,"featured_media":3916,"comment_status":"closed","ping_status":"open","sticky":false,"template":"","format":"standard","meta":{"_monsterinsights_skip_tracking":false,"_monsterinsights_sitenote_active":false,"_monsterinsights_sitenote_note":"","_monsterinsights_sitenote_category":0,"_jetpack_memberships_contains_paid_content":false,"footnotes":"","jetpack_publicize_message":"","jetpack_publicize_feature_enabled":true,"jetpack_social_post_already_shared":true,"jetpack_social_options":{"image_generator_settings":{"template":"highway","default_image_id":0,"font":"","enabled":false},"version":2},"_wp_rev_ctl_limit":""},"categories":[136],"tags":[150,149,92],"class_list":["post-3915","post","type-post","status-publish","format-standard","has-post-thumbnail","hentry","category-noticias","tag-brahma","tag-carnaval","tag-globo"],"aioseo_notices":[],"jetpack_publicize_connections":[],"jetpack_featured_media_url":"https:\/\/i0.wp.com\/caetenews.com.br\/semana\/wp-content\/uploads\/2021\/02\/2160.jpg?fit=600%2C360&ssl=1","jetpack_shortlink":"https:\/\/wp.me\/pcIKFi-119","jetpack_sharing_enabled":true,"jetpack_likes_enabled":true,"jetpack-related-posts":[{"id":3617,"url":"https:\/\/caetenews.com.br\/semana\/malhacao-sonhos-de-2014-volta-a-ser-exibida-a-partir-do-dia-25\/","url_meta":{"origin":3915,"position":0},"title":"\u2018Malha\u00e7\u00e3o Sonhos\u2019, de 2014, volta a ser exibida a partir do dia 25","author":"Paulo Ant\u00f4nio","date":"17\/01\/2021","format":false,"excerpt":"A novela \u2018Malha\u00e7\u00e3o Sonhos\u2019, que foi exibida na temporada de 2014, retorna \u00e0 tela da TV Globo a partir do dia 25, substituindo Malha\u00e7\u00e3o: Viva a Diferen\u00e7a. Na hist\u00f3ria, de autoria de Rosane Svartman e Paulo Halm, Duca (Arthur Aguiar) quer ser um grande campe\u00e3o de muay thai. Bianca (Bruna\u2026","rel":"","context":"Em &quot;Not\u00edcias das novelas&quot;","block_context":{"text":"Not\u00edcias das novelas","link":"https:\/\/caetenews.com.br\/semana\/category\/noticias-das-nov-elas\/"},"img":{"alt_text":"foto de Pedro e Karina","src":"https:\/\/i0.wp.com\/caetenews.com.br\/semana\/wp-content\/uploads\/2021\/01\/26236.jpg?fit=600%2C337&ssl=1&resize=350%2C200","width":350,"height":200,"srcset":"https:\/\/i0.wp.com\/caetenews.com.br\/semana\/wp-content\/uploads\/2021\/01\/26236.jpg?fit=600%2C337&ssl=1&resize=350%2C200 1x, https:\/\/i0.wp.com\/caetenews.com.br\/semana\/wp-content\/uploads\/2021\/01\/26236.jpg?fit=600%2C337&ssl=1&resize=525%2C300 1.5x"},"classes":[]},{"id":11012,"url":"https:\/\/caetenews.com.br\/semana\/programacao-da-globo-da-semana-21-a-27-12\/","url_meta":{"origin":3915,"position":1},"title":"Programa\u00e7\u00e3o da Globo da semana 21 a 27\/12","author":"Paulo Ant\u00f4nio","date":"20\/12\/2024","format":false,"excerpt":"Programa\u00e7\u00e3o da Globo da semana 21 a 27\/12... Encanto, filme da Sess\u00e3o Especial de Natal","rel":"","context":"Em &quot;Programa\u00e7\u00e3o&quot;","block_context":{"text":"Programa\u00e7\u00e3o","link":"https:\/\/caetenews.com.br\/semana\/category\/programacao\/"},"img":{"alt_text":"Foto de Encanto, filme da Sess\u00e3o Especial de Natal","src":"https:\/\/i0.wp.com\/caetenews.com.br\/semana\/wp-content\/uploads\/2024\/12\/10288.jpg?fit=728%2C401&ssl=1&resize=350%2C200","width":350,"height":200,"srcset":"https:\/\/i0.wp.com\/caetenews.com.br\/semana\/wp-content\/uploads\/2024\/12\/10288.jpg?fit=728%2C401&ssl=1&resize=350%2C200 1x, https:\/\/i0.wp.com\/caetenews.com.br\/semana\/wp-content\/uploads\/2024\/12\/10288.jpg?fit=728%2C401&ssl=1&resize=525%2C300 1.5x, https:\/\/i0.wp.com\/caetenews.com.br\/semana\/wp-content\/uploads\/2024\/12\/10288.jpg?fit=728%2C401&ssl=1&resize=700%2C400 2x"},"classes":[]},{"id":5549,"url":"https:\/\/caetenews.com.br\/semana\/resumos-de-novelas-amor-perfeito-de-22-a-27-de-maio\/","url_meta":{"origin":3915,"position":2},"title":"Resumos de novelas: Amor Perfeito de 22 a 27 de maio","author":"Paulo Ant\u00f4nio","date":"21\/05\/2023","format":false,"excerpt":"Em Amor Perfeito de 22 a 27 de maio, na segunda-feira, 22 de maio, Luc\u00edlia comunica a Orlando que vendeu a casa deles em Belo Horizonte. J\u00falio e S\u00f4nia se amam. Ver\u00f4nica sugere...","rel":"","context":"Em &quot;Novelas&quot;","block_context":{"text":"Novelas","link":"https:\/\/caetenews.com.br\/semana\/category\/novelas\/"},"img":{"alt_text":"Foto em","src":"https:\/\/i0.wp.com\/caetenews.com.br\/semana\/wp-content\/uploads\/2023\/05\/049.jpg?fit=728%2C410&ssl=1&resize=350%2C200","width":350,"height":200,"srcset":"https:\/\/i0.wp.com\/caetenews.com.br\/semana\/wp-content\/uploads\/2023\/05\/049.jpg?fit=728%2C410&ssl=1&resize=350%2C200 1x, https:\/\/i0.wp.com\/caetenews.com.br\/semana\/wp-content\/uploads\/2023\/05\/049.jpg?fit=728%2C410&ssl=1&resize=525%2C300 1.5x, https:\/\/i0.wp.com\/caetenews.com.br\/semana\/wp-content\/uploads\/2023\/05\/049.jpg?fit=728%2C410&ssl=1&resize=700%2C400 2x"},"classes":[]},{"id":3847,"url":"https:\/\/caetenews.com.br\/semana\/malhacao-pedro-vira-bailarino-em-primeiro-dia-na-ribalta\/","url_meta":{"origin":3915,"position":3},"title":"Malha\u00e7\u00e3o: Pedro vira bailarino em primeiro dia na Ribalta","author":"Paulo Ant\u00f4nio","date":"04\/02\/2021","format":false,"excerpt":"Quem diria que para estudar Teoria do Rock o aluno precisasse passar antes pelo... pli\u00e9! Pois \u00e9, o Pedro (Rafael Vitti) vai aprender isso na pele em seu primeiro dia como aluno da Ribalta. Ap\u00f3s ingressar na institui\u00e7\u00e3o como o primeiro aluno de m\u00fasica da escola, o jovem ter\u00e1 que\u2026","rel":"","context":"Em &quot;Not\u00edcias das novelas&quot;","block_context":{"text":"Not\u00edcias das novelas","link":"https:\/\/caetenews.com.br\/semana\/category\/noticias-das-nov-elas\/"},"img":{"alt_text":"foto de Pedro","src":"https:\/\/i0.wp.com\/caetenews.com.br\/semana\/wp-content\/uploads\/2021\/02\/26353.jpg?fit=600%2C333&ssl=1&resize=350%2C200","width":350,"height":200,"srcset":"https:\/\/i0.wp.com\/caetenews.com.br\/semana\/wp-content\/uploads\/2021\/02\/26353.jpg?fit=600%2C333&ssl=1&resize=350%2C200 1x, https:\/\/i0.wp.com\/caetenews.com.br\/semana\/wp-content\/uploads\/2021\/02\/26353.jpg?fit=600%2C333&ssl=1&resize=525%2C300 1.5x"},"classes":[]},{"id":4532,"url":"https:\/\/caetenews.com.br\/semana\/nesta-quinta-12-estreia-na-globo-a-quarta-temporada-de-sob-pressao\/","url_meta":{"origin":3915,"position":4},"title":"Nesta quinta (12) estreia na Globo a quarta temporada de \u2018Sob Press\u00e3o\u2019","author":"Paulo Ant\u00f4nio","date":"11\/08\/2021","format":false,"excerpt":"Os f\u00e3s da s\u00e9rie m\u00e9dica \u2018Sob Press\u00e3o\u2019 aguardam para esta quinta, dia 12, a estreia de mais uma temporada da s\u00e9rie que, atrav\u00e9s da drama...","rel":"","context":"Em &quot;TV&quot;","block_context":{"text":"TV","link":"https:\/\/caetenews.com.br\/semana\/category\/tv\/"},"img":{"alt_text":"Foto de cena de Sob Press\u00e3o","src":"https:\/\/i0.wp.com\/caetenews.com.br\/semana\/wp-content\/uploads\/2021\/08\/29646.jpg?fit=600%2C338&ssl=1&resize=350%2C200","width":350,"height":200,"srcset":"https:\/\/i0.wp.com\/caetenews.com.br\/semana\/wp-content\/uploads\/2021\/08\/29646.jpg?fit=600%2C338&ssl=1&resize=350%2C200 1x, https:\/\/i0.wp.com\/caetenews.com.br\/semana\/wp-content\/uploads\/2021\/08\/29646.jpg?fit=600%2C338&ssl=1&resize=525%2C300 1.5x"},"classes":[]},{"id":5555,"url":"https:\/\/caetenews.com.br\/semana\/terra-e-paixao-a-casa-caiu-farsa-de-luigi-e-descoberta\/","url_meta":{"origin":3915,"position":5},"title":"Terra e Paix\u00e3o: A casa caiu; farsa de Luigi \u00e9 descoberta","author":"Paulo Ant\u00f4nio","date":"24\/05\/2023","format":false,"excerpt":"casa de Luigi (Rainer Cadete) vai cair de vez. Daniel (Johnny Massaro) vai investigar melhor a vida do cunhado e descobrir\u00e1 que ele n\u00e3o tem onde cair morto...","rel":"","context":"Em &quot;Novelas&quot;","block_context":{"text":"Novelas","link":"https:\/\/caetenews.com.br\/semana\/category\/novelas\/"},"img":{"alt_text":"Foto em Terra e Paix\u00e3o: A casa caiu...","src":"https:\/\/i0.wp.com\/caetenews.com.br\/semana\/wp-content\/uploads\/2023\/05\/38012.jpg?fit=728%2C410&ssl=1&resize=350%2C200","width":350,"height":200,"srcset":"https:\/\/i0.wp.com\/caetenews.com.br\/semana\/wp-content\/uploads\/2023\/05\/38012.jpg?fit=728%2C410&ssl=1&resize=350%2C200 1x, https:\/\/i0.wp.com\/caetenews.com.br\/semana\/wp-content\/uploads\/2023\/05\/38012.jpg?fit=728%2C410&ssl=1&resize=525%2C300 1.5x, https:\/\/i0.wp.com\/caetenews.com.br\/semana\/wp-content\/uploads\/2023\/05\/38012.jpg?fit=728%2C410&ssl=1&resize=700%2C400 2x"},"classes":[]}],"_links":{"self":[{"href":"https:\/\/caetenews.com.br\/semana\/wp-json\/wp\/v2\/posts\/3915","targetHints":{"allow":["GET"]}}],"collection":[{"href":"https:\/\/caetenews.com.br\/semana\/wp-json\/wp\/v2\/posts"}],"about":[{"href":"https:\/\/caetenews.com.br\/semana\/wp-json\/wp\/v2\/types\/post"}],"author":[{"embeddable":true,"href":"https:\/\/caetenews.com.br\/semana\/wp-json\/wp\/v2\/users\/1"}],"replies":[{"embeddable":true,"href":"https:\/\/caetenews.com.br\/semana\/wp-json\/wp\/v2\/comments?post=3915"}],"version-history":[{"count":0,"href":"https:\/\/caetenews.com.br\/semana\/wp-json\/wp\/v2\/posts\/3915\/revisions"}],"wp:featuredmedia":[{"embeddable":true,"href":"https:\/\/caetenews.com.br\/semana\/wp-json\/wp\/v2\/media\/3916"}],"wp:attachment":[{"href":"https:\/\/caetenews.com.br\/semana\/wp-json\/wp\/v2\/media?parent=3915"}],"wp:term":[{"taxonomy":"category","embeddable":true,"href":"https:\/\/caetenews.com.br\/semana\/wp-json\/wp\/v2\/categories?post=3915"},{"taxonomy":"post_tag","embeddable":true,"href":"https:\/\/caetenews.com.br\/semana\/wp-json\/wp\/v2\/tags?post=3915"}],"curies":[{"name":"wp","href":"https:\/\/api.w.org\/{rel}","templated":true}]}}