{"id":3925,"date":"2021-02-17T14:30:09","date_gmt":"2021-02-17T17:30:09","guid":{"rendered":"https:\/\/caetenews.com.br\/semana\/?p=3925"},"modified":"2021-02-17T14:35:06","modified_gmt":"2021-02-17T17:35:06","slug":"serie-eua-a-luta-pela-liberdade-estreia-nesta-quarta-17-na-netflix","status":"publish","type":"post","link":"https:\/\/caetenews.com.br\/semana\/serie-eua-a-luta-pela-liberdade-estreia-nesta-quarta-17-na-netflix\/","title":{"rendered":"S\u00e9rie &#8216;EUA: A Luta pela Liberdade&#8217; estreia nesta quarta (17) na Netflix"},"content":{"rendered":"<p><img data-recalc-dims=\"1\" fetchpriority=\"high\" decoding=\"async\" data-attachment-id=\"3926\" data-permalink=\"https:\/\/caetenews.com.br\/semana\/serie-eua-a-luta-pela-liberdade-estreia-nesta-quarta-17-na-netflix\/eua\/\" data-orig-file=\"https:\/\/i0.wp.com\/caetenews.com.br\/semana\/wp-content\/uploads\/2021\/02\/eua.jpg?fit=564%2C340&amp;ssl=1\" data-orig-size=\"564,340\" data-comments-opened=\"0\" data-image-meta=\"{&quot;aperture&quot;:&quot;0&quot;,&quot;credit&quot;:&quot;&quot;,&quot;camera&quot;:&quot;&quot;,&quot;caption&quot;:&quot;&quot;,&quot;created_timestamp&quot;:&quot;0&quot;,&quot;copyright&quot;:&quot;&quot;,&quot;focal_length&quot;:&quot;0&quot;,&quot;iso&quot;:&quot;0&quot;,&quot;shutter_speed&quot;:&quot;0&quot;,&quot;title&quot;:&quot;&quot;,&quot;orientation&quot;:&quot;0&quot;}\" data-image-title=\"EUA\" data-image-description=\"\" data-image-caption=\"\" data-large-file=\"https:\/\/i0.wp.com\/caetenews.com.br\/semana\/wp-content\/uploads\/2021\/02\/eua.jpg?fit=564%2C340&amp;ssl=1\" src=\"https:\/\/i0.wp.com\/caetenews.com.br\/semana\/wp-content\/uploads\/2021\/02\/eua.jpg?resize=564%2C340&#038;ssl=1\" alt=\"Foto de Will Smith\" width=\"564\" height=\"340\" class=\"alignnone size-full wp-image-3926\" \/><\/p>\n<h3>EUA: A Luta pela Liberdade<\/h3>\n<p><strong>Estreia da temporada em 17 de fevereiro<\/strong><br \/>\nS\u00e9rie Documental<br \/>\n&#8220;EUA: A Luta pela Liberdade&#8221; \u00e9 uma s\u00e9rie documental em seis epis\u00f3dios sobre a d\u00e9cima-quarta emenda \u00e0 Constitui\u00e7\u00e3o dos Estados Unidos. Em 1868, ela prometeu liberdade e prote\u00e7\u00e3o igualit\u00e1ria para todos, sendo o marco mais duradouro da democracia do pa\u00eds. A s\u00e9rie emprega um formato narrativo inovador, em que v\u00e1rias personalidades (Mahershala Ali, Diane Lane, Samuel L. Jackson, Pedro Pascal, Yara Shahidi e mais) d\u00e3o vida a discursos e textos dos defensores e inimigos mais apaixonados da emenda (incluindo Frederick Douglass, Dr. Martin Luther King Jr. Ruth Bader Ginsburg e Andrew Johnson), al\u00e9m de mostrar coment\u00e1rios de v\u00e1rios l\u00edderes e especialistas no pensamento contempor\u00e2neo. Com produ\u00e7\u00e3o executiva do ator indicado ao Oscar Will Smith, que tamb\u00e9m apresenta a s\u00e9rie, e do roteirista vencedor do Emmy Larry Wilmore, &#8220;EUA: A Luta pela Liberdade&#8221; \u00e9 uma jornada multim\u00eddia pela hist\u00f3ria do pa\u00eds que estimula os espectadores a questionar o verdadeiro significado do nome &#8220;Estados Unidos&#8221;.<br \/>\nWill Smith apresenta esta s\u00e9rie documental sobre a incans\u00e1vel e muitas vezes mortal luta por direitos iguais nos EUA com base na 14\u00aa Emenda \u00e0 Constitui\u00e7\u00e3o do pa\u00eds.<br \/>\nTrailer original, em ingl\u00eas.<br \/>\n<iframe width=\"560\" height=\"315\" src=\"https:\/\/www.youtube.com\/embed\/1h9gmJxvZU0\" frameborder=\"0\" allow=\"accelerometer; autoplay; clipboard-write; encrypted-media; gyroscope; picture-in-picture\" allowfullscreen><\/iframe><\/p>\n<p><strong>Saiba mais<\/strong><br \/>\n<a href=\"https:\/\/tvnovelas.com.br\/filmes\/filmes-e-series-ineditos-em-estreia-na-semana-na-netflix\/\"><strong>Veja os filmes e s\u00e9ries em estreia na semana na Netflix<\/strong><\/a><br \/>\n<a href=\"https:\/\/tvnovelas.com.br\/filmes\/ineditos-em-estreia-na-netflix-no-mes-de-fevereiro-2021\/\">Estreias de in\u00e9ditos na Netflix no m\u00eas de fevereiro\/2021<\/a><\/p>\n<div class=\"fb-comments\" data-width=\"100%\" data-order-by=\"reverse_time\" data-numposts=\"5\"><\/div>\n<p><a href=\"https:\/\/tvnovelas.com.br\/filmes\/netflix-revela-lista-de-filmes-para-2021-com-novidade-toda-semana-veja-lista-e-trailer\/\">Netflix revela lista de filmes para 2021, com novidade toda semana; veja lista e trailer<\/a><\/p>\n<h2 style=\"background-color: #ffa500; font-family: arial; padding-left: 10px;\"><a href=\"https:\/\/tvnovelas.com.br\/filmes\/filmes-e-series-ineditos-em-estreia-na-semana-na-netflix\/\" target=\"_blank\" rel=\"noopener noreferrer\">Estreias na Netflix<\/a><\/h2>\n<h2 style=\"background-color: #ffa500; font-family: arial; padding-left: 10px;\"><a href=\"https:\/\/tvnovelas.com.br\/filmes\/filmes-series-e-novelas-em-estreia-no-globoplay\/\" target=\"_blank\" rel=\"noopener noreferrer\">Estreias no Globoplay<\/a><\/h2>\n<h2 style=\"background-color: #ffa500; font-family: arial; padding-left: 10px;\"><a href=\"https:\/\/tvnovelas.com.br\/filmes\/filmes-em-estreia-nos-cinemas\/\" target=\"_blank\" rel=\"noopener noreferrer\">Filmes em estreia nos cinemas<\/a><\/h2>\n<h2 style=\"background-color: #ffa500; font-family: arial; padding-left: 10px;\"><a href=\"https:\/\/www.tvnovelas.com.br\/tvshow\/programacao-de-jogos-de-futebol-ao-vivo-na-tv\/\" target=\"_blank\" rel=\"noopener noreferrer\">Futebol ao vivo na TV<\/a><\/h2>\n<h2 style=\"background-color: #ffa500; font-family: arial; padding-left: 10px;\"><a href=\"https:\/\/www.tvnovelas.com.br\/novelas\/\" target=\"_blank\" rel=\"noopener noreferrer\">Resumos de todas as novelas<\/a><\/h2>\n","protected":false},"excerpt":{"rendered":"<p>EUA: A Luta pela Liberdade Estreia da temporada em 17 de fevereiro S\u00e9rie Documental &#8220;EUA: A Luta pela Liberdade&#8221; \u00e9 uma s\u00e9rie documental em seis epis\u00f3dios sobre a d\u00e9cima-quarta emenda \u00e0 Constitui\u00e7\u00e3o dos Estados Unidos. Em 1868, ela prometeu liberdade e prote\u00e7\u00e3o igualit\u00e1ria para todos, sendo o marco mais duradouro da democracia do pa\u00eds. A [&hellip;]<\/p>\n","protected":false},"author":1,"featured_media":3926,"comment_status":"closed","ping_status":"open","sticky":false,"template":"","format":"standard","meta":{"_monsterinsights_skip_tracking":false,"_monsterinsights_sitenote_active":false,"_monsterinsights_sitenote_note":"","_monsterinsights_sitenote_category":0,"_jetpack_memberships_contains_paid_content":false,"footnotes":"","jetpack_publicize_message":"","jetpack_publicize_feature_enabled":true,"jetpack_social_post_already_shared":true,"jetpack_social_options":{"image_generator_settings":{"template":"highway","default_image_id":0,"font":"","enabled":false},"version":2},"_wp_rev_ctl_limit":""},"categories":[105],"tags":[152,106,151],"class_list":["post-3925","post","type-post","status-publish","format-standard","has-post-thumbnail","hentry","category-netflix","tag-eua-a-luta-pela-liberdade","tag-netflix","tag-will-smith"],"aioseo_notices":[],"jetpack_publicize_connections":[],"jetpack_featured_media_url":"https:\/\/i0.wp.com\/caetenews.com.br\/semana\/wp-content\/uploads\/2021\/02\/eua.jpg?fit=564%2C340&ssl=1","jetpack_shortlink":"https:\/\/wp.me\/pcIKFi-11j","jetpack_sharing_enabled":true,"jetpack_likes_enabled":true,"jetpack-related-posts":[{"id":4524,"url":"https:\/\/caetenews.com.br\/semana\/historias-do-desporto-briga-na-nba-estreia-na-netflix-nesta-terca-dia-10\/","url_meta":{"origin":3925,"position":0},"title":"&#8216;Hist\u00f3rias do Desporto: Briga na NBA&#8217; estreia na Netflix nesta ter\u00e7a, dia 10","author":"Paulo Ant\u00f4nio","date":"10\/08\/2021","format":false,"excerpt":"Dos criadores de \"Wild Wild Country\" chega-nos uma s\u00e9rie documental de cinco epis\u00f3dios com uma perspetiva diferente sobre momentos....","rel":"","context":"Em &quot;Netflix&quot;","block_context":{"text":"Netflix","link":"https:\/\/caetenews.com.br\/semana\/category\/netflix\/"},"img":{"alt_text":"Foto de divulga\u00e7\u00e3o de Hist\u00f3rias do Desporto: Brigas na NBA","src":"https:\/\/i0.wp.com\/caetenews.com.br\/semana\/wp-content\/uploads\/2021\/08\/historiasnba.jpg?fit=600%2C338&ssl=1&resize=350%2C200","width":350,"height":200,"srcset":"https:\/\/i0.wp.com\/caetenews.com.br\/semana\/wp-content\/uploads\/2021\/08\/historiasnba.jpg?fit=600%2C338&ssl=1&resize=350%2C200 1x, https:\/\/i0.wp.com\/caetenews.com.br\/semana\/wp-content\/uploads\/2021\/08\/historiasnba.jpg?fit=600%2C338&ssl=1&resize=525%2C300 1.5x"},"classes":[]},{"id":5405,"url":"https:\/\/caetenews.com.br\/semana\/minisserie-rezar-e-obedecer-estreia-na-netflix-nesta-quarta-dia-8\/","url_meta":{"origin":3925,"position":1},"title":"Miniss\u00e9rie &#8216;Rezar e Obedecer&#8217; estreia na Netflix nesta quarta, dia 8","author":"Paulo Ant\u00f4nio","date":"06\/06\/2022","format":false,"excerpt":"Document\u00e1rio\/Miniss\u00e9rie Rezar e Obedecer estreia na Netflix nesta quarta, dia 8. Em 2008, uma opera\u00e7\u00e3o policial em um rancho no Texas atraiu a aten\u00e7\u00e3o do mundo todo: foram encontradas evid\u00eancias impressionantes de abusos...","rel":"","context":"Em &quot;Netflix&quot;","block_context":{"text":"Netflix","link":"https:\/\/caetenews.com.br\/semana\/category\/netflix\/"},"img":{"alt_text":"Foto de Rezar e ObedecerRezar e Obedecer, que estreia na Netflix","src":"https:\/\/i0.wp.com\/caetenews.com.br\/semana\/wp-content\/uploads\/2022\/06\/32812.jpg?fit=600%2C360&ssl=1&resize=350%2C200","width":350,"height":200,"srcset":"https:\/\/i0.wp.com\/caetenews.com.br\/semana\/wp-content\/uploads\/2022\/06\/32812.jpg?fit=600%2C360&ssl=1&resize=350%2C200 1x, https:\/\/i0.wp.com\/caetenews.com.br\/semana\/wp-content\/uploads\/2022\/06\/32812.jpg?fit=600%2C360&ssl=1&resize=525%2C300 1.5x"},"classes":[]},{"id":4300,"url":"https:\/\/caetenews.com.br\/semana\/reality-os-mestres-da-fritura-estreia-na-netflix-nesta-quarta-09\/","url_meta":{"origin":3925,"position":2},"title":"Reality &#8216;Os Mestres da Fritura&#8217; estreia na Netflix nesta quarta (09)","author":"Paulo Ant\u00f4nio","date":"09\/06\/2021","format":false,"excerpt":"Os Mestres da Fritura (Fresh, Fried & Crispy) S\u00e9rie - Reality\/Entretenimento\/Variedades Estreia em 9 de junho Costeletas de porco bem estaladi\u00e7as em Birmingham, Oreos fritas em San Diego e past\u00e9is de caranguejo de Baltimore. J\u00e1 est\u00e1 com \u00e1gua na boca? Daym Drops, cr\u00edtico gastron\u00f3mico do YouTube com mais de 250\u2026","rel":"","context":"Em &quot;Netflix&quot;","block_context":{"text":"Netflix","link":"https:\/\/caetenews.com.br\/semana\/category\/netflix\/"},"img":{"alt_text":"Foto de divulga\u00e7\u00e3o","src":"https:\/\/i0.wp.com\/caetenews.com.br\/semana\/wp-content\/uploads\/2021\/06\/osmestresfritura.jpg?fit=600%2C338&ssl=1&resize=350%2C200","width":350,"height":200,"srcset":"https:\/\/i0.wp.com\/caetenews.com.br\/semana\/wp-content\/uploads\/2021\/06\/osmestresfritura.jpg?fit=600%2C338&ssl=1&resize=350%2C200 1x, https:\/\/i0.wp.com\/caetenews.com.br\/semana\/wp-content\/uploads\/2021\/06\/osmestresfritura.jpg?fit=600%2C338&ssl=1&resize=525%2C300 1.5x"},"classes":[]},{"id":4409,"url":"https:\/\/caetenews.com.br\/semana\/roubos-inacreditaveis-os-grandes-assaltos-da-historia-estreia-a-na-netflix\/","url_meta":{"origin":3925,"position":3},"title":"Roubos Inacredit\u00e1veis: Os Grandes Assaltos da Hist\u00f3ria estreia na Netflix","author":"Paulo Ant\u00f4nio","date":"12\/07\/2021","format":false,"excerpt":"Roubos Inacredit\u00e1veis (Os Grandes Assaltos da Hist\u00f3ria) S\u00e9rie - Document\u00e1rios\/ Investigativo\/ Suspense Temporada 1 Estreia em 14 de julho De Derek Doneen (The Price of Free), Nick Frew (Inacredit\u00e1vel Esporte Clube) e Martin Desmond Roe (Dois Estranhos). Da Dirty Robber \u2014 a produtora por detr\u00e1s da vencedora do \u00d3scar de\u2026","rel":"","context":"Em &quot;Netflix&quot;","block_context":{"text":"Netflix","link":"https:\/\/caetenews.com.br\/semana\/category\/netflix\/"},"img":{"alt_text":"Foto de divulga\u00e7\u00e3o","src":"https:\/\/i0.wp.com\/caetenews.com.br\/semana\/wp-content\/uploads\/2021\/07\/roubosinacredit.jpg?fit=600%2C338&ssl=1&resize=350%2C200","width":350,"height":200,"srcset":"https:\/\/i0.wp.com\/caetenews.com.br\/semana\/wp-content\/uploads\/2021\/07\/roubosinacredit.jpg?fit=600%2C338&ssl=1&resize=350%2C200 1x, https:\/\/i0.wp.com\/caetenews.com.br\/semana\/wp-content\/uploads\/2021\/07\/roubosinacredit.jpg?fit=600%2C338&ssl=1&resize=525%2C300 1.5x"},"classes":[]},{"id":4646,"url":"https:\/\/caetenews.com.br\/semana\/cidade-dos-campeoes-na-netflix-nesta-sexta-dia-27\/","url_meta":{"origin":3925,"position":4},"title":"Cidade dos Campe\u00f5es na Netflix nesta sexta, dia 27","author":"Paulo Ant\u00f4nio","date":"28\/08\/2021","format":false,"excerpt":"Cidade dos Campe\u00f5es Titletown High S\u00e9rie - Reality Shows\/ Entretenimento\/ Variedades Estreia em 27 de agosto O criador de \"Two-A-Days\" traz-nos uma nova s\u00e9rie sem gui\u00e3o sobre uma das mais bem-sucedidas equipas de futebol americano do secund\u00e1rio liceu dos EUA. Sinopse Em Valdosta, uma cidade no sul da Georgia, o\u2026","rel":"","context":"Em &quot;Netflix&quot;","block_context":{"text":"Netflix","link":"https:\/\/caetenews.com.br\/semana\/category\/netflix\/"},"img":{"alt_text":"Foto de Cidades dos Campe\u00f5es, estreando na Netflix","src":"https:\/\/i0.wp.com\/caetenews.com.br\/semana\/wp-content\/uploads\/2021\/08\/cidadedoscampeoes.jpg?fit=600%2C338&ssl=1&resize=350%2C200","width":350,"height":200,"srcset":"https:\/\/i0.wp.com\/caetenews.com.br\/semana\/wp-content\/uploads\/2021\/08\/cidadedoscampeoes.jpg?fit=600%2C338&ssl=1&resize=350%2C200 1x, https:\/\/i0.wp.com\/caetenews.com.br\/semana\/wp-content\/uploads\/2021\/08\/cidadedoscampeoes.jpg?fit=600%2C338&ssl=1&resize=525%2C300 1.5x"},"classes":[]},{"id":4479,"url":"https:\/\/caetenews.com.br\/semana\/serie-sobre-john-delorean-estreia-na-netflix-nesta-sexta-30\/","url_meta":{"origin":3925,"position":5},"title":"S\u00e9rie sobre John DeLorean estreia na Netflix nesta sexta, 30","author":"Paulo Ant\u00f4nio","date":"29\/07\/2021","format":false,"excerpt":"Mito e Magnata: John DeLorean, na Netflix: Com entrevistas exclusivas e imagens in\u00e9ditas gravadas pelo premiado diretor D.A Pennebaker","rel":"","context":"Em &quot;Netflix&quot;","block_context":{"text":"Netflix","link":"https:\/\/caetenews.com.br\/semana\/category\/netflix\/"},"img":{"alt_text":"Foto de divulga\u00e7\u00e3o da s\u00e9rie John DeLorean","src":"https:\/\/i0.wp.com\/caetenews.com.br\/semana\/wp-content\/uploads\/2021\/07\/mitoemagnata.jpg?resize=350%2C200&ssl=1","width":350,"height":200,"srcset":"https:\/\/i0.wp.com\/caetenews.com.br\/semana\/wp-content\/uploads\/2021\/07\/mitoemagnata.jpg?resize=350%2C200&ssl=1 1x, https:\/\/i0.wp.com\/caetenews.com.br\/semana\/wp-content\/uploads\/2021\/07\/mitoemagnata.jpg?resize=525%2C300&ssl=1 1.5x"},"classes":[]}],"_links":{"self":[{"href":"https:\/\/caetenews.com.br\/semana\/wp-json\/wp\/v2\/posts\/3925","targetHints":{"allow":["GET"]}}],"collection":[{"href":"https:\/\/caetenews.com.br\/semana\/wp-json\/wp\/v2\/posts"}],"about":[{"href":"https:\/\/caetenews.com.br\/semana\/wp-json\/wp\/v2\/types\/post"}],"author":[{"embeddable":true,"href":"https:\/\/caetenews.com.br\/semana\/wp-json\/wp\/v2\/users\/1"}],"replies":[{"embeddable":true,"href":"https:\/\/caetenews.com.br\/semana\/wp-json\/wp\/v2\/comments?post=3925"}],"version-history":[{"count":0,"href":"https:\/\/caetenews.com.br\/semana\/wp-json\/wp\/v2\/posts\/3925\/revisions"}],"wp:featuredmedia":[{"embeddable":true,"href":"https:\/\/caetenews.com.br\/semana\/wp-json\/wp\/v2\/media\/3926"}],"wp:attachment":[{"href":"https:\/\/caetenews.com.br\/semana\/wp-json\/wp\/v2\/media?parent=3925"}],"wp:term":[{"taxonomy":"category","embeddable":true,"href":"https:\/\/caetenews.com.br\/semana\/wp-json\/wp\/v2\/categories?post=3925"},{"taxonomy":"post_tag","embeddable":true,"href":"https:\/\/caetenews.com.br\/semana\/wp-json\/wp\/v2\/tags?post=3925"}],"curies":[{"name":"wp","href":"https:\/\/api.w.org\/{rel}","templated":true}]}}