{"id":3977,"date":"2021-03-01T10:55:00","date_gmt":"2021-03-01T13:55:00","guid":{"rendered":"https:\/\/caetenews.com.br\/semana\/?p=3977"},"modified":"2021-03-01T10:56:11","modified_gmt":"2021-03-01T13:56:11","slug":"notorious-b-i-g-a-lenda-do-hip-hop-estreia-na-netflix-nesta-segunda-1o","status":"publish","type":"post","link":"https:\/\/caetenews.com.br\/semana\/notorious-b-i-g-a-lenda-do-hip-hop-estreia-na-netflix-nesta-segunda-1o\/","title":{"rendered":"&#8216;Notorious B.I.G.: A lenda do hip hop&#8217; estreia na Netflix nesta segunda (1\u00ba)"},"content":{"rendered":"<p><img data-recalc-dims=\"1\" fetchpriority=\"high\" decoding=\"async\" data-attachment-id=\"3978\" data-permalink=\"https:\/\/caetenews.com.br\/semana\/notorious-b-i-g-a-lenda-do-hip-hop-estreia-na-netflix-nesta-segunda-1o\/notorius\/\" data-orig-file=\"https:\/\/i0.wp.com\/caetenews.com.br\/semana\/wp-content\/uploads\/2021\/03\/notorius.jpg?fit=600%2C340&amp;ssl=1\" data-orig-size=\"600,340\" data-comments-opened=\"0\" data-image-meta=\"{&quot;aperture&quot;:&quot;0&quot;,&quot;credit&quot;:&quot;&quot;,&quot;camera&quot;:&quot;&quot;,&quot;caption&quot;:&quot;&quot;,&quot;created_timestamp&quot;:&quot;0&quot;,&quot;copyright&quot;:&quot;&quot;,&quot;focal_length&quot;:&quot;0&quot;,&quot;iso&quot;:&quot;0&quot;,&quot;shutter_speed&quot;:&quot;0&quot;,&quot;title&quot;:&quot;&quot;,&quot;orientation&quot;:&quot;0&quot;}\" data-image-title=\"notorius\" data-image-description=\"\" data-image-caption=\"\" data-large-file=\"https:\/\/i0.wp.com\/caetenews.com.br\/semana\/wp-content\/uploads\/2021\/03\/notorius.jpg?fit=600%2C340&amp;ssl=1\" class=\"alignnone wp-image-3978 size-full\" src=\"https:\/\/i0.wp.com\/caetenews.com.br\/semana\/wp-content\/uploads\/2021\/03\/notorius.jpg?resize=600%2C340&#038;ssl=1\" alt=\"Foto de divulga\u00e7\u00e3o\" width=\"600\" height=\"340\" \/><br \/>\nO document\u00e1rios &#8216;Notorious B.I.G.: I Got a Story to Tell&#8217; tem estreia agendada na Netflix para esta segunda-feira, 1\u00ba de mar\u00e7o. Confira a sinopse e trailer do filme.<br \/>\n&#8216;Notorious B.I.G.: I Got a Story to Tell&#8217;<br \/>\nFilme Document\u00e1rios\/ Music and Concerts<br \/>\n<strong>Estreia em 1\u00ba de mar\u00e7o<\/strong><\/p>\n<p>No rescaldo da hist\u00f3rica inclus\u00e3o de The Notorious B.I.G.no Rock and Roll Hall of Fame, e nas v\u00e9speras do que seria o seu 50.\u00ba anivers\u00e1rio, &#8220;Biggie: I Got A Story To Tell&#8221; oferece uma perspetiva diferente sobre um dos maiores e mais influentes rappers de todos os tempos atrav\u00e9s de quem melhor o conhecia. Produzido em colabora\u00e7\u00e3o com o c\u00edrculo chegado de Biggie, &#8220;Biggie: I Got A Story To Tell&#8221; \u00e9 a hist\u00f3ria \u00edntima de um homem cuja r\u00e1pida ascens\u00e3o e cujo tr\u00e1gico final est\u00e3o no centro da cultura do rap h\u00e1 mais de vinte anos. Com realiza\u00e7\u00e3o de Emmett Malloy, este document\u00e1rio intimista apresenta filmagens raras gravadas pelo melhor amigo de Biggie, Damion &#8216;D-Roc&#8217; Butler, e novas entrevistas com os seus amigos mais chegados e a sua fam\u00edlia, revelando um lado de Christopher Wallace que o mundo nunca conheceu. &#8220;Biggie: I Got A Story To Tell&#8221; tem produ\u00e7\u00e3o executiva de Sean Combs, Voletta Wallace, Mark Pitts, Stanley Buchthal e Emmett e Brendan Malloy.<\/p>\n<p><em>Trailer oficial, em ingl\u00eas<\/em><br \/>\n<iframe src=\"https:\/\/www.youtube.com\/embed\/fRj2NxkM84U\" width=\"560\" height=\"315\" frameborder=\"0\" allowfullscreen=\"allowfullscreen\"><\/iframe><\/p>\n","protected":false},"excerpt":{"rendered":"<p>O document\u00e1rios &#8216;Notorious B.I.G.: I Got a Story to Tell&#8217; tem estreia agendada na Netflix para esta segunda-feira, 1\u00ba de mar\u00e7o. Confira a sinopse e trailer do filme. &#8216;Notorious B.I.G.: I Got a Story to Tell&#8217; Filme Document\u00e1rios\/ Music and Concerts Estreia em 1\u00ba de mar\u00e7o No rescaldo da hist\u00f3rica inclus\u00e3o de The Notorious B.I.G.no [&hellip;]<\/p>\n","protected":false},"author":1,"featured_media":3978,"comment_status":"closed","ping_status":"open","sticky":false,"template":"","format":"standard","meta":{"_monsterinsights_skip_tracking":false,"_monsterinsights_sitenote_active":false,"_monsterinsights_sitenote_note":"","_monsterinsights_sitenote_category":0,"_jetpack_memberships_contains_paid_content":false,"footnotes":"","jetpack_publicize_message":"","jetpack_publicize_feature_enabled":true,"jetpack_social_post_already_shared":true,"jetpack_social_options":{"image_generator_settings":{"template":"highway","default_image_id":0,"font":"","enabled":false},"version":2},"_wp_rev_ctl_limit":""},"categories":[105],"tags":[164,106],"class_list":["post-3977","post","type-post","status-publish","format-standard","has-post-thumbnail","hentry","category-netflix","tag-notorious-b-i-g","tag-netflix"],"aioseo_notices":[],"jetpack_publicize_connections":[],"jetpack_featured_media_url":"https:\/\/i0.wp.com\/caetenews.com.br\/semana\/wp-content\/uploads\/2021\/03\/notorius.jpg?fit=600%2C340&ssl=1","jetpack_shortlink":"https:\/\/wp.me\/pcIKFi-129","jetpack_sharing_enabled":true,"jetpack_likes_enabled":true,"jetpack-related-posts":[{"id":4703,"url":"https:\/\/caetenews.com.br\/semana\/doc-precisamos-falar-sobre-a-i-ja-esta-disponivel-no-telecine\/","url_meta":{"origin":3977,"position":0},"title":"Doc &#8216;Precisamos Falar Sobre A.I.&#8217; j\u00e1 est\u00e1 dispon\u00edvel no Telecine","author":"Paulo Ant\u00f4nio","date":"13\/09\/2021","format":false,"excerpt":"Precisamos Falar Sobre A.I., estreando no Telecine, traz m debate sobre o futuro da Intelig\u00eancia Artificial, analisando como ela pode...","rel":"","context":"Em &quot;_Telecine&quot;","block_context":{"text":"_Telecine","link":"https:\/\/caetenews.com.br\/semana\/category\/telecine\/"},"img":{"alt_text":"Foto de divulga\u00e7\u00e3o de Precisamos Falar Sobre A.I., em exibi\u00e7\u00e3o no Telecine","src":"https:\/\/i0.wp.com\/caetenews.com.br\/semana\/wp-content\/uploads\/2021\/09\/precisamosfalar.jpg?fit=600%2C338&ssl=1&resize=350%2C200","width":350,"height":200,"srcset":"https:\/\/i0.wp.com\/caetenews.com.br\/semana\/wp-content\/uploads\/2021\/09\/precisamosfalar.jpg?fit=600%2C338&ssl=1&resize=350%2C200 1x, https:\/\/i0.wp.com\/caetenews.com.br\/semana\/wp-content\/uploads\/2021\/09\/precisamosfalar.jpg?fit=600%2C338&ssl=1&resize=525%2C300 1.5x"},"classes":[]},{"id":3647,"url":"https:\/\/caetenews.com.br\/semana\/mae-ha-so-duas-estreia-na-netflix-nesta-quarta-dia-20\/","url_meta":{"origin":3977,"position":1},"title":"M\u00e3e H\u00e1 S\u00f3&#8230;Duas estreia na Netflix nesta quarta, dia 20","author":"Paulo Ant\u00f4nio","date":"20\/01\/2021","format":false,"excerpt":"M\u00e3e H\u00e1 S\u00f3...Duas (Madre S\u00f3lo Hay Dos) Temporada estreia a 20 de Janeiro S\u00e9rie Ana e Mariana s\u00e3o duas mulheres t\u00e3o diferentes quanto \u00e1gua e \u00f3leo. Mas quando descobrem que uma enfermeira deu-lhes o beb\u00ea errado, decidem n\u00e3o apenas trocar as filhas, mas criar uma fam\u00edlia peculiar, que acabar\u00e1 mudando\u2026","rel":"","context":"Em &quot;Netflix&quot;","block_context":{"text":"Netflix","link":"https:\/\/caetenews.com.br\/semana\/category\/netflix\/"},"img":{"alt_text":"Foto de diulga\u00e7\u00e3o","src":"https:\/\/i0.wp.com\/caetenews.com.br\/semana\/wp-content\/uploads\/2021\/01\/maesotemduas.jpg?fit=600%2C400&ssl=1&resize=350%2C200","width":350,"height":200,"srcset":"https:\/\/i0.wp.com\/caetenews.com.br\/semana\/wp-content\/uploads\/2021\/01\/maesotemduas.jpg?fit=600%2C400&ssl=1&resize=350%2C200 1x, https:\/\/i0.wp.com\/caetenews.com.br\/semana\/wp-content\/uploads\/2021\/01\/maesotemduas.jpg?fit=600%2C400&ssl=1&resize=525%2C300 1.5x"},"classes":[]},{"id":4700,"url":"https:\/\/caetenews.com.br\/semana\/a-netflix-estreia-nesta-quarta-15-documentario-sobre-schumacher\/","url_meta":{"origin":3977,"position":2},"title":"A Netflix estreia nesta quarta (15) document\u00e1rio sobre Schumacher","author":"Paulo Ant\u00f4nio","date":"13\/09\/2021","format":false,"excerpt":"Na Netflix, o document\u00e1rio definitivo sobre Michael Schumacher, o \u00edcone da F\u00f3rmula 1. Schumacher traz-nos entrevistas raras e filmagens...","rel":"","context":"Em &quot;Netflix&quot;","block_context":{"text":"Netflix","link":"https:\/\/caetenews.com.br\/semana\/category\/netflix\/"},"img":{"alt_text":"Doto de Schumacher, em Netflix","src":"https:\/\/i0.wp.com\/caetenews.com.br\/semana\/wp-content\/uploads\/2021\/09\/shumacher.jpg?fit=600%2C360&ssl=1&resize=350%2C200","width":350,"height":200,"srcset":"https:\/\/i0.wp.com\/caetenews.com.br\/semana\/wp-content\/uploads\/2021\/09\/shumacher.jpg?fit=600%2C360&ssl=1&resize=350%2C200 1x, https:\/\/i0.wp.com\/caetenews.com.br\/semana\/wp-content\/uploads\/2021\/09\/shumacher.jpg?fit=600%2C360&ssl=1&resize=525%2C300 1.5x"},"classes":[]},{"id":4193,"url":"https:\/\/caetenews.com.br\/semana\/garota-de-fora-selena-e-monstro-estao-entre-as-estreias-da-netflix-em-maio\/","url_meta":{"origin":3977,"position":3},"title":"Garota de Fora, Selena e Monstro est\u00e3o entre as estreias da Netflix em maio","author":"Paulo Ant\u00f4nio","date":"01\/05\/2021","format":false,"excerpt":"Dia - Filme\/S\u00e9rie 04 - Selena: A S\u00e9rie - S\u00e9rie - Drama - Temporada 2 05 - Os Filhos de Sam: Loucura e Conspira\u00e7\u00e3o S\u00e9rie - Document\u00e1rios - Temporada 1 07 - Monstro - Filme\/ Drama 07 - Garota de Fora - S\u00e9rie - Suspense\/ Mist\u00e9rio -- Temporada 2 07\u2026","rel":"","context":"Em &quot;Netflix&quot;","block_context":{"text":"Netflix","link":"https:\/\/caetenews.com.br\/semana\/category\/netflix\/"},"img":{"alt_text":"Foto de divulga\u00e7\u00e3o","src":"https:\/\/i0.wp.com\/caetenews.com.br\/semana\/wp-content\/uploads\/2021\/05\/garotadefora.jpg?fit=600%2C338&ssl=1&resize=350%2C200","width":350,"height":200,"srcset":"https:\/\/i0.wp.com\/caetenews.com.br\/semana\/wp-content\/uploads\/2021\/05\/garotadefora.jpg?fit=600%2C338&ssl=1&resize=350%2C200 1x, https:\/\/i0.wp.com\/caetenews.com.br\/semana\/wp-content\/uploads\/2021\/05\/garotadefora.jpg?fit=600%2C338&ssl=1&resize=525%2C300 1.5x"},"classes":[]},{"id":5397,"url":"https:\/\/caetenews.com.br\/semana\/filmes-pai-nosso-e-o-soldado-que-nao-existiu-estreiam-na-netflix-hoje-11\/","url_meta":{"origin":3977,"position":4},"title":"Filmes &#8216;Pai Nosso?&#8217; e &#8216;O Soldado que N\u00e3o Existiu&#8217; estreiam na Netflix hoje (11)","author":"Paulo Ant\u00f4nio","date":"11\/05\/2022","format":false,"excerpt":"Em Pai Nosso?, que estreia hoje na Netflix, concebida por insemina\u00e7\u00e3o artificial, Jacoba Ballard era filha \u00fanica e sempre sonhou em ter irm\u00e3os. At\u00e9 que um teste de DNA caseiro revelou que ela j\u00e1 tinha sete...","rel":"","context":"Em &quot;Netflix&quot;","block_context":{"text":"Netflix","link":"https:\/\/caetenews.com.br\/semana\/category\/netflix\/"},"img":{"alt_text":"foto de Pai Nosso?. e, estreia na Netflix","src":"https:\/\/i0.wp.com\/caetenews.com.br\/semana\/wp-content\/uploads\/2022\/05\/painosso.jpg?fit=600%2C360&ssl=1&resize=350%2C200","width":350,"height":200,"srcset":"https:\/\/i0.wp.com\/caetenews.com.br\/semana\/wp-content\/uploads\/2022\/05\/painosso.jpg?fit=600%2C360&ssl=1&resize=350%2C200 1x, https:\/\/i0.wp.com\/caetenews.com.br\/semana\/wp-content\/uploads\/2022\/05\/painosso.jpg?fit=600%2C360&ssl=1&resize=525%2C300 1.5x"},"classes":[]},{"id":4654,"url":"https:\/\/caetenews.com.br\/semana\/t-6-de-lucifer-e-esticando-a-festa-entre-as-estreias-de-setembro-na-netflix\/","url_meta":{"origin":3977,"position":5},"title":"T 6 de &#8216;L\u00facifer&#8217; e &#8216;Esticando a Festa&#8217; entre as estreias de setembro na Netflix","author":"Paulo Ant\u00f4nio","date":"30\/08\/2021","format":false,"excerpt":"Entre as estreias para setembro na Netflix est\u00e3o a temporada 6 de'L\u00facifer', a temporada 5 de ' La casa de papel', 'A Tia \u00e9 Top' e 'Esticando a Festa'...","rel":"","context":"Em &quot;Netflix&quot;","block_context":{"text":"Netflix","link":"https:\/\/caetenews.com.br\/semana\/category\/netflix\/"},"img":{"alt_text":"foto de Esticando a Festa a estrear na Netflix","src":"https:\/\/i0.wp.com\/caetenews.com.br\/semana\/wp-content\/uploads\/2021\/08\/esticandoafesta.jpg?fit=600%2C338&ssl=1&resize=350%2C200","width":350,"height":200,"srcset":"https:\/\/i0.wp.com\/caetenews.com.br\/semana\/wp-content\/uploads\/2021\/08\/esticandoafesta.jpg?fit=600%2C338&ssl=1&resize=350%2C200 1x, https:\/\/i0.wp.com\/caetenews.com.br\/semana\/wp-content\/uploads\/2021\/08\/esticandoafesta.jpg?fit=600%2C338&ssl=1&resize=525%2C300 1.5x"},"classes":[]}],"_links":{"self":[{"href":"https:\/\/caetenews.com.br\/semana\/wp-json\/wp\/v2\/posts\/3977","targetHints":{"allow":["GET"]}}],"collection":[{"href":"https:\/\/caetenews.com.br\/semana\/wp-json\/wp\/v2\/posts"}],"about":[{"href":"https:\/\/caetenews.com.br\/semana\/wp-json\/wp\/v2\/types\/post"}],"author":[{"embeddable":true,"href":"https:\/\/caetenews.com.br\/semana\/wp-json\/wp\/v2\/users\/1"}],"replies":[{"embeddable":true,"href":"https:\/\/caetenews.com.br\/semana\/wp-json\/wp\/v2\/comments?post=3977"}],"version-history":[{"count":0,"href":"https:\/\/caetenews.com.br\/semana\/wp-json\/wp\/v2\/posts\/3977\/revisions"}],"wp:featuredmedia":[{"embeddable":true,"href":"https:\/\/caetenews.com.br\/semana\/wp-json\/wp\/v2\/media\/3978"}],"wp:attachment":[{"href":"https:\/\/caetenews.com.br\/semana\/wp-json\/wp\/v2\/media?parent=3977"}],"wp:term":[{"taxonomy":"category","embeddable":true,"href":"https:\/\/caetenews.com.br\/semana\/wp-json\/wp\/v2\/categories?post=3977"},{"taxonomy":"post_tag","embeddable":true,"href":"https:\/\/caetenews.com.br\/semana\/wp-json\/wp\/v2\/tags?post=3977"}],"curies":[{"name":"wp","href":"https:\/\/api.w.org\/{rel}","templated":true}]}}