{"id":3980,"date":"2021-03-03T12:22:10","date_gmt":"2021-03-03T15:22:10","guid":{"rendered":"https:\/\/caetenews.com.br\/semana\/?p=3980"},"modified":"2021-03-03T12:25:52","modified_gmt":"2021-03-03T15:25:52","slug":"malhacao-sol-e-expulsa-de-casa","status":"publish","type":"post","link":"https:\/\/caetenews.com.br\/semana\/malhacao-sol-e-expulsa-de-casa\/","title":{"rendered":"Malha\u00e7\u00e3o: Sol \u00e9 expulsa de casa"},"content":{"rendered":"<p><img data-recalc-dims=\"1\" fetchpriority=\"high\" decoding=\"async\" data-attachment-id=\"3981\" data-permalink=\"https:\/\/caetenews.com.br\/semana\/malhacao-sol-e-expulsa-de-casa\/attachment\/26606\/\" data-orig-file=\"https:\/\/i0.wp.com\/caetenews.com.br\/semana\/wp-content\/uploads\/2021\/03\/26606.jpg?fit=600%2C338&amp;ssl=1\" data-orig-size=\"600,338\" data-comments-opened=\"0\" data-image-meta=\"{&quot;aperture&quot;:&quot;0&quot;,&quot;credit&quot;:&quot;&quot;,&quot;camera&quot;:&quot;&quot;,&quot;caption&quot;:&quot;&quot;,&quot;created_timestamp&quot;:&quot;0&quot;,&quot;copyright&quot;:&quot;&quot;,&quot;focal_length&quot;:&quot;0&quot;,&quot;iso&quot;:&quot;0&quot;,&quot;shutter_speed&quot;:&quot;0&quot;,&quot;title&quot;:&quot;&quot;,&quot;orientation&quot;:&quot;0&quot;}\" data-image-title=\"Malha\u00e7\u00e3o\" data-image-description=\"\" data-image-caption=\"\" data-large-file=\"https:\/\/i0.wp.com\/caetenews.com.br\/semana\/wp-content\/uploads\/2021\/03\/26606.jpg?fit=600%2C338&amp;ssl=1\" src=\"https:\/\/i0.wp.com\/caetenews.com.br\/semana\/wp-content\/uploads\/2021\/03\/26606.jpg?resize=600%2C338&#038;ssl=1\" alt=\"Foto de Sol\" width=\"600\" height=\"338\" class=\"alignnone size-full wp-image-3981\" \/><br \/>\nQue barra! Depois de ter fugido do castigo imposto pela m\u00e3e arrombando a porta de casa, Sol (Jeniffer Nascimento) descobrir\u00e1 que ela e Bete (Edvana Carvalho) foram assaltadas, e as duas discutir\u00e3o.<br \/>\nA jovem acabar\u00e1 sendo expulsa do lar pela matriarca, que dir\u00e1 que falta \u00e0 filha responsabilidade e respeito para encarar a vida que levam. A aspirante a popstar acabar\u00e1 pedindo ajuda a Pedro (Rafael Vitti), e conseguir\u00e1 passar a noite com a fam\u00edlia do rapaz.<br \/>\nAs cenas v\u00e3o ao ar nesta quarta, 03 de mar\u00e7o<br \/>\n<strong>Saiba mais:<\/strong><br \/>\n<a href=\"https:\/\/www.tvnovelas.com.br\/tvnews\/malhacao-karina-chora-ao-ouvir-bianca-contar-sua-noite-com-duca\/\">&#8216;Malha\u00e7\u00e3o&#8217;: Karina chora ao ouvir Bianca contar sua noite com Duca<\/a><br \/>\n<a href=\"https:\/\/www.tvnovelas.com.br\/novelas\/\"><strong>Confira os resumos da semana das novelas<\/strong><\/a><\/p>\n","protected":false},"excerpt":{"rendered":"<p>Que barra! Depois de ter fugido do castigo imposto pela m\u00e3e arrombando a porta de casa, Sol (Jeniffer Nascimento) descobrir\u00e1 que ela e Bete (Edvana Carvalho) foram assaltadas, e as duas discutir\u00e3o. A jovem acabar\u00e1 sendo expulsa do lar pela matriarca, que dir\u00e1 que falta \u00e0 filha responsabilidade e respeito para encarar a vida que [&hellip;]<\/p>\n","protected":false},"author":1,"featured_media":3981,"comment_status":"closed","ping_status":"open","sticky":false,"template":"","format":"standard","meta":{"_monsterinsights_skip_tracking":false,"_monsterinsights_sitenote_active":false,"_monsterinsights_sitenote_note":"","_monsterinsights_sitenote_category":0,"_jetpack_memberships_contains_paid_content":false,"footnotes":"","jetpack_publicize_message":"","jetpack_publicize_feature_enabled":true,"jetpack_social_post_already_shared":true,"jetpack_social_options":{"image_generator_settings":{"template":"highway","default_image_id":0,"font":"","enabled":false},"version":2},"_wp_rev_ctl_limit":""},"categories":[90],"tags":[92,26,91],"class_list":["post-3980","post","type-post","status-publish","format-standard","has-post-thumbnail","hentry","category-noticias-das-nov-elas","tag-globo","tag-malhacao","tag-novelas"],"aioseo_notices":[],"jetpack_publicize_connections":[],"jetpack_featured_media_url":"https:\/\/i0.wp.com\/caetenews.com.br\/semana\/wp-content\/uploads\/2021\/03\/26606.jpg?fit=600%2C338&ssl=1","jetpack_shortlink":"https:\/\/wp.me\/pcIKFi-12c","jetpack_sharing_enabled":true,"jetpack_likes_enabled":true,"jetpack-related-posts":[{"id":4109,"url":"https:\/\/caetenews.com.br\/semana\/malhacao-mari-e-convidada-para-morar-na-casa-de-jeff\/","url_meta":{"origin":3980,"position":0},"title":"Malha\u00e7\u00e3o: Mari \u00e9 convidada para morar na casa de Jeff","author":"Paulo Ant\u00f4nio","date":"09\/04\/2021","format":false,"excerpt":"Depois de ver o namoro com Franz (Ronny Kriwat) chegar ao fim, Mari (Maria Luiza Campos) segue com o plano de fingir que \u00e9 a namorada de Jeff (Cadu Libonati). E chega o dia em que ele a apresenta a Rute (Josie Antello), sua m\u00e3e. E claro que a dona\u2026","rel":"","context":"Em &quot;Not\u00edcias das novelas&quot;","block_context":{"text":"Not\u00edcias das novelas","link":"https:\/\/caetenews.com.br\/semana\/category\/noticias-das-nov-elas\/"},"img":{"alt_text":"Foto de Mari na casa de Jeff","src":"https:\/\/i0.wp.com\/caetenews.com.br\/semana\/wp-content\/uploads\/2021\/04\/28959.jpg?fit=600%2C359&ssl=1&resize=350%2C200","width":350,"height":200,"srcset":"https:\/\/i0.wp.com\/caetenews.com.br\/semana\/wp-content\/uploads\/2021\/04\/28959.jpg?fit=600%2C359&ssl=1&resize=350%2C200 1x, https:\/\/i0.wp.com\/caetenews.com.br\/semana\/wp-content\/uploads\/2021\/04\/28959.jpg?fit=600%2C359&ssl=1&resize=525%2C300 1.5x"},"classes":[]},{"id":4120,"url":"https:\/\/caetenews.com.br\/semana\/malhacao-lobao-e-cobra-planejam-contra-duca\/","url_meta":{"origin":3980,"position":1},"title":"Malha\u00e7\u00e3o: Lob\u00e3o e Cobra planejam contra Duca","author":"Paulo Ant\u00f4nio","date":"12\/04\/2021","format":false,"excerpt":"A galera da academia Khan n\u00e3o engoliu a visita de Duca (Arthur Aguiar). O rapaz foi at\u00e9 o lugar para procurar a tal ex-namorada misteriosa do Alan, mas saiu de l\u00e1 sem sucesso e despertando a ira dos seus rivais. Um dos lutadores prop\u00f5e a Lob\u00e3o (Marcelo Faria) dar uma\u2026","rel":"","context":"Em &quot;Not\u00edcias das novelas&quot;","block_context":{"text":"Not\u00edcias das novelas","link":"https:\/\/caetenews.com.br\/semana\/category\/noticias-das-nov-elas\/"},"img":{"alt_text":"foto de cena","src":"https:\/\/i0.wp.com\/caetenews.com.br\/semana\/wp-content\/uploads\/2021\/04\/28966.jpg?fit=600%2C340&ssl=1&resize=350%2C200","width":350,"height":200,"srcset":"https:\/\/i0.wp.com\/caetenews.com.br\/semana\/wp-content\/uploads\/2021\/04\/28966.jpg?fit=600%2C340&ssl=1&resize=350%2C200 1x, https:\/\/i0.wp.com\/caetenews.com.br\/semana\/wp-content\/uploads\/2021\/04\/28966.jpg?fit=600%2C340&ssl=1&resize=525%2C300 1.5x"},"classes":[]},{"id":4207,"url":"https:\/\/caetenews.com.br\/semana\/malhacao-jade-flagra-cobra-roubando-a-sua-casa\/","url_meta":{"origin":3980,"position":2},"title":"Malha\u00e7\u00e3o: Jade flagra Cobra roubando a sua casa","author":"Paulo Ant\u00f4nio","date":"04\/05\/2021","format":false,"excerpt":"Cobra fica t\u00e3o nervoso com a revela\u00e7\u00e3o de Edgard de que Jade \u00e9 apaixonada por ele, que acaba batendo com o carro durante a volta para casa. A situa\u00e7\u00e3o do lutador piora quando ele descobre que vai custar um dinheir\u00e3o para consertar o ve\u00edculo. Adivinhem onde que ele vai tentar\u2026","rel":"","context":"Em &quot;Not\u00edcias das novelas&quot;","block_context":{"text":"Not\u00edcias das novelas","link":"https:\/\/caetenews.com.br\/semana\/category\/noticias-das-nov-elas\/"},"img":{"alt_text":"Foto de flagra","src":"https:\/\/i0.wp.com\/caetenews.com.br\/semana\/wp-content\/uploads\/2021\/05\/29113.jpg?resize=350%2C200&ssl=1","width":350,"height":200,"srcset":"https:\/\/i0.wp.com\/caetenews.com.br\/semana\/wp-content\/uploads\/2021\/05\/29113.jpg?resize=350%2C200&ssl=1 1x, https:\/\/i0.wp.com\/caetenews.com.br\/semana\/wp-content\/uploads\/2021\/05\/29113.jpg?resize=525%2C300&ssl=1 1.5x"},"classes":[]},{"id":4129,"url":"https:\/\/caetenews.com.br\/semana\/malhacao-encontro-do-pedro-e-karina-baba\/","url_meta":{"origin":3980,"position":3},"title":"&#8216;Malha\u00e7\u00e3o&#8217;: Encontro do Pedro e Karina &#8220;baba&#8221;","author":"Paulo Ant\u00f4nio","date":"13\/04\/2021","format":false,"excerpt":"A fam\u00edlia de Gael e Dandara (Emanuelle Ara\u00fajo) est\u00e1 na maior tens\u00e3o em casa, comentando sobre o que aconteceu com o Duca. At\u00e9 que a campainha toca e o lutador d\u00e1 de cara com Pedro (Rafael Vitti) segurando uma enorme pizza. Mas Gael reclama da visita e deixa claro que\u2026","rel":"","context":"Em &quot;Not\u00edcias das novelas&quot;","block_context":{"text":"Not\u00edcias das novelas","link":"https:\/\/caetenews.com.br\/semana\/category\/noticias-das-nov-elas\/"},"img":{"alt_text":"Foto de Pedro e Karina","src":"https:\/\/i0.wp.com\/caetenews.com.br\/semana\/wp-content\/uploads\/2021\/04\/28970.jpg?fit=600%2C340&ssl=1&resize=350%2C200","width":350,"height":200,"srcset":"https:\/\/i0.wp.com\/caetenews.com.br\/semana\/wp-content\/uploads\/2021\/04\/28970.jpg?fit=600%2C340&ssl=1&resize=350%2C200 1x, https:\/\/i0.wp.com\/caetenews.com.br\/semana\/wp-content\/uploads\/2021\/04\/28970.jpg?fit=600%2C340&ssl=1&resize=525%2C300 1.5x"},"classes":[]},{"id":3835,"url":"https:\/\/caetenews.com.br\/semana\/malhacao-gael-com-ciume-de-dandara\/","url_meta":{"origin":3980,"position":4},"title":"Malha\u00e7\u00e3o: Gael com ci\u00fame de Dandara","author":"Paulo Ant\u00f4nio","date":"03\/02\/2021","format":false,"excerpt":"Parece que o jantar rom\u00e2ntico entre Dandara (Emanuelle Ara\u00fajo) e Gael acabar\u00e1 em pizza depois da chegada de Nando Rocha (Leo Jaime) \u00e0 inaugura\u00e7\u00e3o do Perfeit\u00e3o. E olha que o sabor n\u00e3o ser\u00e1 de calabresa... Depois do restaurante sofrer com uma queda de energia, Pedro (Rafael Vitti) ter\u00e1 a ideia\u2026","rel":"","context":"Em &quot;Not\u00edcias das novelas&quot;","block_context":{"text":"Not\u00edcias das novelas","link":"https:\/\/caetenews.com.br\/semana\/category\/noticias-das-nov-elas\/"},"img":{"alt_text":"Foto de Gael","src":"https:\/\/i0.wp.com\/caetenews.com.br\/semana\/wp-content\/uploads\/2021\/02\/26338.jpg?fit=600%2C338&ssl=1&resize=350%2C200","width":350,"height":200,"srcset":"https:\/\/i0.wp.com\/caetenews.com.br\/semana\/wp-content\/uploads\/2021\/02\/26338.jpg?fit=600%2C338&ssl=1&resize=350%2C200 1x, https:\/\/i0.wp.com\/caetenews.com.br\/semana\/wp-content\/uploads\/2021\/02\/26338.jpg?fit=600%2C338&ssl=1&resize=525%2C300 1.5x"},"classes":[]},{"id":3617,"url":"https:\/\/caetenews.com.br\/semana\/malhacao-sonhos-de-2014-volta-a-ser-exibida-a-partir-do-dia-25\/","url_meta":{"origin":3980,"position":5},"title":"\u2018Malha\u00e7\u00e3o Sonhos\u2019, de 2014, volta a ser exibida a partir do dia 25","author":"Paulo Ant\u00f4nio","date":"17\/01\/2021","format":false,"excerpt":"A novela \u2018Malha\u00e7\u00e3o Sonhos\u2019, que foi exibida na temporada de 2014, retorna \u00e0 tela da TV Globo a partir do dia 25, substituindo Malha\u00e7\u00e3o: Viva a Diferen\u00e7a. Na hist\u00f3ria, de autoria de Rosane Svartman e Paulo Halm, Duca (Arthur Aguiar) quer ser um grande campe\u00e3o de muay thai. Bianca (Bruna\u2026","rel":"","context":"Em &quot;Not\u00edcias das novelas&quot;","block_context":{"text":"Not\u00edcias das novelas","link":"https:\/\/caetenews.com.br\/semana\/category\/noticias-das-nov-elas\/"},"img":{"alt_text":"foto de Pedro e Karina","src":"https:\/\/i0.wp.com\/caetenews.com.br\/semana\/wp-content\/uploads\/2021\/01\/26236.jpg?fit=600%2C337&ssl=1&resize=350%2C200","width":350,"height":200,"srcset":"https:\/\/i0.wp.com\/caetenews.com.br\/semana\/wp-content\/uploads\/2021\/01\/26236.jpg?fit=600%2C337&ssl=1&resize=350%2C200 1x, https:\/\/i0.wp.com\/caetenews.com.br\/semana\/wp-content\/uploads\/2021\/01\/26236.jpg?fit=600%2C337&ssl=1&resize=525%2C300 1.5x"},"classes":[]}],"_links":{"self":[{"href":"https:\/\/caetenews.com.br\/semana\/wp-json\/wp\/v2\/posts\/3980","targetHints":{"allow":["GET"]}}],"collection":[{"href":"https:\/\/caetenews.com.br\/semana\/wp-json\/wp\/v2\/posts"}],"about":[{"href":"https:\/\/caetenews.com.br\/semana\/wp-json\/wp\/v2\/types\/post"}],"author":[{"embeddable":true,"href":"https:\/\/caetenews.com.br\/semana\/wp-json\/wp\/v2\/users\/1"}],"replies":[{"embeddable":true,"href":"https:\/\/caetenews.com.br\/semana\/wp-json\/wp\/v2\/comments?post=3980"}],"version-history":[{"count":0,"href":"https:\/\/caetenews.com.br\/semana\/wp-json\/wp\/v2\/posts\/3980\/revisions"}],"wp:featuredmedia":[{"embeddable":true,"href":"https:\/\/caetenews.com.br\/semana\/wp-json\/wp\/v2\/media\/3981"}],"wp:attachment":[{"href":"https:\/\/caetenews.com.br\/semana\/wp-json\/wp\/v2\/media?parent=3980"}],"wp:term":[{"taxonomy":"category","embeddable":true,"href":"https:\/\/caetenews.com.br\/semana\/wp-json\/wp\/v2\/categories?post=3980"},{"taxonomy":"post_tag","embeddable":true,"href":"https:\/\/caetenews.com.br\/semana\/wp-json\/wp\/v2\/tags?post=3980"}],"curies":[{"name":"wp","href":"https:\/\/api.w.org\/{rel}","templated":true}]}}