{"id":4031,"date":"2021-03-08T14:00:45","date_gmt":"2021-03-08T17:00:45","guid":{"rendered":"https:\/\/caetenews.com.br\/semana\/?p=4031"},"modified":"2021-03-08T14:00:45","modified_gmt":"2021-03-08T17:00:45","slug":"malhacao-roberta-tenta-seduzir-marcelo","status":"publish","type":"post","link":"https:\/\/caetenews.com.br\/semana\/malhacao-roberta-tenta-seduzir-marcelo\/","title":{"rendered":"Malha\u00e7\u00e3o: Roberta tenta seduzir Marcelo"},"content":{"rendered":"<p><img data-recalc-dims=\"1\" fetchpriority=\"high\" decoding=\"async\" data-attachment-id=\"4032\" data-permalink=\"https:\/\/caetenews.com.br\/semana\/malhacao-roberta-tenta-seduzir-marcelo\/attachment\/26656\/\" data-orig-file=\"https:\/\/i0.wp.com\/caetenews.com.br\/semana\/wp-content\/uploads\/2021\/03\/26656.jpg?fit=600%2C338&amp;ssl=1\" data-orig-size=\"600,338\" data-comments-opened=\"0\" data-image-meta=\"{&quot;aperture&quot;:&quot;0&quot;,&quot;credit&quot;:&quot;&quot;,&quot;camera&quot;:&quot;&quot;,&quot;caption&quot;:&quot;&quot;,&quot;created_timestamp&quot;:&quot;0&quot;,&quot;copyright&quot;:&quot;&quot;,&quot;focal_length&quot;:&quot;0&quot;,&quot;iso&quot;:&quot;0&quot;,&quot;shutter_speed&quot;:&quot;0&quot;,&quot;title&quot;:&quot;&quot;,&quot;orientation&quot;:&quot;0&quot;}\" data-image-title=\"Malha\u00e7\u00e3o\" data-image-description=\"\" data-image-caption=\"\" data-large-file=\"https:\/\/i0.wp.com\/caetenews.com.br\/semana\/wp-content\/uploads\/2021\/03\/26656.jpg?fit=600%2C338&amp;ssl=1\" class=\"alignnone wp-image-4032 size-full\" title=\"(Foto: TV Globo\/Malha\u00e7\u00e3o)\" src=\"https:\/\/i0.wp.com\/caetenews.com.br\/semana\/wp-content\/uploads\/2021\/03\/26656.jpg?resize=600%2C338&#038;ssl=1\" alt=\"foto de Roberta\" width=\"600\" height=\"338\" \/><\/p>\n<p>Ela \u00e9 mesmo incans\u00e1vel! ?? Extremamente decidida a conquistar Marcelo (Felipe Camargo) de vez, Roberta (Danni Suzuki) aceitar\u00e1 convite de Nando (Leo Jaime) para almo\u00e7ar no Perfeit\u00e3o e poder ficar mais perto do crush.<\/p>\n<p>Quem n\u00e3o vai gostar nada dessa hist\u00f3ria \u00e9 Delma (Patr\u00edcia Fran\u00e7a), que far\u00e1 quest\u00e3o de recepcionar a professora de nata\u00e7\u00e3o da filha e mostrar\u00e1 a ela que o casamento com o marido est\u00e1 mais forte do que nunca!<\/p>\n<p>As cenas v\u00e3o ao ar nesta segunda, 08 de mar\u00e7o<br \/>\n<a href=\"https:\/\/www.tvnovelas.com.br\/novelas\/\"><strong>Confira os resumos da semana das novelas<\/strong><\/a><\/p>\n","protected":false},"excerpt":{"rendered":"<p>Ela \u00e9 mesmo incans\u00e1vel! ?? Extremamente decidida a conquistar Marcelo (Felipe Camargo) de vez, Roberta (Danni Suzuki) aceitar\u00e1 convite de Nando (Leo Jaime) para almo\u00e7ar no Perfeit\u00e3o e poder ficar mais perto do crush. Quem n\u00e3o vai gostar nada dessa hist\u00f3ria \u00e9 Delma (Patr\u00edcia Fran\u00e7a), que far\u00e1 quest\u00e3o de recepcionar a professora de nata\u00e7\u00e3o da [&hellip;]<\/p>\n","protected":false},"author":1,"featured_media":4032,"comment_status":"closed","ping_status":"open","sticky":false,"template":"","format":"standard","meta":{"_monsterinsights_skip_tracking":false,"_monsterinsights_sitenote_active":false,"_monsterinsights_sitenote_note":"","_monsterinsights_sitenote_category":0,"_jetpack_memberships_contains_paid_content":false,"footnotes":"","jetpack_publicize_message":"","jetpack_publicize_feature_enabled":true,"jetpack_social_post_already_shared":true,"jetpack_social_options":{"image_generator_settings":{"template":"highway","default_image_id":0,"font":"","enabled":false},"version":2},"_wp_rev_ctl_limit":""},"categories":[90],"tags":[92,26,91],"class_list":["post-4031","post","type-post","status-publish","format-standard","has-post-thumbnail","hentry","category-noticias-das-nov-elas","tag-globo","tag-malhacao","tag-novelas"],"aioseo_notices":[],"jetpack_publicize_connections":[],"jetpack_featured_media_url":"https:\/\/i0.wp.com\/caetenews.com.br\/semana\/wp-content\/uploads\/2021\/03\/26656.jpg?fit=600%2C338&ssl=1","jetpack_shortlink":"https:\/\/wp.me\/pcIKFi-131","jetpack_sharing_enabled":true,"jetpack_likes_enabled":true,"jetpack-related-posts":[{"id":4120,"url":"https:\/\/caetenews.com.br\/semana\/malhacao-lobao-e-cobra-planejam-contra-duca\/","url_meta":{"origin":4031,"position":0},"title":"Malha\u00e7\u00e3o: Lob\u00e3o e Cobra planejam contra Duca","author":"Paulo Ant\u00f4nio","date":"12\/04\/2021","format":false,"excerpt":"A galera da academia Khan n\u00e3o engoliu a visita de Duca (Arthur Aguiar). O rapaz foi at\u00e9 o lugar para procurar a tal ex-namorada misteriosa do Alan, mas saiu de l\u00e1 sem sucesso e despertando a ira dos seus rivais. Um dos lutadores prop\u00f5e a Lob\u00e3o (Marcelo Faria) dar uma\u2026","rel":"","context":"Em &quot;Not\u00edcias das novelas&quot;","block_context":{"text":"Not\u00edcias das novelas","link":"https:\/\/caetenews.com.br\/semana\/category\/noticias-das-nov-elas\/"},"img":{"alt_text":"foto de cena","src":"https:\/\/i0.wp.com\/caetenews.com.br\/semana\/wp-content\/uploads\/2021\/04\/28966.jpg?fit=600%2C340&ssl=1&resize=350%2C200","width":350,"height":200,"srcset":"https:\/\/i0.wp.com\/caetenews.com.br\/semana\/wp-content\/uploads\/2021\/04\/28966.jpg?fit=600%2C340&ssl=1&resize=350%2C200 1x, https:\/\/i0.wp.com\/caetenews.com.br\/semana\/wp-content\/uploads\/2021\/04\/28966.jpg?fit=600%2C340&ssl=1&resize=525%2C300 1.5x"},"classes":[]},{"id":3847,"url":"https:\/\/caetenews.com.br\/semana\/malhacao-pedro-vira-bailarino-em-primeiro-dia-na-ribalta\/","url_meta":{"origin":4031,"position":1},"title":"Malha\u00e7\u00e3o: Pedro vira bailarino em primeiro dia na Ribalta","author":"Paulo Ant\u00f4nio","date":"04\/02\/2021","format":false,"excerpt":"Quem diria que para estudar Teoria do Rock o aluno precisasse passar antes pelo... pli\u00e9! Pois \u00e9, o Pedro (Rafael Vitti) vai aprender isso na pele em seu primeiro dia como aluno da Ribalta. Ap\u00f3s ingressar na institui\u00e7\u00e3o como o primeiro aluno de m\u00fasica da escola, o jovem ter\u00e1 que\u2026","rel":"","context":"Em &quot;Not\u00edcias das novelas&quot;","block_context":{"text":"Not\u00edcias das novelas","link":"https:\/\/caetenews.com.br\/semana\/category\/noticias-das-nov-elas\/"},"img":{"alt_text":"foto de Pedro","src":"https:\/\/i0.wp.com\/caetenews.com.br\/semana\/wp-content\/uploads\/2021\/02\/26353.jpg?fit=600%2C333&ssl=1&resize=350%2C200","width":350,"height":200,"srcset":"https:\/\/i0.wp.com\/caetenews.com.br\/semana\/wp-content\/uploads\/2021\/02\/26353.jpg?fit=600%2C333&ssl=1&resize=350%2C200 1x, https:\/\/i0.wp.com\/caetenews.com.br\/semana\/wp-content\/uploads\/2021\/02\/26353.jpg?fit=600%2C333&ssl=1&resize=525%2C300 1.5x"},"classes":[]},{"id":3980,"url":"https:\/\/caetenews.com.br\/semana\/malhacao-sol-e-expulsa-de-casa\/","url_meta":{"origin":4031,"position":2},"title":"Malha\u00e7\u00e3o: Sol \u00e9 expulsa de casa","author":"Paulo Ant\u00f4nio","date":"03\/03\/2021","format":false,"excerpt":"Que barra! Depois de ter fugido do castigo imposto pela m\u00e3e arrombando a porta de casa, Sol (Jeniffer Nascimento) descobrir\u00e1 que ela e Bete (Edvana Carvalho) foram assaltadas, e as duas discutir\u00e3o. A jovem acabar\u00e1 sendo expulsa do lar pela matriarca, que dir\u00e1 que falta \u00e0 filha responsabilidade e respeito\u2026","rel":"","context":"Em &quot;Not\u00edcias das novelas&quot;","block_context":{"text":"Not\u00edcias das novelas","link":"https:\/\/caetenews.com.br\/semana\/category\/noticias-das-nov-elas\/"},"img":{"alt_text":"Foto de Sol","src":"https:\/\/i0.wp.com\/caetenews.com.br\/semana\/wp-content\/uploads\/2021\/03\/26606.jpg?fit=600%2C338&ssl=1&resize=350%2C200","width":350,"height":200,"srcset":"https:\/\/i0.wp.com\/caetenews.com.br\/semana\/wp-content\/uploads\/2021\/03\/26606.jpg?fit=600%2C338&ssl=1&resize=350%2C200 1x, https:\/\/i0.wp.com\/caetenews.com.br\/semana\/wp-content\/uploads\/2021\/03\/26606.jpg?fit=600%2C338&ssl=1&resize=525%2C300 1.5x"},"classes":[]},{"id":3835,"url":"https:\/\/caetenews.com.br\/semana\/malhacao-gael-com-ciume-de-dandara\/","url_meta":{"origin":4031,"position":3},"title":"Malha\u00e7\u00e3o: Gael com ci\u00fame de Dandara","author":"Paulo Ant\u00f4nio","date":"03\/02\/2021","format":false,"excerpt":"Parece que o jantar rom\u00e2ntico entre Dandara (Emanuelle Ara\u00fajo) e Gael acabar\u00e1 em pizza depois da chegada de Nando Rocha (Leo Jaime) \u00e0 inaugura\u00e7\u00e3o do Perfeit\u00e3o. E olha que o sabor n\u00e3o ser\u00e1 de calabresa... Depois do restaurante sofrer com uma queda de energia, Pedro (Rafael Vitti) ter\u00e1 a ideia\u2026","rel":"","context":"Em &quot;Not\u00edcias das novelas&quot;","block_context":{"text":"Not\u00edcias das novelas","link":"https:\/\/caetenews.com.br\/semana\/category\/noticias-das-nov-elas\/"},"img":{"alt_text":"Foto de Gael","src":"https:\/\/i0.wp.com\/caetenews.com.br\/semana\/wp-content\/uploads\/2021\/02\/26338.jpg?fit=600%2C338&ssl=1&resize=350%2C200","width":350,"height":200,"srcset":"https:\/\/i0.wp.com\/caetenews.com.br\/semana\/wp-content\/uploads\/2021\/02\/26338.jpg?fit=600%2C338&ssl=1&resize=350%2C200 1x, https:\/\/i0.wp.com\/caetenews.com.br\/semana\/wp-content\/uploads\/2021\/02\/26338.jpg?fit=600%2C338&ssl=1&resize=525%2C300 1.5x"},"classes":[]},{"id":4139,"url":"https:\/\/caetenews.com.br\/semana\/malhacao-edgard-flagra-jade-com-cobra\/","url_meta":{"origin":4031,"position":4},"title":"Malha\u00e7\u00e3o: Edgard flagra Jade com Cobra","author":"Paulo Ant\u00f4nio","date":"15\/04\/2021","format":false,"excerpt":"Depois de toda a tens\u00e3o que rolou com Cobra, Jade se entrega aos beijos do lutador. Mas ela n\u00e3o contava que Edgard (Guilherme Piva) fosse passar na rua bem na hora e flagrar o momento quente entre os dois. Morrendo de medo do seu encontro chegar aos ouvidos de Lucr\u00e9cia\u2026","rel":"","context":"Em &quot;Not\u00edcias das novelas&quot;","block_context":{"text":"Not\u00edcias das novelas","link":"https:\/\/caetenews.com.br\/semana\/category\/noticias-das-nov-elas\/"},"img":{"alt_text":"Foto de Jade com Edgar","src":"https:\/\/i0.wp.com\/caetenews.com.br\/semana\/wp-content\/uploads\/2021\/04\/28987.jpg?fit=600%2C357&ssl=1&resize=350%2C200","width":350,"height":200,"srcset":"https:\/\/i0.wp.com\/caetenews.com.br\/semana\/wp-content\/uploads\/2021\/04\/28987.jpg?fit=600%2C357&ssl=1&resize=350%2C200 1x, https:\/\/i0.wp.com\/caetenews.com.br\/semana\/wp-content\/uploads\/2021\/04\/28987.jpg?fit=600%2C357&ssl=1&resize=525%2C300 1.5x"},"classes":[]},{"id":4134,"url":"https:\/\/caetenews.com.br\/semana\/malhacao-jade-apronta-com-karina\/","url_meta":{"origin":4031,"position":5},"title":"Malha\u00e7\u00e3o: Jade apronta com Karina","author":"Paulo Ant\u00f4nio","date":"14\/04\/2021","format":false,"excerpt":"Logo depois da sua chegada com Pedro para a festa no Ribalta, Karina vai at\u00e9 o banheiro para lavar seus p\u00e9s. Por\u00e9m, ela acaba molhando todo o vestido e, para evitar que a roupa fique encharcada, ela decide entrar no chuveiro s\u00f3 de biqu\u00edni. Quem flagra a cena \u00e9 Jade\u2026","rel":"","context":"Em &quot;Not\u00edcias das novelas&quot;","block_context":{"text":"Not\u00edcias das novelas","link":"https:\/\/caetenews.com.br\/semana\/category\/noticias-das-nov-elas\/"},"img":{"alt_text":"Foto de Jade","src":"https:\/\/i0.wp.com\/caetenews.com.br\/semana\/wp-content\/uploads\/2021\/04\/28982.jpg?resize=350%2C200&ssl=1","width":350,"height":200,"srcset":"https:\/\/i0.wp.com\/caetenews.com.br\/semana\/wp-content\/uploads\/2021\/04\/28982.jpg?resize=350%2C200&ssl=1 1x, https:\/\/i0.wp.com\/caetenews.com.br\/semana\/wp-content\/uploads\/2021\/04\/28982.jpg?resize=525%2C300&ssl=1 1.5x"},"classes":[]}],"_links":{"self":[{"href":"https:\/\/caetenews.com.br\/semana\/wp-json\/wp\/v2\/posts\/4031","targetHints":{"allow":["GET"]}}],"collection":[{"href":"https:\/\/caetenews.com.br\/semana\/wp-json\/wp\/v2\/posts"}],"about":[{"href":"https:\/\/caetenews.com.br\/semana\/wp-json\/wp\/v2\/types\/post"}],"author":[{"embeddable":true,"href":"https:\/\/caetenews.com.br\/semana\/wp-json\/wp\/v2\/users\/1"}],"replies":[{"embeddable":true,"href":"https:\/\/caetenews.com.br\/semana\/wp-json\/wp\/v2\/comments?post=4031"}],"version-history":[{"count":0,"href":"https:\/\/caetenews.com.br\/semana\/wp-json\/wp\/v2\/posts\/4031\/revisions"}],"wp:featuredmedia":[{"embeddable":true,"href":"https:\/\/caetenews.com.br\/semana\/wp-json\/wp\/v2\/media\/4032"}],"wp:attachment":[{"href":"https:\/\/caetenews.com.br\/semana\/wp-json\/wp\/v2\/media?parent=4031"}],"wp:term":[{"taxonomy":"category","embeddable":true,"href":"https:\/\/caetenews.com.br\/semana\/wp-json\/wp\/v2\/categories?post=4031"},{"taxonomy":"post_tag","embeddable":true,"href":"https:\/\/caetenews.com.br\/semana\/wp-json\/wp\/v2\/tags?post=4031"}],"curies":[{"name":"wp","href":"https:\/\/api.w.org\/{rel}","templated":true}]}}