{"id":4151,"date":"2021-04-17T09:40:18","date_gmt":"2021-04-17T12:40:18","guid":{"rendered":"https:\/\/caetenews.com.br\/semana\/?p=4151"},"modified":"2021-04-30T11:29:31","modified_gmt":"2021-04-30T14:29:31","slug":"imperio-teo-poe-erika-para-seguir-claudio","status":"publish","type":"post","link":"https:\/\/caetenews.com.br\/semana\/imperio-teo-poe-erika-para-seguir-claudio\/","title":{"rendered":"Imp\u00e9rio: T\u00e9o p\u00f5e \u00c9rika para seguir Cl\u00e1udio"},"content":{"rendered":"<p><img data-recalc-dims=\"1\" fetchpriority=\"high\" decoding=\"async\" data-attachment-id=\"4152\" data-permalink=\"https:\/\/caetenews.com.br\/semana\/imperio-teo-poe-erika-para-seguir-claudio\/attachment\/29002\/\" data-orig-file=\"https:\/\/i0.wp.com\/caetenews.com.br\/semana\/wp-content\/uploads\/2021\/04\/29002.jpg?fit=600%2C359&amp;ssl=1\" data-orig-size=\"600,359\" data-comments-opened=\"0\" data-image-meta=\"{&quot;aperture&quot;:&quot;0&quot;,&quot;credit&quot;:&quot;&quot;,&quot;camera&quot;:&quot;&quot;,&quot;caption&quot;:&quot;&quot;,&quot;created_timestamp&quot;:&quot;0&quot;,&quot;copyright&quot;:&quot;&quot;,&quot;focal_length&quot;:&quot;0&quot;,&quot;iso&quot;:&quot;0&quot;,&quot;shutter_speed&quot;:&quot;0&quot;,&quot;title&quot;:&quot;&quot;,&quot;orientation&quot;:&quot;0&quot;}\" data-image-title=\"Imp\u00e9rio\" data-image-description=\"\" data-image-caption=\"\" data-large-file=\"https:\/\/i0.wp.com\/caetenews.com.br\/semana\/wp-content\/uploads\/2021\/04\/29002.jpg?fit=600%2C359&amp;ssl=1\" class=\"alignnone wp-image-4152 size-full\" title=\"(Foto: TV Globo\/Imp\u00e9rio)\" src=\"https:\/\/i0.wp.com\/caetenews.com.br\/semana\/wp-content\/uploads\/2021\/04\/29002.jpg?resize=600%2C359&#038;ssl=1\" alt=\"foto de T\u00e9o\" width=\"600\" height=\"359\" \/><br \/>\nT\u00e9o (Paulo Betti) est\u00e1 disposto a tudo para descobrir o segredo que Cl\u00e1udio (Jos\u00e9 Mayer) esconde. Sua fiel escudeira \u00c9rika (Let\u00edcia Birkheuer) lhe conta uma bomba:<\/p>\n<p>\u201cS\u00f3 uma coisinha estranha. O cerimonialista \u00e9 dado a frequentes passeios noturnos. \u201d<\/p>\n<p>\u201cOpa, opa, opa. Agora nossa hist\u00f3ria come\u00e7a a ficar interessante. Cheiro de trai\u00e7\u00e3o no ar\u201d, comemora T\u00e9o.<\/p>\n<p>O jornalista manda sua pupila seguir Cl\u00e1udio eu seus passeios misteriosos.<\/p>\n<p>\u201cQuando Cl\u00e1udio sair para a sua caminhada, voc\u00ea segue o infeliz, anota direitinho o itiner\u00e1rio, depois me traz o nome e o endere\u00e7o deste digestivo milagroso.\u201d<\/p>\n<p>As cenas v\u00e3o ao ar neste s\u00e1bado, 17 de abril<br \/>\n<a href=\"https:\/\/www.tvnovelas.com.br\/novelas\/\"><strong>Confira os resumos da semana das novelas<\/strong><\/a><\/p>\n","protected":false},"excerpt":{"rendered":"<p>T\u00e9o (Paulo Betti) est\u00e1 disposto a tudo para descobrir o segredo que Cl\u00e1udio (Jos\u00e9 Mayer) esconde. Sua fiel escudeira \u00c9rika (Let\u00edcia Birkheuer) lhe conta uma bomba: \u201cS\u00f3 uma coisinha estranha. O cerimonialista \u00e9 dado a frequentes passeios noturnos. \u201d \u201cOpa, opa, opa. Agora nossa hist\u00f3ria come\u00e7a a ficar interessante. Cheiro de trai\u00e7\u00e3o no ar\u201d, comemora [&hellip;]<\/p>\n","protected":false},"author":1,"featured_media":0,"comment_status":"closed","ping_status":"open","sticky":false,"template":"","format":"standard","meta":{"_monsterinsights_skip_tracking":false,"_monsterinsights_sitenote_active":false,"_monsterinsights_sitenote_note":"","_monsterinsights_sitenote_category":0,"_jetpack_memberships_contains_paid_content":false,"footnotes":"","jetpack_publicize_message":"","jetpack_publicize_feature_enabled":true,"jetpack_social_post_already_shared":true,"jetpack_social_options":{"image_generator_settings":{"template":"highway","default_image_id":0,"font":"","enabled":false},"version":2},"_wp_rev_ctl_limit":""},"categories":[90],"tags":[92,180,91],"class_list":["post-4151","post","type-post","status-publish","format-standard","hentry","category-noticias-das-nov-elas","tag-globo","tag-imperio","tag-novelas"],"aioseo_notices":[],"jetpack_publicize_connections":[],"jetpack_featured_media_url":"","jetpack_shortlink":"https:\/\/wp.me\/pcIKFi-14X","jetpack_sharing_enabled":true,"jetpack_likes_enabled":true,"jetpack-related-posts":[{"id":5753,"url":"https:\/\/caetenews.com.br\/semana\/resumo-de-novela-a-infancia-deromeu-e-julieta\/","url_meta":{"origin":4151,"position":0},"title":"Resumos finais de A Inf\u00e2ncia de Romeu e Julieta (05 a 09\/08)","author":"Paulo Ant\u00f4nio","date":"13\/05\/2024","format":false,"excerpt":"NO resumos de novela: A Inf\u00e2ncia de Romeu e Julieta desta segunda-feira, 12 de agosto, Vitor sugere melhorar o ambiente do CEC e, pela primeira vez, H\u00e9lio adora a ideia do filho...","rel":"","context":"Em &quot;Novelas&quot;","block_context":{"text":"Novelas","link":"https:\/\/caetenews.com.br\/semana\/category\/novelas\/"},"img":{"alt_text":"Foto em Resumos de novela: A Inf\u00e2ncia de Romeu e Julieta","src":"https:\/\/i0.wp.com\/caetenews.com.br\/semana\/wp-content\/uploads\/2023\/09\/38530.jpg?fit=728%2C410&ssl=1&resize=350%2C200","width":350,"height":200,"srcset":"https:\/\/i0.wp.com\/caetenews.com.br\/semana\/wp-content\/uploads\/2023\/09\/38530.jpg?fit=728%2C410&ssl=1&resize=350%2C200 1x, https:\/\/i0.wp.com\/caetenews.com.br\/semana\/wp-content\/uploads\/2023\/09\/38530.jpg?fit=728%2C410&ssl=1&resize=525%2C300 1.5x, https:\/\/i0.wp.com\/caetenews.com.br\/semana\/wp-content\/uploads\/2023\/09\/38530.jpg?fit=728%2C410&ssl=1&resize=700%2C400 2x"},"classes":[]},{"id":3986,"url":"https:\/\/caetenews.com.br\/semana\/em-funcao-da-pandemia-globo-adia-um-lugar-ao-sol-e-retorna-a-novela-imperio\/","url_meta":{"origin":4151,"position":1},"title":"Em fun\u00e7\u00e3o da pandemia Globo adia &#8216;Um Lugar ao Sol&#8217; e retorna a novela &#8216;Imp\u00e9rio&#8217;","author":"Paulo Ant\u00f4nio","date":"05\/03\/2021","format":false,"excerpt":"A TV Globo informou que em decorr\u00eancia do agravamento da pandemia e das medidas restritivas estabelecidas pelas autoridades locais, a Globo ir\u00e1 reduzir ainda mais o volume de suas produ\u00e7\u00f5es. Com o decreto da Prefeitura do Rio de Janeiro, anunciado hoje, os Est\u00fadios Globo, que j\u00e1 seguiam num ritmo de\u2026","rel":"","context":"Em &quot;Not\u00edcias&quot;","block_context":{"text":"Not\u00edcias","link":"https:\/\/caetenews.com.br\/semana\/category\/noticias\/"},"img":{"alt_text":"Foto de cena","src":"https:\/\/i0.wp.com\/caetenews.com.br\/semana\/wp-content\/uploads\/2021\/03\/26631.jpg?fit=606%2C350&ssl=1&resize=350%2C200","width":350,"height":200,"srcset":"https:\/\/i0.wp.com\/caetenews.com.br\/semana\/wp-content\/uploads\/2021\/03\/26631.jpg?fit=606%2C350&ssl=1&resize=350%2C200 1x, https:\/\/i0.wp.com\/caetenews.com.br\/semana\/wp-content\/uploads\/2021\/03\/26631.jpg?fit=606%2C350&ssl=1&resize=525%2C300 1.5x"},"classes":[]},{"id":5534,"url":"https:\/\/caetenews.com.br\/semana\/resumos-de-novela-a-infancia-de-romeu-e-julieta-de-22-a-27-de-maio\/","url_meta":{"origin":4151,"position":2},"title":"Resumos de novela: A Inf\u00e2ncia de Romeu e Julieta de 22 a 27 de maio","author":"Paulo Ant\u00f4nio","date":"20\/05\/2023","format":false,"excerpt":"Resumos de novela: A Inf\u00e2ncia de Romeu e Julieta Resumo de segunda-feira, 22 de maio Rosalina chama Romeu para um jantar em comemora\u00e7\u00e3o ao anivers\u00e1rio dela. Glaucia apresenta sua ideia de empresa de moda para Leandro e Bernardo. Na Holding, Fausto invade a reuni\u00e3o e diz que deseja mostrar seu\u2026","rel":"","context":"Em &quot;Resumos de Novelas&quot;","block_context":{"text":"Resumos de Novelas","link":"https:\/\/caetenews.com.br\/semana\/category\/resumos-de-novelas\/"},"img":{"alt_text":"Foto em Resumos de novela: A Inf\u00e2ncia de Romeu e Julieta","src":"https:\/\/i0.wp.com\/caetenews.com.br\/semana\/wp-content\/uploads\/2023\/05\/044.jpg?fit=715%2C410&ssl=1&resize=350%2C200","width":350,"height":200,"srcset":"https:\/\/i0.wp.com\/caetenews.com.br\/semana\/wp-content\/uploads\/2023\/05\/044.jpg?fit=715%2C410&ssl=1&resize=350%2C200 1x, https:\/\/i0.wp.com\/caetenews.com.br\/semana\/wp-content\/uploads\/2023\/05\/044.jpg?fit=715%2C410&ssl=1&resize=525%2C300 1.5x, https:\/\/i0.wp.com\/caetenews.com.br\/semana\/wp-content\/uploads\/2023\/05\/044.jpg?fit=715%2C410&ssl=1&resize=700%2C400 2x"},"classes":[]},{"id":7647,"url":"https:\/\/caetenews.com.br\/semana\/resumos-de-novela-minha-fortuna-e-te-amar\/","url_meta":{"origin":4151,"position":3},"title":"Resumos de novela: Minha Fortuna \u00e9 te Amar, de 04 a 08 de mar\u00e7o","author":"Paulo Ant\u00f4nio","date":"09\/12\/2023","format":false,"excerpt":"Resumos de novela: Minha Fortuna \u00e9 te Amar. No cap\u00edtulo de segunda-feira, 12 de fevereiro, Olga diz a F\u00e9lix que pode lhe vender a informa\u00e7\u00e3o que precisa sobre Valentina...","rel":"","context":"Em &quot;SBT&quot;","block_context":{"text":"SBT","link":"https:\/\/caetenews.com.br\/semana\/category\/sbt\/"},"img":{"alt_text":"Foto em Resumos de novela: Minha Fortuna \u00e9 te Amar","src":"https:\/\/i0.wp.com\/caetenews.com.br\/semana\/wp-content\/uploads\/2023\/12\/39725.jpg?resize=350%2C200&ssl=1","width":350,"height":200,"srcset":"https:\/\/i0.wp.com\/caetenews.com.br\/semana\/wp-content\/uploads\/2023\/12\/39725.jpg?resize=350%2C200&ssl=1 1x, https:\/\/i0.wp.com\/caetenews.com.br\/semana\/wp-content\/uploads\/2023\/12\/39725.jpg?resize=525%2C300&ssl=1 1.5x, https:\/\/i0.wp.com\/caetenews.com.br\/semana\/wp-content\/uploads\/2023\/12\/39725.jpg?resize=700%2C400&ssl=1 2x"},"classes":[]},{"id":5643,"url":"https:\/\/caetenews.com.br\/semana\/resumo-de-novela-um-refugio-para-o-amor-de-26-a-30-de-junho\/","url_meta":{"origin":4151,"position":4},"title":"Resumos de novela: Um Ref\u00fagio para o Amor de 11 a 15 de dezembro","author":"Paulo Ant\u00f4nio","date":"17\/11\/2022","format":false,"excerpt":"No cap\u00edtulo de Um Ref\u00fagio para o Amor, desta segunda, dia 11 de dezembro, Oscar diz a Maximino que nunca deixou de procurar por Pedro Campos...","rel":"","context":"Em &quot;Resumos de Novelas&quot;","block_context":{"text":"Resumos de Novelas","link":"https:\/\/caetenews.com.br\/semana\/category\/resumos-de-novelas\/"},"img":{"alt_text":"Foto em Resumos de novela: Um Ref\u00fagio","src":"https:\/\/i0.wp.com\/caetenews.com.br\/semana\/wp-content\/uploads\/2023\/09\/103.jpg?fit=728%2C450&ssl=1&resize=350%2C200","width":350,"height":200,"srcset":"https:\/\/i0.wp.com\/caetenews.com.br\/semana\/wp-content\/uploads\/2023\/09\/103.jpg?fit=728%2C450&ssl=1&resize=350%2C200 1x, https:\/\/i0.wp.com\/caetenews.com.br\/semana\/wp-content\/uploads\/2023\/09\/103.jpg?fit=728%2C450&ssl=1&resize=525%2C300 1.5x, https:\/\/i0.wp.com\/caetenews.com.br\/semana\/wp-content\/uploads\/2023\/09\/103.jpg?fit=728%2C450&ssl=1&resize=700%2C400 2x"},"classes":[]},{"id":3957,"url":"https:\/\/caetenews.com.br\/semana\/a-forca-do-querer-ivan-e-agredido-e-perde-o-bebe\/","url_meta":{"origin":4151,"position":5},"title":"A For\u00e7a do Querer: Ivan \u00e9 agredido e perde o beb\u00ea","author":"Paulo Ant\u00f4nio","date":"24\/02\/2021","format":false,"excerpt":"Nos pr\u00f3ximos cap\u00edtulos, Ivan (Carol Duarte) \u00e9 agredido e perde o beb\u00ea que est\u00e1 esperando. Ele leva uma surra de tr\u00eas homens na rua e acaba abortando. O epis\u00f3dio mexe muito com Joyce (Maria Fernanda C\u00e2ndido) que, no hospital, ao ver Ivan muito machucado, diz pela primeira vez \u201cmeu filho!\u201d.\u2026","rel":"","context":"Em &quot;Not\u00edcias das novelas&quot;","block_context":{"text":"Not\u00edcias das novelas","link":"https:\/\/caetenews.com.br\/semana\/category\/noticias-das-nov-elas\/"},"img":{"alt_text":"Foto de Ivan","src":"https:\/\/i0.wp.com\/caetenews.com.br\/semana\/wp-content\/uploads\/2021\/02\/26533.jpg?fit=600%2C340&ssl=1&resize=350%2C200","width":350,"height":200,"srcset":"https:\/\/i0.wp.com\/caetenews.com.br\/semana\/wp-content\/uploads\/2021\/02\/26533.jpg?fit=600%2C340&ssl=1&resize=350%2C200 1x, https:\/\/i0.wp.com\/caetenews.com.br\/semana\/wp-content\/uploads\/2021\/02\/26533.jpg?fit=600%2C340&ssl=1&resize=525%2C300 1.5x"},"classes":[]}],"_links":{"self":[{"href":"https:\/\/caetenews.com.br\/semana\/wp-json\/wp\/v2\/posts\/4151","targetHints":{"allow":["GET"]}}],"collection":[{"href":"https:\/\/caetenews.com.br\/semana\/wp-json\/wp\/v2\/posts"}],"about":[{"href":"https:\/\/caetenews.com.br\/semana\/wp-json\/wp\/v2\/types\/post"}],"author":[{"embeddable":true,"href":"https:\/\/caetenews.com.br\/semana\/wp-json\/wp\/v2\/users\/1"}],"replies":[{"embeddable":true,"href":"https:\/\/caetenews.com.br\/semana\/wp-json\/wp\/v2\/comments?post=4151"}],"version-history":[{"count":0,"href":"https:\/\/caetenews.com.br\/semana\/wp-json\/wp\/v2\/posts\/4151\/revisions"}],"wp:attachment":[{"href":"https:\/\/caetenews.com.br\/semana\/wp-json\/wp\/v2\/media?parent=4151"}],"wp:term":[{"taxonomy":"category","embeddable":true,"href":"https:\/\/caetenews.com.br\/semana\/wp-json\/wp\/v2\/categories?post=4151"},{"taxonomy":"post_tag","embeddable":true,"href":"https:\/\/caetenews.com.br\/semana\/wp-json\/wp\/v2\/tags?post=4151"}],"curies":[{"name":"wp","href":"https:\/\/api.w.org\/{rel}","templated":true}]}}