{"id":4188,"date":"2021-04-30T11:34:48","date_gmt":"2021-04-30T14:34:48","guid":{"rendered":"https:\/\/caetenews.com.br\/semana\/?p=4188"},"modified":"2021-04-30T11:39:42","modified_gmt":"2021-04-30T14:39:42","slug":"o-discipulo-entre-as-novidades-na-netflix-nesta-sexta-dia-30","status":"publish","type":"post","link":"https:\/\/caetenews.com.br\/semana\/o-discipulo-entre-as-novidades-na-netflix-nesta-sexta-dia-30\/","title":{"rendered":"&#8216;O Disc\u00edpulo&#8217; est\u00e1 entre as novidades na Netflix nesta sexta, dia 30"},"content":{"rendered":"<h2>O Disc\u00edpulo<\/h2>\n<p><img data-recalc-dims=\"1\" fetchpriority=\"high\" decoding=\"async\" data-attachment-id=\"4189\" data-permalink=\"https:\/\/caetenews.com.br\/semana\/o-discipulo-entre-as-novidades-na-netflix-nesta-sexta-dia-30\/odiscipulo\/\" data-orig-file=\"https:\/\/i0.wp.com\/caetenews.com.br\/semana\/wp-content\/uploads\/2021\/04\/odiscipulo.jpg?fit=600%2C338&amp;ssl=1\" data-orig-size=\"600,338\" data-comments-opened=\"0\" data-image-meta=\"{&quot;aperture&quot;:&quot;0&quot;,&quot;credit&quot;:&quot;&quot;,&quot;camera&quot;:&quot;&quot;,&quot;caption&quot;:&quot;&quot;,&quot;created_timestamp&quot;:&quot;0&quot;,&quot;copyright&quot;:&quot;&quot;,&quot;focal_length&quot;:&quot;0&quot;,&quot;iso&quot;:&quot;0&quot;,&quot;shutter_speed&quot;:&quot;0&quot;,&quot;title&quot;:&quot;&quot;,&quot;orientation&quot;:&quot;0&quot;}\" data-image-title=\"O Disc\u00edpulo\" data-image-description=\"\" data-image-caption=\"\" data-large-file=\"https:\/\/i0.wp.com\/caetenews.com.br\/semana\/wp-content\/uploads\/2021\/04\/odiscipulo.jpg?fit=600%2C338&amp;ssl=1\" src=\"https:\/\/i0.wp.com\/caetenews.com.br\/semana\/wp-content\/uploads\/2021\/04\/odiscipulo.jpg?resize=600%2C338&#038;ssl=1\" alt=\"\" width=\"600\" height=\"338\" class=\"alignnone size-full wp-image-4189\" \/><br \/>\n<img data-recalc-dims=\"1\" decoding=\"async\" src=\"https:\/\/i0.wp.com\/tvnovelas.com.br\/filmes\/wp-content\/uploads\/2021\/04\/odiscipulo-1.jpg?resize=600%2C338&#038;ssl=1\" alt=\"Foto de divulga\u00e7\u00e3o\" width=\"600\" height=\"338\" class=\"alignnone size-full wp-image-6482\" \/><br \/>\n(The Disciple)<br \/>\nFilme &#8211; Drama<br \/>\n<strong>Estreia em 30 de abril<\/strong><\/p>\n<p>Um homem dedicou a vida a tornar-se vocalista de m\u00fasica cl\u00e1ssica indiana, esfor\u00e7ando-se para seguir as tradi\u00e7\u00f5es e a disciplina dos antigos mestres, do seu guru e do pai. Mas com o passar dos anos, come\u00e7a a questionar-se se ser\u00e1 realmente poss\u00edvel alcan\u00e7ar o n\u00edvel de excel\u00eancia que ele persegue.<br \/>\n<em>Trailer oficial, original, legendado em ingl\u00eas<\/em><br \/>\n<iframe width=\"560\" height=\"315\" src=\"https:\/\/www.youtube.com\/embed\/uIqAOGM_zZ0\" title=\"YouTube video player\" frameborder=\"0\" allow=\"accelerometer; autoplay; clipboard-write; encrypted-media; gyroscope; picture-in-picture\" allowfullscreen><\/iframe><\/p>\n","protected":false},"excerpt":{"rendered":"<p>O Disc\u00edpulo (The Disciple) Filme &#8211; Drama Estreia em 30 de abril Um homem dedicou a vida a tornar-se vocalista de m\u00fasica cl\u00e1ssica indiana, esfor\u00e7ando-se para seguir as tradi\u00e7\u00f5es e a disciplina dos antigos mestres, do seu guru e do pai. Mas com o passar dos anos, come\u00e7a a questionar-se se ser\u00e1 realmente poss\u00edvel alcan\u00e7ar [&hellip;]<\/p>\n","protected":false},"author":1,"featured_media":4189,"comment_status":"closed","ping_status":"open","sticky":false,"template":"","format":"standard","meta":{"_monsterinsights_skip_tracking":false,"_monsterinsights_sitenote_active":false,"_monsterinsights_sitenote_note":"","_monsterinsights_sitenote_category":0,"_jetpack_memberships_contains_paid_content":false,"footnotes":"","jetpack_publicize_message":"","jetpack_publicize_feature_enabled":true,"jetpack_social_post_already_shared":true,"jetpack_social_options":{"image_generator_settings":{"template":"highway","default_image_id":0,"font":"","enabled":false},"version":2},"_wp_rev_ctl_limit":""},"categories":[105],"tags":[106,181],"class_list":["post-4188","post","type-post","status-publish","format-standard","has-post-thumbnail","hentry","category-netflix","tag-netflix","tag-o-discipulo"],"aioseo_notices":[],"jetpack_publicize_connections":[],"jetpack_featured_media_url":"https:\/\/i0.wp.com\/caetenews.com.br\/semana\/wp-content\/uploads\/2021\/04\/odiscipulo.jpg?fit=600%2C338&ssl=1","jetpack_shortlink":"https:\/\/wp.me\/pcIKFi-15y","jetpack_sharing_enabled":true,"jetpack_likes_enabled":true,"jetpack-related-posts":[{"id":4479,"url":"https:\/\/caetenews.com.br\/semana\/serie-sobre-john-delorean-estreia-na-netflix-nesta-sexta-30\/","url_meta":{"origin":4188,"position":0},"title":"S\u00e9rie sobre John DeLorean estreia na Netflix nesta sexta, 30","author":"Paulo Ant\u00f4nio","date":"29\/07\/2021","format":false,"excerpt":"Mito e Magnata: John DeLorean, na Netflix: Com entrevistas exclusivas e imagens in\u00e9ditas gravadas pelo premiado diretor D.A Pennebaker","rel":"","context":"Em &quot;Netflix&quot;","block_context":{"text":"Netflix","link":"https:\/\/caetenews.com.br\/semana\/category\/netflix\/"},"img":{"alt_text":"Foto de divulga\u00e7\u00e3o da s\u00e9rie John DeLorean","src":"https:\/\/i0.wp.com\/caetenews.com.br\/semana\/wp-content\/uploads\/2021\/07\/mitoemagnata.jpg?resize=350%2C200&ssl=1","width":350,"height":200,"srcset":"https:\/\/i0.wp.com\/caetenews.com.br\/semana\/wp-content\/uploads\/2021\/07\/mitoemagnata.jpg?resize=350%2C200&ssl=1 1x, https:\/\/i0.wp.com\/caetenews.com.br\/semana\/wp-content\/uploads\/2021\/07\/mitoemagnata.jpg?resize=525%2C300&ssl=1 1.5x"},"classes":[]},{"id":7352,"url":"https:\/\/caetenews.com.br\/semana\/episodios-de-natal-de-virgin-river-chegam-a-netflix-dia-30-11\/","url_meta":{"origin":4188,"position":1},"title":"Epis\u00f3dios de Natal de Virgin River chegam \u00e0 Netflix dia 30\/11","author":"Paulo Ant\u00f4nio","date":"14\/11\/2023","format":false,"excerpt":"Epis\u00f3dios de Natal de Virgin River A parte 2 da 5\u00aa temporada de Virgin River estreia dia 30 de novembro, dando continuidade \u00e0 parte inicial dispon\u00edvel a partir do dia 7 de setembro. A segunda parte chega bem a prop\u00f3sito com dois epis\u00f3dios finais da 5\u00aa temporada que servir\u00e3o como\u2026","rel":"","context":"Em &quot;Netflix&quot;","block_context":{"text":"Netflix","link":"https:\/\/caetenews.com.br\/semana\/category\/netflix\/"},"img":{"alt_text":"Foto em Epis\u00f3dios de Natal de Virgin River","src":"https:\/\/i0.wp.com\/caetenews.com.br\/semana\/wp-content\/uploads\/2023\/11\/38701.jpg?fit=728%2C410&ssl=1&resize=350%2C200","width":350,"height":200,"srcset":"https:\/\/i0.wp.com\/caetenews.com.br\/semana\/wp-content\/uploads\/2023\/11\/38701.jpg?fit=728%2C410&ssl=1&resize=350%2C200 1x, https:\/\/i0.wp.com\/caetenews.com.br\/semana\/wp-content\/uploads\/2023\/11\/38701.jpg?fit=728%2C410&ssl=1&resize=525%2C300 1.5x, https:\/\/i0.wp.com\/caetenews.com.br\/semana\/wp-content\/uploads\/2023\/11\/38701.jpg?fit=728%2C410&ssl=1&resize=700%2C400 2x"},"classes":[]},{"id":6757,"url":"https:\/\/caetenews.com.br\/semana\/novo-na-netflix-amor-esquecido\/","url_meta":{"origin":4188,"position":2},"title":"Novo na Netflix: &#8216;Amor Esquecido&#8217;","author":"Paulo Ant\u00f4nio","date":"30\/09\/2023","format":false,"excerpt":"Novo na Netflix: Amor Esquecido, com Leszek Lichota, Maria Kowalska, Ignacy Liss \u00e9 baseado no romance polon\u00eas \u201cZnachor\u201d [O Quack] de Tadeusz Do\u0142\u0119ga-Mostowicz. A trama \u00e9 uma hist\u00f3ria...","rel":"","context":"Em &quot;Netflix&quot;","block_context":{"text":"Netflix","link":"https:\/\/caetenews.com.br\/semana\/category\/netflix\/"},"img":{"alt_text":"Foto de Novo na Netflix: Amor Esquecido","src":"https:\/\/i0.wp.com\/caetenews.com.br\/semana\/wp-content\/uploads\/2023\/09\/106.jpg?fit=728%2C410&ssl=1&resize=350%2C200","width":350,"height":200,"srcset":"https:\/\/i0.wp.com\/caetenews.com.br\/semana\/wp-content\/uploads\/2023\/09\/106.jpg?fit=728%2C410&ssl=1&resize=350%2C200 1x, https:\/\/i0.wp.com\/caetenews.com.br\/semana\/wp-content\/uploads\/2023\/09\/106.jpg?fit=728%2C410&ssl=1&resize=525%2C300 1.5x, https:\/\/i0.wp.com\/caetenews.com.br\/semana\/wp-content\/uploads\/2023\/09\/106.jpg?fit=728%2C410&ssl=1&resize=700%2C400 2x"},"classes":[]},{"id":4827,"url":"https:\/\/caetenews.com.br\/semana\/fomos-cancoes-com-maria-valverde-estreia-na-netflix-nesta-quarta-29\/","url_meta":{"origin":4188,"position":3},"title":"&#8216;Fomos Can\u00e7\u00f5es&#8217; com Mar\u00eda Valverde estreia na Netflix nesta quarta (29)","author":"Paulo Ant\u00f4nio","date":"29\/09\/2021","format":false,"excerpt":"Em Fomos Can\u00e7\u00f5es, em estreia na Netflix, Maca trabalha em moda e acabou de organizar a sua vida depois de uma separa\u00e7\u00e3o devastadora, at\u00e9 que Leo, o homem que lhe partiu o cora\u00e7\u00e3o, regressa.","rel":"","context":"Em &quot;Netflix&quot;","block_context":{"text":"Netflix","link":"https:\/\/caetenews.com.br\/semana\/category\/netflix\/"},"img":{"alt_text":"Foto de Fomos Can\u00e7\u00f5es, em Netflix","src":"https:\/\/i0.wp.com\/caetenews.com.br\/semana\/wp-content\/uploads\/2021\/09\/fomoscancoes2.jpg?fit=600%2C360&ssl=1&resize=350%2C200","width":350,"height":200,"srcset":"https:\/\/i0.wp.com\/caetenews.com.br\/semana\/wp-content\/uploads\/2021\/09\/fomoscancoes2.jpg?fit=600%2C360&ssl=1&resize=350%2C200 1x, https:\/\/i0.wp.com\/caetenews.com.br\/semana\/wp-content\/uploads\/2021\/09\/fomoscancoes2.jpg?fit=600%2C360&ssl=1&resize=525%2C300 1.5x"},"classes":[]},{"id":5463,"url":"https:\/\/caetenews.com.br\/semana\/dois-amigos-e-uma-ameaca-alienigena-estreia-na-netflix-nesta-segunda-27\/","url_meta":{"origin":4188,"position":4},"title":"&#8216;Dois Amigos e Uma Amea\u00e7a Alien\u00edgena&#8217; estreia na Netflix nesta segunda, 27","author":"Paulo Ant\u00f4nio","date":"27\/06\/2022","format":false,"excerpt":"No filme noruegu\u00eas, 'Dois Amigos e Uma Amea\u00e7a Alien\u00edgena', que estreia na Netflix, nesta segunda, dia 27, Uma invas\u00e3o alien\u00edgena interrompe uma..","rel":"","context":"Em &quot;Netflix&quot;","block_context":{"text":"Netflix","link":"https:\/\/caetenews.com.br\/semana\/category\/netflix\/"},"img":{"alt_text":"Foto de cena em estreia na Netflix","src":"https:\/\/i0.wp.com\/caetenews.com.br\/semana\/wp-content\/uploads\/2022\/06\/doisamigos.jpg?fit=600%2C342&ssl=1&resize=350%2C200","width":350,"height":200,"srcset":"https:\/\/i0.wp.com\/caetenews.com.br\/semana\/wp-content\/uploads\/2022\/06\/doisamigos.jpg?fit=600%2C342&ssl=1&resize=350%2C200 1x, https:\/\/i0.wp.com\/caetenews.com.br\/semana\/wp-content\/uploads\/2022\/06\/doisamigos.jpg?fit=600%2C342&ssl=1&resize=525%2C300 1.5x"},"classes":[]},{"id":4706,"url":"https:\/\/caetenews.com.br\/semana\/netflix-estreia-aluga-se-um-paraiso-nesta-terca-dia14\/","url_meta":{"origin":4188,"position":5},"title":"Netflix estreia &#8216;Aluga-se Um Para\u00edso&#8217; nesta ter\u00e7a, dia14","author":"Paulo Ant\u00f4nio","date":"14\/09\/2021","format":false,"excerpt":"Em Aluga-se Um Para\u00edso, estreando na Neflix, atentos a todas as carteiras e estilos, tr\u00eas especialistas guiam-nos pelo mundo das viagens em...","rel":"","context":"Em &quot;Netflix&quot;","block_context":{"text":"Netflix","link":"https:\/\/caetenews.com.br\/semana\/category\/netflix\/"},"img":{"alt_text":"Foto de Aluga-se Um Para\u00edso, em estreia na Netflix","src":"https:\/\/i0.wp.com\/caetenews.com.br\/semana\/wp-content\/uploads\/2021\/09\/alugaseumparaisot2.jpg?fit=600%2C395&ssl=1&resize=350%2C200","width":350,"height":200,"srcset":"https:\/\/i0.wp.com\/caetenews.com.br\/semana\/wp-content\/uploads\/2021\/09\/alugaseumparaisot2.jpg?fit=600%2C395&ssl=1&resize=350%2C200 1x, https:\/\/i0.wp.com\/caetenews.com.br\/semana\/wp-content\/uploads\/2021\/09\/alugaseumparaisot2.jpg?fit=600%2C395&ssl=1&resize=525%2C300 1.5x"},"classes":[]}],"_links":{"self":[{"href":"https:\/\/caetenews.com.br\/semana\/wp-json\/wp\/v2\/posts\/4188","targetHints":{"allow":["GET"]}}],"collection":[{"href":"https:\/\/caetenews.com.br\/semana\/wp-json\/wp\/v2\/posts"}],"about":[{"href":"https:\/\/caetenews.com.br\/semana\/wp-json\/wp\/v2\/types\/post"}],"author":[{"embeddable":true,"href":"https:\/\/caetenews.com.br\/semana\/wp-json\/wp\/v2\/users\/1"}],"replies":[{"embeddable":true,"href":"https:\/\/caetenews.com.br\/semana\/wp-json\/wp\/v2\/comments?post=4188"}],"version-history":[{"count":0,"href":"https:\/\/caetenews.com.br\/semana\/wp-json\/wp\/v2\/posts\/4188\/revisions"}],"wp:featuredmedia":[{"embeddable":true,"href":"https:\/\/caetenews.com.br\/semana\/wp-json\/wp\/v2\/media\/4189"}],"wp:attachment":[{"href":"https:\/\/caetenews.com.br\/semana\/wp-json\/wp\/v2\/media?parent=4188"}],"wp:term":[{"taxonomy":"category","embeddable":true,"href":"https:\/\/caetenews.com.br\/semana\/wp-json\/wp\/v2\/categories?post=4188"},{"taxonomy":"post_tag","embeddable":true,"href":"https:\/\/caetenews.com.br\/semana\/wp-json\/wp\/v2\/tags?post=4188"}],"curies":[{"name":"wp","href":"https:\/\/api.w.org\/{rel}","templated":true}]}}