{"id":4304,"date":"2021-06-10T12:25:29","date_gmt":"2021-06-10T15:25:29","guid":{"rendered":"https:\/\/caetenews.com.br\/semana\/?p=4304"},"modified":"2021-06-10T12:27:41","modified_gmt":"2021-06-10T15:27:41","slug":"infantil-o-dragao-dos-desejos-estreia-na-netflix-nesta-sexta-dia-11-leia-e-veja","status":"publish","type":"post","link":"https:\/\/caetenews.com.br\/semana\/infantil-o-dragao-dos-desejos-estreia-na-netflix-nesta-sexta-dia-11-leia-e-veja\/","title":{"rendered":"Infantil: &#8216;O Drag\u00e3o dos Desejos&#8217; estreia na Netflix nesta sexta, dia 11; leia e veja"},"content":{"rendered":"<p><img data-recalc-dims=\"1\" fetchpriority=\"high\" decoding=\"async\" data-attachment-id=\"4305\" data-permalink=\"https:\/\/caetenews.com.br\/semana\/infantil-o-dragao-dos-desejos-estreia-na-netflix-nesta-sexta-dia-11-leia-e-veja\/odragaodosdesejos\/\" data-orig-file=\"https:\/\/i0.wp.com\/caetenews.com.br\/semana\/wp-content\/uploads\/2021\/06\/odragaodosdesejos.jpg?fit=600%2C338&amp;ssl=1\" data-orig-size=\"600,338\" data-comments-opened=\"0\" data-image-meta=\"{&quot;aperture&quot;:&quot;0&quot;,&quot;credit&quot;:&quot;&quot;,&quot;camera&quot;:&quot;&quot;,&quot;caption&quot;:&quot;&quot;,&quot;created_timestamp&quot;:&quot;0&quot;,&quot;copyright&quot;:&quot;&quot;,&quot;focal_length&quot;:&quot;0&quot;,&quot;iso&quot;:&quot;0&quot;,&quot;shutter_speed&quot;:&quot;0&quot;,&quot;title&quot;:&quot;&quot;,&quot;orientation&quot;:&quot;0&quot;}\" data-image-title=\"O Drag\u00e3o dos Desejos\" data-image-description=\"\" data-image-caption=\"\" data-large-file=\"https:\/\/i0.wp.com\/caetenews.com.br\/semana\/wp-content\/uploads\/2021\/06\/odragaodosdesejos.jpg?fit=600%2C338&amp;ssl=1\" src=\"https:\/\/i0.wp.com\/caetenews.com.br\/semana\/wp-content\/uploads\/2021\/06\/odragaodosdesejos.jpg?resize=600%2C338&#038;ssl=1\" alt=\"Foto de divulga\u00e7\u00e3o\" width=\"600\" height=\"338\" class=\"alignnone size-full wp-image-4305\" \/><\/p>\n<h3>O Drag\u00e3o dos Desejos<\/h3>\n<p>(Din e o Drag\u00e3o Genial)<br \/>\nFilme &#8211; Infantil\/Com\u00e9dia<br \/>\nEstreia  em 11 de junho<\/p>\n<p>Em Wish Dragon, da Sony Pictures Animation, um estudante de origens humildes que sonha em grande e um drag\u00e3o c\u00ednico que tem o poder de conceder desejos partem numa hilariante aventura atrav\u00e9s da Xangai atual em busca de uma h\u00e1 muito desaparecida amiga de inf\u00e2ncia do rapaz. A sua viagem obriga-os a responder a algumas das maiores quest\u00f5es existenciais \u2013 porque quando podemos desejar aquilo que quisermos, temos de decidir o que realmente importa na vida.<br \/>\n<iframe width=\"560\" height=\"315\" src=\"https:\/\/www.youtube.com\/embed\/LhG7oobOYd0\" title=\"YouTube video player\" frameborder=\"0\" allow=\"accelerometer; autoplay; clipboard-write; encrypted-media; gyroscope; picture-in-picture\" allowfullscreen><\/iframe><\/p>\n<div class=\"fb-comments\" data-width=\"100%\" data-order-by=\"reverse_time\" data-numposts=\"5\"><\/div>\n<p><strong>Saiba mais<\/strong><\/p>\n<h2 style=\"background-color: #ffa500; font-family: arial; padding-left: 10px;\"><a href=\"https:\/\/www.tvnovelas.com.br\/filmes\/\" target=\"_blank\" rel=\"noopener noreferrer\">Programa\u00e7\u00e3o de filmes na TV aberta<\/a><\/h2>\n<h2 style=\"background-color: #ffa500; font-family: arial; padding-left: 10px;\"><a href=\"https:\/\/tvnovelas.com.br\/filmes\/filmes-e-series-que-estreiam-na-netflix-em-junho-2021\/\" target=\"_blank\" rel=\"noopener noreferrer\">Estreias de in\u00e9ditos na Netflix no m\u00eas de junho\/2021<\/a><\/h2>\n<h2 style=\"background-color: #ffa500; font-family: arial; padding-left: 10px;\"><a href=\"https:\/\/tvnovelas.com.br\/filmes\/filmes-e-series-ineditos-em-estreia-na-semana-na-netflix\/\" target=\"_blank\" rel=\"noopener noreferrer\">Estreias na Netflix<\/a><\/h2>\n<h2 style=\"background-color: #ffa500; font-family: arial; padding-left: 10px;\"><a href=\"https:\/\/tvnovelas.com.br\/filmes\/o-que-ha-de-novo-no-globoplay\/\" target=\"_blank\" rel=\"noopener noreferrer\">Estreias e novidades no Globoplay<\/a><\/h2>\n<h2 style=\"background-color: #ffa500; font-family: arial; padding-left: 10px;\"><a href=\"https:\/\/www.tvnovelas.com.br\/tvshow\/programacao-de-jogos-de-futebol-ao-vivo-na-tv\/\" target=\"_blank\" rel=\"noopener noreferrer\">Futebol ao vivo na TV<\/a><\/h2>\n<h2 style=\"background-color: #ffa500; font-family: arial; padding-left: 10px;\"><a href=\"https:\/\/www.tvnovelas.com.br\/novelas\/\" target=\"_blank\" rel=\"noopener noreferrer\">Resumos de todas as novelas<\/a><\/h2>\n","protected":false},"excerpt":{"rendered":"<p>O Drag\u00e3o dos Desejos (Din e o Drag\u00e3o Genial) Filme &#8211; Infantil\/Com\u00e9dia Estreia em 11 de junho Em Wish Dragon, da Sony Pictures Animation, um estudante de origens humildes que sonha em grande e um drag\u00e3o c\u00ednico que tem o poder de conceder desejos partem numa hilariante aventura atrav\u00e9s da Xangai atual em busca de [&hellip;]<\/p>\n","protected":false},"author":1,"featured_media":4305,"comment_status":"closed","ping_status":"open","sticky":false,"template":"","format":"standard","meta":{"_monsterinsights_skip_tracking":false,"_monsterinsights_sitenote_active":false,"_monsterinsights_sitenote_note":"","_monsterinsights_sitenote_category":0,"_jetpack_memberships_contains_paid_content":false,"footnotes":"","jetpack_publicize_message":"","jetpack_publicize_feature_enabled":true,"jetpack_social_post_already_shared":true,"jetpack_social_options":{"image_generator_settings":{"template":"highway","default_image_id":0,"font":"","enabled":false},"version":2},"_wp_rev_ctl_limit":""},"categories":[105],"tags":[106],"class_list":["post-4304","post","type-post","status-publish","format-standard","has-post-thumbnail","hentry","category-netflix","tag-netflix"],"aioseo_notices":[],"jetpack_publicize_connections":[],"jetpack_featured_media_url":"https:\/\/i0.wp.com\/caetenews.com.br\/semana\/wp-content\/uploads\/2021\/06\/odragaodosdesejos.jpg?fit=600%2C338&ssl=1","jetpack_shortlink":"https:\/\/wp.me\/pcIKFi-17q","jetpack_sharing_enabled":true,"jetpack_likes_enabled":true,"jetpack-related-posts":[{"id":4382,"url":"https:\/\/caetenews.com.br\/semana\/como-treinar-o-seu-dragao-3-para-as-criancas-na-netflix-hoje-dia-7\/","url_meta":{"origin":4304,"position":0},"title":"Como treinar o seu drag\u00e3o 3 para as crian\u00e7as na Netflix hoje, dia 7","author":"Paulo Ant\u00f4nio","date":"07\/07\/2021","format":false,"excerpt":"Como treinar o seu drag\u00e3o 3 Empolgantes - Infantil\/Animais companheiros Estreia em 07 de julho Depois de conhecer uma criatura encantada, Solu\u00e7o e Banguela saem em busca do lend\u00e1rio para\u00edso dos drag\u00f5es. Mas Grimmel, o Cruel, far\u00e1 de tudo para chegar primeiro.","rel":"","context":"Em &quot;In\u00edcio&quot;","block_context":{"text":"In\u00edcio","link":"https:\/\/caetenews.com.br\/semana\/category\/tv-aberta\/"},"img":{"alt_text":"","src":"https:\/\/i0.wp.com\/caetenews.com.br\/semana\/wp-content\/uploads\/2021\/07\/comotreinaseu3.jpg?fit=600%2C338&ssl=1&resize=350%2C200","width":350,"height":200,"srcset":"https:\/\/i0.wp.com\/caetenews.com.br\/semana\/wp-content\/uploads\/2021\/07\/comotreinaseu3.jpg?fit=600%2C338&ssl=1&resize=350%2C200 1x, https:\/\/i0.wp.com\/caetenews.com.br\/semana\/wp-content\/uploads\/2021\/07\/comotreinaseu3.jpg?fit=600%2C338&ssl=1&resize=525%2C300 1.5x"},"classes":[]},{"id":4068,"url":"https:\/\/caetenews.com.br\/semana\/temporada-3-de-shtisel-estreia-na-netflix-nesta-quinta-dia-25\/","url_meta":{"origin":4304,"position":1},"title":"Temporada 3 de Shtisel estreia na Netflix nesta quinta, dia 25","author":"Paulo Ant\u00f4nio","date":"25\/03\/2021","format":false,"excerpt":"Shtisel Temporada 3 Estreia em 25 de mar\u00e7o Uma fam\u00edlia haredi que vive em um bairro ultra-ortodoxo de Jerusal\u00e9m lida com o amor, a perda e as tristezas da vida cotidiana. A terceira temporada ser\u00e1 composta por nove epis\u00f3dios. Estrelando:Doval'e Glickman,Michael Aloni,Ayelet Zurer Cria\u00e7\u00e3o:Ori Elon,Yehonatan Indursky Trailer original, legendado em\u2026","rel":"","context":"Em &quot;Netflix&quot;","block_context":{"text":"Netflix","link":"https:\/\/caetenews.com.br\/semana\/category\/netflix\/"},"img":{"alt_text":"Foto de divulga\u00e7\u00e3o","src":"https:\/\/i0.wp.com\/caetenews.com.br\/semana\/wp-content\/uploads\/2021\/03\/shitzel.jpg?fit=600%2C338&ssl=1&resize=350%2C200","width":350,"height":200,"srcset":"https:\/\/i0.wp.com\/caetenews.com.br\/semana\/wp-content\/uploads\/2021\/03\/shitzel.jpg?fit=600%2C338&ssl=1&resize=350%2C200 1x, https:\/\/i0.wp.com\/caetenews.com.br\/semana\/wp-content\/uploads\/2021\/03\/shitzel.jpg?fit=600%2C338&ssl=1&resize=525%2C300 1.5x"},"classes":[]},{"id":5493,"url":"https:\/\/caetenews.com.br\/semana\/o-terror-de-resident-evil-chega-na-serie-em-netflix-nesta-quinta-dia-14\/","url_meta":{"origin":4304,"position":2},"title":"O terror de Resident Evil chega na s\u00e9rie em Netflix nesta quinta, dia 14","author":"Paulo Ant\u00f4nio","date":"13\/07\/2022","format":false,"excerpt":"A s\u00e9rie Resident Evil \u00e9 ambientada no \u201cAno de 2036 \u2013 14 anos depois que um v\u00edrus mortal causou um apocalipse global. Jade Wesker luta pela sobreviv\u00eancia em...","rel":"","context":"Em &quot;Netflix&quot;","block_context":{"text":"Netflix","link":"https:\/\/caetenews.com.br\/semana\/category\/netflix\/"},"img":{"alt_text":"Foto de Resident Evil em Netflix","src":"https:\/\/i0.wp.com\/caetenews.com.br\/semana\/wp-content\/uploads\/2022\/07\/residentevil2-1.jpg?fit=600%2C360&ssl=1&resize=350%2C200","width":350,"height":200,"srcset":"https:\/\/i0.wp.com\/caetenews.com.br\/semana\/wp-content\/uploads\/2022\/07\/residentevil2-1.jpg?fit=600%2C360&ssl=1&resize=350%2C200 1x, https:\/\/i0.wp.com\/caetenews.com.br\/semana\/wp-content\/uploads\/2022\/07\/residentevil2-1.jpg?fit=600%2C360&ssl=1&resize=525%2C300 1.5x"},"classes":[]},{"id":4654,"url":"https:\/\/caetenews.com.br\/semana\/t-6-de-lucifer-e-esticando-a-festa-entre-as-estreias-de-setembro-na-netflix\/","url_meta":{"origin":4304,"position":3},"title":"T 6 de &#8216;L\u00facifer&#8217; e &#8216;Esticando a Festa&#8217; entre as estreias de setembro na Netflix","author":"Paulo Ant\u00f4nio","date":"30\/08\/2021","format":false,"excerpt":"Entre as estreias para setembro na Netflix est\u00e3o a temporada 6 de'L\u00facifer', a temporada 5 de ' La casa de papel', 'A Tia \u00e9 Top' e 'Esticando a Festa'...","rel":"","context":"Em &quot;Netflix&quot;","block_context":{"text":"Netflix","link":"https:\/\/caetenews.com.br\/semana\/category\/netflix\/"},"img":{"alt_text":"foto de Esticando a Festa a estrear na Netflix","src":"https:\/\/i0.wp.com\/caetenews.com.br\/semana\/wp-content\/uploads\/2021\/08\/esticandoafesta.jpg?fit=600%2C338&ssl=1&resize=350%2C200","width":350,"height":200,"srcset":"https:\/\/i0.wp.com\/caetenews.com.br\/semana\/wp-content\/uploads\/2021\/08\/esticandoafesta.jpg?fit=600%2C338&ssl=1&resize=350%2C200 1x, https:\/\/i0.wp.com\/caetenews.com.br\/semana\/wp-content\/uploads\/2021\/08\/esticandoafesta.jpg?fit=600%2C338&ssl=1&resize=525%2C300 1.5x"},"classes":[]},{"id":4822,"url":"https:\/\/caetenews.com.br\/semana\/serie-infantil-ada-batista-cientista-estreia-na-netflix-nesta-terca-28\/","url_meta":{"origin":4304,"position":4},"title":"S\u00e9rie infantil &#8216;Ada Batista, Cientista&#8217; estreia na Netflix nesta ter\u00e7a, 28","author":"Paulo Ant\u00f4nio","date":"28\/09\/2021","format":false,"excerpt":"Esta s\u00e9rie segue as aventuras de Ada Batista, uma pequena cientista de oito anos que \u00e9 dona de uma curiosidade gigante e quer descobrir a verdade sobre absolu...","rel":"","context":"Em &quot;Netflix&quot;","block_context":{"text":"Netflix","link":"https:\/\/caetenews.com.br\/semana\/category\/netflix\/"},"img":{"alt_text":"Foto de Ada Batista, Cientista, em Netflix","src":"https:\/\/i0.wp.com\/caetenews.com.br\/semana\/wp-content\/uploads\/2021\/09\/adabatista2.jpg?fit=600%2C360&ssl=1&resize=350%2C200","width":350,"height":200,"srcset":"https:\/\/i0.wp.com\/caetenews.com.br\/semana\/wp-content\/uploads\/2021\/09\/adabatista2.jpg?fit=600%2C360&ssl=1&resize=350%2C200 1x, https:\/\/i0.wp.com\/caetenews.com.br\/semana\/wp-content\/uploads\/2021\/09\/adabatista2.jpg?fit=600%2C360&ssl=1&resize=525%2C300 1.5x"},"classes":[]},{"id":4452,"url":"https:\/\/caetenews.com.br\/semana\/mestres-do-universo-e-cacadores-de-trolls-entre-as-estreias-na-netflix\/","url_meta":{"origin":4304,"position":5},"title":"Mestres do Universo e Ca\u00e7adores de Trolls entre as  estreias na Netflix","author":"Paulo Ant\u00f4nio","date":"23\/07\/2021","format":false,"excerpt":"Mestres do Universo e Ca\u00e7adores de Trolls entre as estreias da semana na Netflix....","rel":"","context":"Em &quot;Netflix&quot;","block_context":{"text":"Netflix","link":"https:\/\/caetenews.com.br\/semana\/category\/netflix\/"},"img":{"alt_text":"Foto de divulga\u00e7\u00e3o de Mestres do Universo: Salvando Eternia em estreia na Netflix","src":"https:\/\/i0.wp.com\/caetenews.com.br\/semana\/wp-content\/uploads\/2021\/07\/mestresdouni2.jpg?fit=600%2C359&ssl=1&resize=350%2C200","width":350,"height":200,"srcset":"https:\/\/i0.wp.com\/caetenews.com.br\/semana\/wp-content\/uploads\/2021\/07\/mestresdouni2.jpg?fit=600%2C359&ssl=1&resize=350%2C200 1x, https:\/\/i0.wp.com\/caetenews.com.br\/semana\/wp-content\/uploads\/2021\/07\/mestresdouni2.jpg?fit=600%2C359&ssl=1&resize=525%2C300 1.5x"},"classes":[]}],"_links":{"self":[{"href":"https:\/\/caetenews.com.br\/semana\/wp-json\/wp\/v2\/posts\/4304","targetHints":{"allow":["GET"]}}],"collection":[{"href":"https:\/\/caetenews.com.br\/semana\/wp-json\/wp\/v2\/posts"}],"about":[{"href":"https:\/\/caetenews.com.br\/semana\/wp-json\/wp\/v2\/types\/post"}],"author":[{"embeddable":true,"href":"https:\/\/caetenews.com.br\/semana\/wp-json\/wp\/v2\/users\/1"}],"replies":[{"embeddable":true,"href":"https:\/\/caetenews.com.br\/semana\/wp-json\/wp\/v2\/comments?post=4304"}],"version-history":[{"count":0,"href":"https:\/\/caetenews.com.br\/semana\/wp-json\/wp\/v2\/posts\/4304\/revisions"}],"wp:featuredmedia":[{"embeddable":true,"href":"https:\/\/caetenews.com.br\/semana\/wp-json\/wp\/v2\/media\/4305"}],"wp:attachment":[{"href":"https:\/\/caetenews.com.br\/semana\/wp-json\/wp\/v2\/media?parent=4304"}],"wp:term":[{"taxonomy":"category","embeddable":true,"href":"https:\/\/caetenews.com.br\/semana\/wp-json\/wp\/v2\/categories?post=4304"},{"taxonomy":"post_tag","embeddable":true,"href":"https:\/\/caetenews.com.br\/semana\/wp-json\/wp\/v2\/tags?post=4304"}],"curies":[{"name":"wp","href":"https:\/\/api.w.org\/{rel}","templated":true}]}}