{"id":4360,"date":"2021-11-15T16:12:38","date_gmt":"2021-11-15T19:12:38","guid":{"rendered":"https:\/\/caetenews.com.br\/semana\/?p=4360"},"modified":"2022-04-15T16:57:46","modified_gmt":"2022-04-15T19:57:46","slug":"preparacao-de-edicao","status":"publish","type":"post","link":"https:\/\/caetenews.com.br\/semana\/preparacao-de-edicao\/","title":{"rendered":"Drama de &#8216;Cora\u00e7\u00e3o Violento&#8217; estreia no Telecine nesta ter\u00e7a, dia 16"},"content":{"rendered":"<p><em>Not\u00edcias de Telecine:<\/em><\/p>\n<h3>Cora\u00e7\u00e3o Violento<\/h3>\n<p>(The Violent Heart)<br \/>\n<img data-recalc-dims=\"1\" fetchpriority=\"high\" decoding=\"async\" data-attachment-id=\"5379\" data-permalink=\"https:\/\/caetenews.com.br\/semana\/preparacao-de-edicao\/coracaoviolento2\/\" data-orig-file=\"https:\/\/i0.wp.com\/caetenews.com.br\/semana\/wp-content\/uploads\/2021\/11\/coracaoviolento2.jpg?fit=600%2C360&amp;ssl=1\" data-orig-size=\"600,360\" data-comments-opened=\"0\" data-image-meta=\"{&quot;aperture&quot;:&quot;0&quot;,&quot;credit&quot;:&quot;&quot;,&quot;camera&quot;:&quot;&quot;,&quot;caption&quot;:&quot;&quot;,&quot;created_timestamp&quot;:&quot;0&quot;,&quot;copyright&quot;:&quot;&quot;,&quot;focal_length&quot;:&quot;0&quot;,&quot;iso&quot;:&quot;0&quot;,&quot;shutter_speed&quot;:&quot;0&quot;,&quot;title&quot;:&quot;&quot;,&quot;orientation&quot;:&quot;0&quot;}\" data-image-title=\"Cora\u00e7\u00e3o Violento\" data-image-description=\"\" data-image-caption=\"\" data-large-file=\"https:\/\/i0.wp.com\/caetenews.com.br\/semana\/wp-content\/uploads\/2021\/11\/coracaoviolento2.jpg?fit=600%2C360&amp;ssl=1\" src=\"https:\/\/i0.wp.com\/caetenews.com.br\/semana\/wp-content\/uploads\/2021\/11\/coracaoviolento2.jpg?resize=600%2C360&#038;ssl=1\" alt=\"Cora\u00e7\u00e3o Violento, em Telecine\" width=\"600\" height=\"360\" class=\"alignnone size-full wp-image-5379\" \/><br \/>\nDrama, Drama Rom\u00e2ntico<br \/>\n<strong>Estreia em 16 de novembro<\/strong><br \/>\nDire\u00e7\u00e3o: Kerem Sanga<br \/>\nCom Jovan Adepo, Grace Van Patten, Lucas Haas, Mary J. Blige<br \/>\nEUA\/2020<br \/>\nO jovem Daniel (Jovan Adepo) se v\u00ea apaixonado pela estudante Cassie (Grace Van Patten), alguns anos mais nova que ele. Apesar do sentimento m\u00fatuo, o contexto onde cada um est\u00e1 inserido acaba dificultando a rela\u00e7\u00e3o. Enquanto Cassie lida com a fam\u00edlia racista, Daniel tenta se reconstituir ap\u00f3s uma trag\u00e9dia familiar.<\/p>\n<h3>Saiba mais<\/h3>\n<p><a href=\"https:\/\/www.tvnovelas.com.br\/filmes\/\" target=\"_blank\" rel=\"noopener noreferrer\"><strong>Programa\u00e7\u00e3o de filmes na TV aberta<\/strong><\/a><br \/>\n<a href=\"https:\/\/tvnovelas.com.br\/filmes\/os-filmes-e-series-que-estreiam-na-netflix-em-novembro-21\/\" target=\"_blank\" rel=\"noopener noreferrer\"><strong>Estreias de in\u00e9ditos na Netflix no m\u00eas de novembro\/2021<\/strong><\/a><br \/>\n<a href=\"https:\/\/tvnovelas.com.br\/filmes\/filmes-e-series-ineditos-em-estreia-na-semana-na-netflix\/\" target=\"_blank\" rel=\"noopener noreferrer\"><strong>Estreias da semana na Netflix<\/strong><\/a><br \/>\n<a href=\"https:\/\/tvnovelas.com.br\/filmes\/o-que-ha-de-novo-no-globoplay\/\" target=\"_blank\" rel=\"noopener noreferrer\"><strong>Estreias e novidades no Globoplay<\/strong><\/a><br \/>\n<a href=\"\/\/tvnovelas.com.br\/filmes\/filmes-em-estreia-nos-cinemas\/\" target=\"_blank\" rel=\"noopener noreferrer\"><strong>Estreias e novidades no Cinema<\/strong><\/a><br \/>\n<a href=\"https:\/\/www.tvnovelas.com.br\/novelas\/\" target=\"_blank\" rel=\"noopener noreferrer\"><strong>Resumos de novelas<\/strong><\/a><br \/>\n<a href=\"https:\/\/caetenews.com.br\/semana\/filmes-da-globo-na-sessao-da-tarde-desta-semana\/\" target=\"_blank\" rel=\"noopener\"><strong>Confira os filmes da semana na Sess\u00e3o da Tarde<\/strong><\/a><\/p>\n","protected":false},"excerpt":{"rendered":"<p>Quando o ambicioso e arrumadinho Scott Turner herda o grande e indisciplinado Hooch, ele logo percebe que o cachorro que &#8230;<\/p>\n","protected":false},"author":1,"featured_media":5032,"comment_status":"closed","ping_status":"open","sticky":false,"template":"","format":"standard","meta":{"_monsterinsights_skip_tracking":false,"_monsterinsights_sitenote_active":false,"_monsterinsights_sitenote_note":"","_monsterinsights_sitenote_category":0,"_jetpack_memberships_contains_paid_content":false,"footnotes":"","jetpack_publicize_message":"","jetpack_publicize_feature_enabled":true,"jetpack_social_post_already_shared":false,"jetpack_social_options":{"image_generator_settings":{"template":"highway","default_image_id":0,"font":"","enabled":false},"version":2},"_wp_rev_ctl_limit":""},"categories":[204],"tags":[205],"class_list":["post-4360","post","type-post","status-publish","format-standard","has-post-thumbnail","hentry","category-telecine","tag-telecine"],"aioseo_notices":[],"jetpack_publicize_connections":[],"jetpack_featured_media_url":"https:\/\/i0.wp.com\/caetenews.com.br\/semana\/wp-content\/uploads\/2022\/07\/coracaoviolento.jpg?fit=600%2C360&ssl=1","jetpack_shortlink":"https:\/\/wp.me\/pcIKFi-18k","jetpack_sharing_enabled":true,"jetpack_likes_enabled":true,"jetpack-related-posts":[{"id":4657,"url":"https:\/\/caetenews.com.br\/semana\/panico-nas-alturas-estreia-no-telecine-nesta-segunda-dia-30\/","url_meta":{"origin":4360,"position":0},"title":"&#8216;P\u00e2nico nas Alturas&#8217; estreia no Telecine nesta segunda, dia 30","author":"Paulo Ant\u00f4nio","date":"30\/08\/2021","format":false,"excerpt":"Em 'P\u00e2nico nas Alturas' que estreia no Telecine nesta segunda, dia 30, Cinco adolescentes invadem um telef\u00e9rico na noite de R\u00e9veillon em busca...","rel":"","context":"Em &quot;_Telecine&quot;","block_context":{"text":"_Telecine","link":"https:\/\/caetenews.com.br\/semana\/category\/telecine\/"},"img":{"alt_text":"Foto de P\u00e2nico nas Alturas, em estreia no Telecine","src":"https:\/\/i0.wp.com\/caetenews.com.br\/semana\/wp-content\/uploads\/2021\/08\/paniconasalturas.jpg?fit=600%2C338&ssl=1&resize=350%2C200","width":350,"height":200,"srcset":"https:\/\/i0.wp.com\/caetenews.com.br\/semana\/wp-content\/uploads\/2021\/08\/paniconasalturas.jpg?fit=600%2C338&ssl=1&resize=350%2C200 1x, https:\/\/i0.wp.com\/caetenews.com.br\/semana\/wp-content\/uploads\/2021\/08\/paniconasalturas.jpg?fit=600%2C338&ssl=1&resize=525%2C300 1.5x"},"classes":[]},{"id":4703,"url":"https:\/\/caetenews.com.br\/semana\/doc-precisamos-falar-sobre-a-i-ja-esta-disponivel-no-telecine\/","url_meta":{"origin":4360,"position":1},"title":"Doc &#8216;Precisamos Falar Sobre A.I.&#8217; j\u00e1 est\u00e1 dispon\u00edvel no Telecine","author":"Paulo Ant\u00f4nio","date":"13\/09\/2021","format":false,"excerpt":"Precisamos Falar Sobre A.I., estreando no Telecine, traz m debate sobre o futuro da Intelig\u00eancia Artificial, analisando como ela pode...","rel":"","context":"Em &quot;_Telecine&quot;","block_context":{"text":"_Telecine","link":"https:\/\/caetenews.com.br\/semana\/category\/telecine\/"},"img":{"alt_text":"Foto de divulga\u00e7\u00e3o de Precisamos Falar Sobre A.I., em exibi\u00e7\u00e3o no Telecine","src":"https:\/\/i0.wp.com\/caetenews.com.br\/semana\/wp-content\/uploads\/2021\/09\/precisamosfalar.jpg?fit=600%2C338&ssl=1&resize=350%2C200","width":350,"height":200,"srcset":"https:\/\/i0.wp.com\/caetenews.com.br\/semana\/wp-content\/uploads\/2021\/09\/precisamosfalar.jpg?fit=600%2C338&ssl=1&resize=350%2C200 1x, https:\/\/i0.wp.com\/caetenews.com.br\/semana\/wp-content\/uploads\/2021\/09\/precisamosfalar.jpg?fit=600%2C338&ssl=1&resize=525%2C300 1.5x"},"classes":[]},{"id":4584,"url":"https:\/\/caetenews.com.br\/semana\/l-o-c-a-ja-esta-disponivel-no-telecine\/","url_meta":{"origin":4360,"position":2},"title":"L.O.C.A. j\u00e1 est\u00e1 dispon\u00edvel no Telecine","author":"Paulo Ant\u00f4nio","date":"16\/08\/2021","format":false,"excerpt":"Not\u00edcias do Telecine: L.O.C.A. Com\u00e9dia, Com\u00e9dia Rom\u00e2ntica Estreia em 15 de agosto Dire\u00e7\u00e3o: Claudia Jouvin Com Mariana Ximenes, Rafael Zulu, Valentina Bandeira, D\u00e9bora Lamm, F\u00e1bio Assun\u00e7\u00e3o, Cris Vianna, Roberta Rodrigues, Luis Miranda, \u00c9rico Br\u00e1s, Victor Lamoglia A jornalista Manuela (Mariana Ximenes) \u00e9 levada por Elena (D\u00e9bora Lamm) a um encontro\u2026","rel":"","context":"Em &quot;_Telecine&quot;","block_context":{"text":"_Telecine","link":"https:\/\/caetenews.com.br\/semana\/category\/telecine\/"},"img":{"alt_text":"Foto de divulga\u00e7\u00e3o do filme em exibi\u00e7\u00e3o no Telecine","src":"https:\/\/i0.wp.com\/caetenews.com.br\/semana\/wp-content\/uploads\/2021\/08\/loca2.jpg?fit=600%2C340&ssl=1&resize=350%2C200","width":350,"height":200,"srcset":"https:\/\/i0.wp.com\/caetenews.com.br\/semana\/wp-content\/uploads\/2021\/08\/loca2.jpg?fit=600%2C340&ssl=1&resize=350%2C200 1x, https:\/\/i0.wp.com\/caetenews.com.br\/semana\/wp-content\/uploads\/2021\/08\/loca2.jpg?fit=600%2C340&ssl=1&resize=525%2C300 1.5x"},"classes":[]},{"id":9529,"url":"https:\/\/caetenews.com.br\/semana\/netflix-on-novidades\/","url_meta":{"origin":4360,"position":3},"title":"On Netflix: Novidades","author":"Paulo Ant\u00f4nio","date":"22\/05\/2024","format":false,"excerpt":"On Netflix: Novidades. Filmes e s\u00e9ries em estreia e novidades da Netflix. Agora e em breve....","rel":"","context":"Em &quot;Netflix&quot;","block_context":{"text":"Netflix","link":"https:\/\/caetenews.com.br\/semana\/category\/netflix\/"},"img":{"alt_text":"Foto de Atlas, em Netflix On: Estreias","src":"https:\/\/i0.wp.com\/caetenews.com.br\/semana\/wp-content\/uploads\/2024\/05\/39542.jpg?fit=728%2C410&ssl=1&resize=350%2C200","width":350,"height":200,"srcset":"https:\/\/i0.wp.com\/caetenews.com.br\/semana\/wp-content\/uploads\/2024\/05\/39542.jpg?fit=728%2C410&ssl=1&resize=350%2C200 1x, https:\/\/i0.wp.com\/caetenews.com.br\/semana\/wp-content\/uploads\/2024\/05\/39542.jpg?fit=728%2C410&ssl=1&resize=525%2C300 1.5x, https:\/\/i0.wp.com\/caetenews.com.br\/semana\/wp-content\/uploads\/2024\/05\/39542.jpg?fit=728%2C410&ssl=1&resize=700%2C400 2x"},"classes":[]},{"id":4706,"url":"https:\/\/caetenews.com.br\/semana\/netflix-estreia-aluga-se-um-paraiso-nesta-terca-dia14\/","url_meta":{"origin":4360,"position":4},"title":"Netflix estreia &#8216;Aluga-se Um Para\u00edso&#8217; nesta ter\u00e7a, dia14","author":"Paulo Ant\u00f4nio","date":"14\/09\/2021","format":false,"excerpt":"Em Aluga-se Um Para\u00edso, estreando na Neflix, atentos a todas as carteiras e estilos, tr\u00eas especialistas guiam-nos pelo mundo das viagens em...","rel":"","context":"Em &quot;Netflix&quot;","block_context":{"text":"Netflix","link":"https:\/\/caetenews.com.br\/semana\/category\/netflix\/"},"img":{"alt_text":"Foto de Aluga-se Um Para\u00edso, em estreia na Netflix","src":"https:\/\/i0.wp.com\/caetenews.com.br\/semana\/wp-content\/uploads\/2021\/09\/alugaseumparaisot2.jpg?fit=600%2C395&ssl=1&resize=350%2C200","width":350,"height":200,"srcset":"https:\/\/i0.wp.com\/caetenews.com.br\/semana\/wp-content\/uploads\/2021\/09\/alugaseumparaisot2.jpg?fit=600%2C395&ssl=1&resize=350%2C200 1x, https:\/\/i0.wp.com\/caetenews.com.br\/semana\/wp-content\/uploads\/2021\/09\/alugaseumparaisot2.jpg?fit=600%2C395&ssl=1&resize=525%2C300 1.5x"},"classes":[]},{"id":4193,"url":"https:\/\/caetenews.com.br\/semana\/garota-de-fora-selena-e-monstro-estao-entre-as-estreias-da-netflix-em-maio\/","url_meta":{"origin":4360,"position":5},"title":"Garota de Fora, Selena e Monstro est\u00e3o entre as estreias da Netflix em maio","author":"Paulo Ant\u00f4nio","date":"01\/05\/2021","format":false,"excerpt":"Dia - Filme\/S\u00e9rie 04 - Selena: A S\u00e9rie - S\u00e9rie - Drama - Temporada 2 05 - Os Filhos de Sam: Loucura e Conspira\u00e7\u00e3o S\u00e9rie - Document\u00e1rios - Temporada 1 07 - Monstro - Filme\/ Drama 07 - Garota de Fora - S\u00e9rie - Suspense\/ Mist\u00e9rio -- Temporada 2 07\u2026","rel":"","context":"Em &quot;Netflix&quot;","block_context":{"text":"Netflix","link":"https:\/\/caetenews.com.br\/semana\/category\/netflix\/"},"img":{"alt_text":"Foto de divulga\u00e7\u00e3o","src":"https:\/\/i0.wp.com\/caetenews.com.br\/semana\/wp-content\/uploads\/2021\/05\/garotadefora.jpg?fit=600%2C338&ssl=1&resize=350%2C200","width":350,"height":200,"srcset":"https:\/\/i0.wp.com\/caetenews.com.br\/semana\/wp-content\/uploads\/2021\/05\/garotadefora.jpg?fit=600%2C338&ssl=1&resize=350%2C200 1x, https:\/\/i0.wp.com\/caetenews.com.br\/semana\/wp-content\/uploads\/2021\/05\/garotadefora.jpg?fit=600%2C338&ssl=1&resize=525%2C300 1.5x"},"classes":[]}],"_links":{"self":[{"href":"https:\/\/caetenews.com.br\/semana\/wp-json\/wp\/v2\/posts\/4360","targetHints":{"allow":["GET"]}}],"collection":[{"href":"https:\/\/caetenews.com.br\/semana\/wp-json\/wp\/v2\/posts"}],"about":[{"href":"https:\/\/caetenews.com.br\/semana\/wp-json\/wp\/v2\/types\/post"}],"author":[{"embeddable":true,"href":"https:\/\/caetenews.com.br\/semana\/wp-json\/wp\/v2\/users\/1"}],"replies":[{"embeddable":true,"href":"https:\/\/caetenews.com.br\/semana\/wp-json\/wp\/v2\/comments?post=4360"}],"version-history":[{"count":0,"href":"https:\/\/caetenews.com.br\/semana\/wp-json\/wp\/v2\/posts\/4360\/revisions"}],"wp:featuredmedia":[{"embeddable":true,"href":"https:\/\/caetenews.com.br\/semana\/wp-json\/wp\/v2\/media\/5032"}],"wp:attachment":[{"href":"https:\/\/caetenews.com.br\/semana\/wp-json\/wp\/v2\/media?parent=4360"}],"wp:term":[{"taxonomy":"category","embeddable":true,"href":"https:\/\/caetenews.com.br\/semana\/wp-json\/wp\/v2\/categories?post=4360"},{"taxonomy":"post_tag","embeddable":true,"href":"https:\/\/caetenews.com.br\/semana\/wp-json\/wp\/v2\/tags?post=4360"}],"curies":[{"name":"wp","href":"https:\/\/api.w.org\/{rel}","templated":true}]}}