{"id":4426,"date":"2021-07-16T11:24:45","date_gmt":"2021-07-16T14:24:45","guid":{"rendered":"https:\/\/caetenews.com.br\/semana\/?p=4426"},"modified":"2021-07-18T10:40:54","modified_gmt":"2021-07-18T13:40:54","slug":"serie-sobre-naomi-osaka-chega-ao-netflix-nesta-sexta-dia-16","status":"publish","type":"post","link":"https:\/\/caetenews.com.br\/semana\/serie-sobre-naomi-osaka-chega-ao-netflix-nesta-sexta-dia-16\/","title":{"rendered":"S\u00e9rie sobre Naomi Osaka chega ao Netflix nesta sexta, dia 16"},"content":{"rendered":"<p><img data-recalc-dims=\"1\" fetchpriority=\"high\" decoding=\"async\" data-attachment-id=\"4427\" data-permalink=\"https:\/\/caetenews.com.br\/semana\/serie-sobre-naomi-osaka-chega-ao-netflix-nesta-sexta-dia-16\/naomiosaka2\/\" data-orig-file=\"https:\/\/i0.wp.com\/caetenews.com.br\/semana\/wp-content\/uploads\/2021\/07\/naomiosaka2.jpg?fit=600%2C337&amp;ssl=1\" data-orig-size=\"600,337\" data-comments-opened=\"0\" data-image-meta=\"{&quot;aperture&quot;:&quot;0&quot;,&quot;credit&quot;:&quot;&quot;,&quot;camera&quot;:&quot;&quot;,&quot;caption&quot;:&quot;&quot;,&quot;created_timestamp&quot;:&quot;0&quot;,&quot;copyright&quot;:&quot;&quot;,&quot;focal_length&quot;:&quot;0&quot;,&quot;iso&quot;:&quot;0&quot;,&quot;shutter_speed&quot;:&quot;0&quot;,&quot;title&quot;:&quot;&quot;,&quot;orientation&quot;:&quot;0&quot;}\" data-image-title=\"Naomi Osaka\" data-image-description=\"\" data-image-caption=\"\" data-large-file=\"https:\/\/i0.wp.com\/caetenews.com.br\/semana\/wp-content\/uploads\/2021\/07\/naomiosaka2.jpg?fit=600%2C337&amp;ssl=1\" src=\"https:\/\/i0.wp.com\/caetenews.com.br\/semana\/wp-content\/uploads\/2021\/07\/naomiosaka2.jpg?resize=600%2C337&#038;ssl=1\" alt=\"foto de Naomi\" width=\"600\" height=\"337\" class=\"alignnone size-full wp-image-4427\" \/><\/p>\n<h3>Naomi Osaka &#8211; Estrela do T\u00eanis<\/h3>\n<p>S\u00e9rie &#8211; Document\u00e1rios<br \/>\n<strong>Estreia em 16 de julho<\/strong><br \/>\nQual \u00e9 a sensa\u00e7\u00e3o de ser uma das melhores jogadoras de t\u00e9nis do mundo? Um olhar \u00edntimo sobre a vida de Naomi Osaka, uma das mais dotadas e complexas atletas da sua gera\u00e7\u00e3o proporciona uma perspetiva sobre as duras decis\u00f5es e os incr\u00edveis triunfos que definem Naomi Osaka simultaneamente como uma superestrela de elite mundial e uma jovem a lidar com o mundo e sujeita a uma enorme press\u00e3o.<br \/>\nSinopse<br \/>\nEsta \u00edntima s\u00e9rie de tr\u00eas epis\u00f3dios explora a vida de uma das melhores jogadoras de t\u00e9nis do mundo: Naomi Osaka. Atrav\u00e9s um acesso in\u00e9dito, seguimos Osaka durante dois anos hist\u00f3ricos, durante os quais ela treina a sua capacidade desportiva, mas come\u00e7a tamb\u00e9m a encontrar a sua voz. Quer esteja a defender os t\u00edtulos do Grand Slam \u2014 enquanto usa uma m\u00e1scara em defesa das vidas afro-americanas \u2014 de luto pela perda inesperada do mentor Kobe Bryant, ou a encontrar a sua independ\u00eancia, os desafios que Naomi enfrenta a n\u00edvel pessoal come\u00e7am a coincidir com os que enfrenta na esfera p\u00fablica. Com uma abordagem emp\u00e1tica, a s\u00e9rie retrata o infernal programa de treinos e viagens de Osaka, explora as camadas de press\u00e3o a que est\u00e1 sujeita e revela como ela passa o tempo fora do court junto da fam\u00edlia e dos amigos mais chegados. Durante os epis\u00f3dios, tamb\u00e9m percorremos o globo com Osaka para explorar mais detalhadamente as suas ra\u00edzes haitianas, assim como para analisar a sua profunda rela\u00e7\u00e3o com o Jap\u00e3o, o pa\u00eds que representa. Os espetadores ficar\u00e3o a conhecer a honestidade frontal de Naomi e as suas vulnerabilidades enquanto ela tenta definir a sua identidade multicultural enquanto jovem atleta e l\u00edder em ascens\u00e3o.<br \/>\n<em>Trailer original, legendado<\/em><br \/>\n<iframe width=\"560\" height=\"315\" src=\"https:\/\/www.youtube.com\/embed\/OuBd0MyHXX8\" title=\"YouTube video player\" frameborder=\"0\" allow=\"accelerometer; autoplay; clipboard-write; encrypted-media; gyroscope; picture-in-picture\" allowfullscreen><\/iframe><\/p>\n<div class=\"fb-comments\" data-width=\"100%\" data-order-by=\"reverse_time\" data-numposts=\"5\"><\/div>\n<h3>\u00daltimas not\u00edcias:<\/p>\n<h3>\n<div class=\"pt-cv-wrapper\">Erro: visualiza\u00e7\u00e3o <strong>6bd8abdjeq<\/strong> pode n\u00e3o existir<\/div><\/p>\n<p><strong>Saiba mais<\/strong><\/p>\n<h2 style=\"background-color: #ffa500; font-family: arial; padding-left: 10px;\"><a href=\"https:\/\/www.tvnovelas.com.br\/filmes\/\" target=\"_blank\" rel=\"noopener noreferrer\">Programa\u00e7\u00e3o de filmes na TV aberta<\/a><\/h2>\n<p><iframe width=\"560\" height=\"315\" src=\"https:\/\/www.youtube.com\/embed\/DoUIwmIy2gQ\" title=\"YouTube video player\" frameborder=\"0\" allow=\"accelerometer; autoplay; clipboard-write; encrypted-media; gyroscope; picture-in-picture\" allowfullscreen><\/iframe><\/p>\n<h2 style=\"background-color: #ffa500; font-family: arial; padding-left: 10px;\"><a href=\"https:\/\/tvnovelas.com.br\/filmes\/estreias-da-netflix-em-julho-2021-com-a-temporada-3-de-virgin-river\/\" target=\"_blank\" rel=\"noopener noreferrer\">Estreias de in\u00e9ditos na Netflix no m\u00eas de julho\/2021<\/a><\/h2>\n<h2 style=\"background-color: #ffa500; font-family: arial; padding-left: 10px;\"><a href=\"https:\/\/tvnovelas.com.br\/filmes\/filmes-e-series-ineditos-em-estreia-na-semana-na-netflix\/\" target=\"_blank\" rel=\"noopener noreferrer\">Estreias na Netflix<\/a><\/h2>\n<h2 style=\"background-color: #ffa500; font-family: arial; padding-left: 10px;\"><a href=\"https:\/\/tvnovelas.com.br\/filmes\/o-que-ha-de-novo-no-globoplay\/\" target=\"_blank\" rel=\"noopener noreferrer\">Estreias e novidades no Globoplay<\/a><\/h2>\n<h2 style=\"background-color: #ffa500; font-family: arial; padding-left: 10px;\"><a href=\"https:\/\/www.tvnovelas.com.br\/tvshow\/programacao-de-jogos-de-futebol-ao-vivo-na-tv\/\" target=\"_blank\" rel=\"noopener noreferrer\">Futebol ao vivo na TV<\/a><\/h2>\n<h2 style=\"background-color: #ffa500; font-family: arial; padding-left: 10px;\"><a href=\"https:\/\/www.tvnovelas.com.br\/novelas\/\" target=\"_blank\" rel=\"noopener noreferrer\">Resumos de todas as novelas<\/a><\/h2>\n","protected":false},"excerpt":{"rendered":"<p>Naomi Osaka &#8211; Estrela do T\u00eanis S\u00e9rie &#8211; Document\u00e1rios Estreia em 16 de julho Qual \u00e9 a sensa\u00e7\u00e3o de ser uma das melhores jogadoras de t\u00e9nis do mundo? Um olhar \u00edntimo sobre a vida de Naomi Osaka, uma das mais dotadas e complexas atletas da sua gera\u00e7\u00e3o proporciona uma perspetiva sobre as duras decis\u00f5es e [&hellip;]<\/p>\n","protected":false},"author":1,"featured_media":4427,"comment_status":"closed","ping_status":"open","sticky":false,"template":"","format":"standard","meta":{"_monsterinsights_skip_tracking":false,"_monsterinsights_sitenote_active":false,"_monsterinsights_sitenote_note":"","_monsterinsights_sitenote_category":0,"_jetpack_memberships_contains_paid_content":false,"footnotes":"","jetpack_publicize_message":"","jetpack_publicize_feature_enabled":true,"jetpack_social_post_already_shared":true,"jetpack_social_options":{"image_generator_settings":{"template":"highway","default_image_id":0,"font":"","enabled":false},"version":2},"_wp_rev_ctl_limit":""},"categories":[105],"tags":[106],"class_list":["post-4426","post","type-post","status-publish","format-standard","has-post-thumbnail","hentry","category-netflix","tag-netflix"],"aioseo_notices":[],"jetpack_publicize_connections":[],"jetpack_featured_media_url":"https:\/\/i0.wp.com\/caetenews.com.br\/semana\/wp-content\/uploads\/2021\/07\/naomiosaka2.jpg?fit=600%2C337&ssl=1","jetpack_shortlink":"https:\/\/wp.me\/pcIKFi-19o","jetpack_sharing_enabled":true,"jetpack_likes_enabled":true,"jetpack-related-posts":[{"id":4524,"url":"https:\/\/caetenews.com.br\/semana\/historias-do-desporto-briga-na-nba-estreia-na-netflix-nesta-terca-dia-10\/","url_meta":{"origin":4426,"position":0},"title":"&#8216;Hist\u00f3rias do Desporto: Briga na NBA&#8217; estreia na Netflix nesta ter\u00e7a, dia 10","author":"Paulo Ant\u00f4nio","date":"10\/08\/2021","format":false,"excerpt":"Dos criadores de \"Wild Wild Country\" chega-nos uma s\u00e9rie documental de cinco epis\u00f3dios com uma perspetiva diferente sobre momentos....","rel":"","context":"Em &quot;Netflix&quot;","block_context":{"text":"Netflix","link":"https:\/\/caetenews.com.br\/semana\/category\/netflix\/"},"img":{"alt_text":"Foto de divulga\u00e7\u00e3o de Hist\u00f3rias do Desporto: Brigas na NBA","src":"https:\/\/i0.wp.com\/caetenews.com.br\/semana\/wp-content\/uploads\/2021\/08\/historiasnba.jpg?fit=600%2C338&ssl=1&resize=350%2C200","width":350,"height":200,"srcset":"https:\/\/i0.wp.com\/caetenews.com.br\/semana\/wp-content\/uploads\/2021\/08\/historiasnba.jpg?fit=600%2C338&ssl=1&resize=350%2C200 1x, https:\/\/i0.wp.com\/caetenews.com.br\/semana\/wp-content\/uploads\/2021\/08\/historiasnba.jpg?fit=600%2C338&ssl=1&resize=525%2C300 1.5x"},"classes":[]},{"id":4387,"url":"https:\/\/caetenews.com.br\/semana\/series-cat-people-e-apenas-caes-estreiam-na-netflix-nesta-quarta-dia-7-leia-e-veja\/","url_meta":{"origin":4426,"position":1},"title":"S\u00e9ries &#8220;Cat People&#8221; e &#8216;Apenas C\u00e3es&#8217; estreiam na Netflix nesta quarta, dia 7; leia e veja","author":"Paulo Ant\u00f4nio","date":"07\/07\/2021","format":false,"excerpt":"Apenas C\u00e3es 'O Melhor Amigo do Homem' Dogs S\u00e9rie - Document\u00e1ios Temporada 2 Estreia em 7 de julho Os nossos adorados melhores amigos est\u00e3o de volta! \"O Melhor Amigo do Homem\" regressa para explorar o inquebr\u00e1vel elo entre a humanidade e os c\u00e3es em quatro novos epis\u00f3dios \u00edntimos e ternurentos.\u2026","rel":"","context":"Em &quot;Netflix&quot;","block_context":{"text":"Netflix","link":"https:\/\/caetenews.com.br\/semana\/category\/netflix\/"},"img":{"alt_text":"","src":"https:\/\/i0.wp.com\/caetenews.com.br\/semana\/wp-content\/uploads\/2021\/07\/apenascaes.jpg?fit=600%2C337&ssl=1&resize=350%2C200","width":350,"height":200,"srcset":"https:\/\/i0.wp.com\/caetenews.com.br\/semana\/wp-content\/uploads\/2021\/07\/apenascaes.jpg?fit=600%2C337&ssl=1&resize=350%2C200 1x, https:\/\/i0.wp.com\/caetenews.com.br\/semana\/wp-content\/uploads\/2021\/07\/apenascaes.jpg?fit=600%2C337&ssl=1&resize=525%2C300 1.5x"},"classes":[]},{"id":4822,"url":"https:\/\/caetenews.com.br\/semana\/serie-infantil-ada-batista-cientista-estreia-na-netflix-nesta-terca-28\/","url_meta":{"origin":4426,"position":2},"title":"S\u00e9rie infantil &#8216;Ada Batista, Cientista&#8217; estreia na Netflix nesta ter\u00e7a, 28","author":"Paulo Ant\u00f4nio","date":"28\/09\/2021","format":false,"excerpt":"Esta s\u00e9rie segue as aventuras de Ada Batista, uma pequena cientista de oito anos que \u00e9 dona de uma curiosidade gigante e quer descobrir a verdade sobre absolu...","rel":"","context":"Em &quot;Netflix&quot;","block_context":{"text":"Netflix","link":"https:\/\/caetenews.com.br\/semana\/category\/netflix\/"},"img":{"alt_text":"Foto de Ada Batista, Cientista, em Netflix","src":"https:\/\/i0.wp.com\/caetenews.com.br\/semana\/wp-content\/uploads\/2021\/09\/adabatista2.jpg?fit=600%2C360&ssl=1&resize=350%2C200","width":350,"height":200,"srcset":"https:\/\/i0.wp.com\/caetenews.com.br\/semana\/wp-content\/uploads\/2021\/09\/adabatista2.jpg?fit=600%2C360&ssl=1&resize=350%2C200 1x, https:\/\/i0.wp.com\/caetenews.com.br\/semana\/wp-content\/uploads\/2021\/09\/adabatista2.jpg?fit=600%2C360&ssl=1&resize=525%2C300 1.5x"},"classes":[]},{"id":4706,"url":"https:\/\/caetenews.com.br\/semana\/netflix-estreia-aluga-se-um-paraiso-nesta-terca-dia14\/","url_meta":{"origin":4426,"position":3},"title":"Netflix estreia &#8216;Aluga-se Um Para\u00edso&#8217; nesta ter\u00e7a, dia14","author":"Paulo Ant\u00f4nio","date":"14\/09\/2021","format":false,"excerpt":"Em Aluga-se Um Para\u00edso, estreando na Neflix, atentos a todas as carteiras e estilos, tr\u00eas especialistas guiam-nos pelo mundo das viagens em...","rel":"","context":"Em &quot;Netflix&quot;","block_context":{"text":"Netflix","link":"https:\/\/caetenews.com.br\/semana\/category\/netflix\/"},"img":{"alt_text":"Foto de Aluga-se Um Para\u00edso, em estreia na Netflix","src":"https:\/\/i0.wp.com\/caetenews.com.br\/semana\/wp-content\/uploads\/2021\/09\/alugaseumparaisot2.jpg?fit=600%2C395&ssl=1&resize=350%2C200","width":350,"height":200,"srcset":"https:\/\/i0.wp.com\/caetenews.com.br\/semana\/wp-content\/uploads\/2021\/09\/alugaseumparaisot2.jpg?fit=600%2C395&ssl=1&resize=350%2C200 1x, https:\/\/i0.wp.com\/caetenews.com.br\/semana\/wp-content\/uploads\/2021\/09\/alugaseumparaisot2.jpg?fit=600%2C395&ssl=1&resize=525%2C300 1.5x"},"classes":[]},{"id":9517,"url":"https:\/\/caetenews.com.br\/semana\/as-forcas-armadas-mais-severas-do-mundo-na-netflix\/","url_meta":{"origin":4426,"position":4},"title":"As For\u00e7as Armadas Mais Severas do Mundo na Netflix","author":"Paulo Ant\u00f4nio","date":"20\/05\/2024","format":false,"excerpt":"As For\u00e7as Armadas Mais Severas... A s\u00e9rie 'As For\u00e7as Armadas Mais Severas do Mundo' estreia na Netflix nesta quarta-feira, dia 22....","rel":"","context":"Em &quot;Netflix&quot;","block_context":{"text":"Netflix","link":"https:\/\/caetenews.com.br\/semana\/category\/netflix\/"},"img":{"alt_text":"Foto em As For\u00e7as Armadas Mais Severas","src":"https:\/\/i0.wp.com\/caetenews.com.br\/semana\/wp-content\/uploads\/2024\/05\/39532.jpg?fit=728%2C410&ssl=1&resize=350%2C200","width":350,"height":200,"srcset":"https:\/\/i0.wp.com\/caetenews.com.br\/semana\/wp-content\/uploads\/2024\/05\/39532.jpg?fit=728%2C410&ssl=1&resize=350%2C200 1x, https:\/\/i0.wp.com\/caetenews.com.br\/semana\/wp-content\/uploads\/2024\/05\/39532.jpg?fit=728%2C410&ssl=1&resize=525%2C300 1.5x, https:\/\/i0.wp.com\/caetenews.com.br\/semana\/wp-content\/uploads\/2024\/05\/39532.jpg?fit=728%2C410&ssl=1&resize=700%2C400 2x"},"classes":[]},{"id":5456,"url":"https:\/\/caetenews.com.br\/semana\/temporada-3-de-the-umbrella-academy-esta-entre-as-estreias-na-netflix\/","url_meta":{"origin":4426,"position":5},"title":"Temporada 3 de &#8216;The Umbrella Academy&#8217; est\u00e1 entre as estreias na Netflix","author":"Paulo Ant\u00f4nio","date":"20\/06\/2022","format":false,"excerpt":"A temporada 3 da s\u00e9rie 'The Umbrella Academy' est\u00e1 entre as estreias na Netflix nesta semana de 20 a 26 de junho. Depois de impedir o fim do mundo em 1963, a Umbrella Academy volta para o presente...","rel":"","context":"Em &quot;Netflix&quot;","block_context":{"text":"Netflix","link":"https:\/\/caetenews.com.br\/semana\/category\/netflix\/"},"img":{"alt_text":"Foto de The Umbrella Academy, em Estreias na Netflix","src":"https:\/\/i0.wp.com\/caetenews.com.br\/semana\/wp-content\/uploads\/2022\/06\/theumbrela.jpg?fit=600%2C360&ssl=1&resize=350%2C200","width":350,"height":200,"srcset":"https:\/\/i0.wp.com\/caetenews.com.br\/semana\/wp-content\/uploads\/2022\/06\/theumbrela.jpg?fit=600%2C360&ssl=1&resize=350%2C200 1x, https:\/\/i0.wp.com\/caetenews.com.br\/semana\/wp-content\/uploads\/2022\/06\/theumbrela.jpg?fit=600%2C360&ssl=1&resize=525%2C300 1.5x"},"classes":[]}],"_links":{"self":[{"href":"https:\/\/caetenews.com.br\/semana\/wp-json\/wp\/v2\/posts\/4426","targetHints":{"allow":["GET"]}}],"collection":[{"href":"https:\/\/caetenews.com.br\/semana\/wp-json\/wp\/v2\/posts"}],"about":[{"href":"https:\/\/caetenews.com.br\/semana\/wp-json\/wp\/v2\/types\/post"}],"author":[{"embeddable":true,"href":"https:\/\/caetenews.com.br\/semana\/wp-json\/wp\/v2\/users\/1"}],"replies":[{"embeddable":true,"href":"https:\/\/caetenews.com.br\/semana\/wp-json\/wp\/v2\/comments?post=4426"}],"version-history":[{"count":0,"href":"https:\/\/caetenews.com.br\/semana\/wp-json\/wp\/v2\/posts\/4426\/revisions"}],"wp:featuredmedia":[{"embeddable":true,"href":"https:\/\/caetenews.com.br\/semana\/wp-json\/wp\/v2\/media\/4427"}],"wp:attachment":[{"href":"https:\/\/caetenews.com.br\/semana\/wp-json\/wp\/v2\/media?parent=4426"}],"wp:term":[{"taxonomy":"category","embeddable":true,"href":"https:\/\/caetenews.com.br\/semana\/wp-json\/wp\/v2\/categories?post=4426"},{"taxonomy":"post_tag","embeddable":true,"href":"https:\/\/caetenews.com.br\/semana\/wp-json\/wp\/v2\/tags?post=4426"}],"curies":[{"name":"wp","href":"https:\/\/api.w.org\/{rel}","templated":true}]}}