{"id":4463,"date":"2021-07-26T17:25:26","date_gmt":"2021-07-26T20:25:26","guid":{"rendered":"https:\/\/caetenews.com.br\/semana\/?p=4463"},"modified":"2021-07-26T17:25:26","modified_gmt":"2021-07-26T20:25:26","slug":"transformers-war-for-cybertron-o-reino-chega-a-netflix-quinta-dia-29","status":"publish","type":"post","link":"https:\/\/caetenews.com.br\/semana\/transformers-war-for-cybertron-o-reino-chega-a-netflix-quinta-dia-29\/","title":{"rendered":"Transformers: War for Cybertron: O Reino chega \u00e0 Netflix quinta, dia 29"},"content":{"rendered":"<p>Estreia em Netflix<\/p>\n<h3>Transformers: War for Cybertron: O Reino<\/h3>\n<p><img data-recalc-dims=\"1\" fetchpriority=\"high\" decoding=\"async\" data-attachment-id=\"4465\" data-permalink=\"https:\/\/caetenews.com.br\/semana\/transformers-war-for-cybertron-o-reino-chega-a-netflix-quinta-dia-29\/tranasformers\/\" data-orig-file=\"https:\/\/i0.wp.com\/caetenews.com.br\/semana\/wp-content\/uploads\/2021\/07\/tranasformers.jpg?fit=600%2C338&amp;ssl=1\" data-orig-size=\"600,338\" data-comments-opened=\"0\" data-image-meta=\"{&quot;aperture&quot;:&quot;0&quot;,&quot;credit&quot;:&quot;&quot;,&quot;camera&quot;:&quot;&quot;,&quot;caption&quot;:&quot;&quot;,&quot;created_timestamp&quot;:&quot;0&quot;,&quot;copyright&quot;:&quot;&quot;,&quot;focal_length&quot;:&quot;0&quot;,&quot;iso&quot;:&quot;0&quot;,&quot;shutter_speed&quot;:&quot;0&quot;,&quot;title&quot;:&quot;&quot;,&quot;orientation&quot;:&quot;0&quot;}\" data-image-title=\"Transformers: War for Cybertron: O Reino\" data-image-description=\"\" data-image-caption=\"\" data-large-file=\"https:\/\/i0.wp.com\/caetenews.com.br\/semana\/wp-content\/uploads\/2021\/07\/tranasformers.jpg?fit=600%2C338&amp;ssl=1\" src=\"https:\/\/i0.wp.com\/caetenews.com.br\/semana\/wp-content\/uploads\/2021\/07\/tranasformers.jpg?resize=600%2C338&#038;ssl=1\" alt=\"Foto de divulga\u00e7\u00e3o, em Netflix\" width=\"600\" height=\"338\" class=\"alignnone size-full wp-image-4465\" \/><br \/>\nS\u00e9rie &#8211; Anime\/A\u00e7\u00e3o\/Fic\u00e7\u00e3o cient\u00edfica<br \/>\n<strong>Estreia em 29 de julho<\/strong><br \/>\nAp\u00f3s uma aterrissagem de emerg\u00eancia na Terra, um confronto entre os Autobots e Decepticons com duas fac\u00e7\u00f5es rivais de Cybertron, vindas de um futuro criado por um conflito entre eles mesmos, marca a estreia dos her\u00f3is e vil\u00f5es da cl\u00e1ssica s\u00e9rie &#8216;Beast Wars: Transformers&#8217; em &#8216;War for Cybertron&#8217;. Os Autobots precisam se juntar aos Maximals para enfrentar os Decepticons, que uniram for\u00e7as com os Predacons, na busca pelo AllSpark desaparecido. Por\u00e9m, os Predacons est\u00e3o no controle do Disco Dourado, um artefato misterioso com o qual Megatron tem uma conex\u00e3o pessoal que d\u00e1 a ele uma grande vantagem sobre o inimigo, Optimus Prime. Qual fac\u00e7\u00e3o vai vencer a batalha final e decidir o destino de Cybertron?<br \/>\n<iframe width=\"560\" height=\"315\" src=\"https:\/\/www.youtube.com\/embed\/u6yc2lhEoJo\" title=\"YouTube video player\" frameborder=\"0\" allow=\"accelerometer; autoplay; clipboard-write; encrypted-media; gyroscope; picture-in-picture\" allowfullscreen><\/iframe><\/p>\n","protected":false},"excerpt":{"rendered":"<p>Na Neflix: Ap\u00f3s uma aterrissagem de emerg\u00eancia na Terra, um confronto entre os Autobots e Decepticons com duas fac\u00e7\u00f5es rivais de Cybertron&#8230;<\/p>\n","protected":false},"author":1,"featured_media":0,"comment_status":"closed","ping_status":"open","sticky":false,"template":"","format":"standard","meta":{"_monsterinsights_skip_tracking":false,"_monsterinsights_sitenote_active":false,"_monsterinsights_sitenote_note":"","_monsterinsights_sitenote_category":0,"_jetpack_memberships_contains_paid_content":false,"footnotes":"","jetpack_publicize_message":"","jetpack_publicize_feature_enabled":true,"jetpack_social_post_already_shared":true,"jetpack_social_options":{"image_generator_settings":{"template":"highway","default_image_id":0,"font":"","enabled":false},"version":2},"_wp_rev_ctl_limit":""},"categories":[105],"tags":[106],"class_list":["post-4463","post","type-post","status-publish","format-standard","hentry","category-netflix","tag-netflix"],"aioseo_notices":[],"jetpack_publicize_connections":[],"jetpack_featured_media_url":"","jetpack_shortlink":"https:\/\/wp.me\/pcIKFi-19Z","jetpack_sharing_enabled":true,"jetpack_likes_enabled":true,"jetpack-related-posts":[{"id":4452,"url":"https:\/\/caetenews.com.br\/semana\/mestres-do-universo-e-cacadores-de-trolls-entre-as-estreias-na-netflix\/","url_meta":{"origin":4463,"position":0},"title":"Mestres do Universo e Ca\u00e7adores de Trolls entre as  estreias na Netflix","author":"Paulo Ant\u00f4nio","date":"23\/07\/2021","format":false,"excerpt":"Mestres do Universo e Ca\u00e7adores de Trolls entre as estreias da semana na Netflix....","rel":"","context":"Em &quot;Netflix&quot;","block_context":{"text":"Netflix","link":"https:\/\/caetenews.com.br\/semana\/category\/netflix\/"},"img":{"alt_text":"Foto de divulga\u00e7\u00e3o de Mestres do Universo: Salvando Eternia em estreia na Netflix","src":"https:\/\/i0.wp.com\/caetenews.com.br\/semana\/wp-content\/uploads\/2021\/07\/mestresdouni2.jpg?fit=600%2C359&ssl=1&resize=350%2C200","width":350,"height":200,"srcset":"https:\/\/i0.wp.com\/caetenews.com.br\/semana\/wp-content\/uploads\/2021\/07\/mestresdouni2.jpg?fit=600%2C359&ssl=1&resize=350%2C200 1x, https:\/\/i0.wp.com\/caetenews.com.br\/semana\/wp-content\/uploads\/2021\/07\/mestresdouni2.jpg?fit=600%2C359&ssl=1&resize=525%2C300 1.5x"},"classes":[]},{"id":4184,"url":"https:\/\/caetenews.com.br\/semana\/sussurros-das-trevas-estreia-na-netflix-nesta-quinta-dia-29\/","url_meta":{"origin":4463,"position":1},"title":"&#8216;Sussurros das Trevas&#8217; estreia na Netflix nesta quinta, dia 29","author":"Paulo Ant\u00f4nio","date":"29\/04\/2021","format":false,"excerpt":"Vozes e Vultos (Sussurros das Trevas) Filme - Suspense\/ Sobrenaturais Estreia em 29 de abril Dire\u00e7\u00e3o: Robert Pulcini\/ Shari Springer Berman Elenco: Amanda Seyfried, James Norton, Natalia Dyer, Alex Neustaedter, F. Murray Abraham, Rhea Seehorn, Michael O'Keefe, Karen Allen, Jack Gore, James Urbaniak, Ana Sophia Heger Roteiro: Shari Springer Berman,\u2026","rel":"","context":"Em &quot;Netflix&quot;","block_context":{"text":"Netflix","link":"https:\/\/caetenews.com.br\/semana\/category\/netflix\/"},"img":{"alt_text":"foto de divulga\u00e7\u00e3o","src":"https:\/\/i0.wp.com\/caetenews.com.br\/semana\/wp-content\/uploads\/2021\/04\/vozesevultos.jpg?fit=600%2C340&ssl=1&resize=350%2C200","width":350,"height":200,"srcset":"https:\/\/i0.wp.com\/caetenews.com.br\/semana\/wp-content\/uploads\/2021\/04\/vozesevultos.jpg?fit=600%2C340&ssl=1&resize=350%2C200 1x, https:\/\/i0.wp.com\/caetenews.com.br\/semana\/wp-content\/uploads\/2021\/04\/vozesevultos.jpg?fit=600%2C340&ssl=1&resize=525%2C300 1.5x"},"classes":[]},{"id":4654,"url":"https:\/\/caetenews.com.br\/semana\/t-6-de-lucifer-e-esticando-a-festa-entre-as-estreias-de-setembro-na-netflix\/","url_meta":{"origin":4463,"position":2},"title":"T 6 de &#8216;L\u00facifer&#8217; e &#8216;Esticando a Festa&#8217; entre as estreias de setembro na Netflix","author":"Paulo Ant\u00f4nio","date":"30\/08\/2021","format":false,"excerpt":"Entre as estreias para setembro na Netflix est\u00e3o a temporada 6 de'L\u00facifer', a temporada 5 de ' La casa de papel', 'A Tia \u00e9 Top' e 'Esticando a Festa'...","rel":"","context":"Em &quot;Netflix&quot;","block_context":{"text":"Netflix","link":"https:\/\/caetenews.com.br\/semana\/category\/netflix\/"},"img":{"alt_text":"foto de Esticando a Festa a estrear na Netflix","src":"https:\/\/i0.wp.com\/caetenews.com.br\/semana\/wp-content\/uploads\/2021\/08\/esticandoafesta.jpg?fit=600%2C338&ssl=1&resize=350%2C200","width":350,"height":200,"srcset":"https:\/\/i0.wp.com\/caetenews.com.br\/semana\/wp-content\/uploads\/2021\/08\/esticandoafesta.jpg?fit=600%2C338&ssl=1&resize=350%2C200 1x, https:\/\/i0.wp.com\/caetenews.com.br\/semana\/wp-content\/uploads\/2021\/08\/esticandoafesta.jpg?fit=600%2C338&ssl=1&resize=525%2C300 1.5x"},"classes":[]},{"id":3951,"url":"https:\/\/caetenews.com.br\/semana\/serie-intervencao-canina-estreia-nesta-quarta-24-na-netflix\/","url_meta":{"origin":4463,"position":3},"title":"S\u00e9rie Interven\u00e7\u00e3o Canina estreia nesta quarta (24) na Netflix","author":"Paulo Ant\u00f4nio","date":"24\/02\/2021","format":false,"excerpt":"Interven\u00e7\u00e3o Canina S\u00e9rie Reality Show Estreia da temporada em 24 de fevereiro \"Interven\u00e7\u00e3o Canina\" acompanha o renomado adestrador Jas Leverette, dono de um dos maiores centros de adestramento de c\u00e3es da Calif\u00f3rnia. Em cada epis\u00f3dio, ele usa t\u00e9cnicas e m\u00e9todos pr\u00f3prios para trabalhar com v\u00e1rios tipos de cachorros e donos,\u2026","rel":"","context":"Em &quot;Netflix&quot;","block_context":{"text":"Netflix","link":"https:\/\/caetenews.com.br\/semana\/category\/netflix\/"},"img":{"alt_text":"","src":"https:\/\/i0.wp.com\/caetenews.com.br\/semana\/wp-content\/uploads\/2021\/02\/intervcanina.jpg?fit=600%2C338&ssl=1&resize=350%2C200","width":350,"height":200,"srcset":"https:\/\/i0.wp.com\/caetenews.com.br\/semana\/wp-content\/uploads\/2021\/02\/intervcanina.jpg?fit=600%2C338&ssl=1&resize=350%2C200 1x, https:\/\/i0.wp.com\/caetenews.com.br\/semana\/wp-content\/uploads\/2021\/02\/intervcanina.jpg?fit=600%2C338&ssl=1&resize=525%2C300 1.5x"},"classes":[]},{"id":3692,"url":"https:\/\/caetenews.com.br\/semana\/50m%c2%b2-e-abaixo-de-zero-estreiam-esta-semana-na-netflix\/","url_meta":{"origin":4463,"position":4},"title":"50m\u00b2 e &#8216;Abaixo de Zero&#8217; estreiam esta semana na Netflix","author":"Paulo Ant\u00f4nio","date":"24\/01\/2021","format":false,"excerpt":"50M2 S\u00e9rie Temporada em 27 de Janeiro Conseguir uma segunda chance \u00e9 f\u00e1cil, mas aproveit\u00e1-la pode ser um grande desafio. Criado pelo misterioso Servet Nadir, G\u00f6lge n\u00e3o se lembra da inf\u00e2ncia. A \u00fanica pista que tem sobre o pr\u00f3prio passado \u00e9 uma foto. Cansado de fazer o trabalho sujo de\u2026","rel":"","context":"Em &quot;Netflix&quot;","block_context":{"text":"Netflix","link":"https:\/\/caetenews.com.br\/semana\/category\/netflix\/"},"img":{"alt_text":"Foto de cena","src":"https:\/\/i0.wp.com\/caetenews.com.br\/semana\/wp-content\/uploads\/2021\/01\/50m2.jpg?fit=600%2C340&ssl=1&resize=350%2C200","width":350,"height":200,"srcset":"https:\/\/i0.wp.com\/caetenews.com.br\/semana\/wp-content\/uploads\/2021\/01\/50m2.jpg?fit=600%2C340&ssl=1&resize=350%2C200 1x, https:\/\/i0.wp.com\/caetenews.com.br\/semana\/wp-content\/uploads\/2021\/01\/50m2.jpg?fit=600%2C340&ssl=1&resize=525%2C300 1.5x"},"classes":[]},{"id":3955,"url":"https:\/\/caetenews.com.br\/semana\/serie-intervencao-canina-estreia-hoje-24-na-netflix\/","url_meta":{"origin":4463,"position":5},"title":"S\u00e9rie Interven\u00e7\u00e3o Canina estreia hoje (24) na Netflix","author":"Paulo Ant\u00f4nio","date":"24\/02\/2021","format":false,"excerpt":"Interven\u00e7\u00e3o Canina S\u00e9rie Reality Show Estreia da temporada em 24 de fevereiro \"Interven\u00e7\u00e3o Canina\" acompanha o renomado adestrador Jas Leverette, dono de um dos maiores centros de adestramento de c\u00e3es da Calif\u00f3rnia. Em cada epis\u00f3dio, ele usa t\u00e9cnicas e m\u00e9todos pr\u00f3prios para trabalhar com v\u00e1rios tipos de cachorros e donos,\u2026","rel":"","context":"Em &quot;In\u00edcio&quot;","block_context":{"text":"In\u00edcio","link":"https:\/\/caetenews.com.br\/semana\/category\/tv-aberta\/"},"img":{"alt_text":"","src":"https:\/\/i0.wp.com\/caetenews.com.br\/semana\/wp-content\/uploads\/2021\/02\/intervcanina.jpg?resize=350%2C200&ssl=1","width":350,"height":200,"srcset":"https:\/\/i0.wp.com\/caetenews.com.br\/semana\/wp-content\/uploads\/2021\/02\/intervcanina.jpg?resize=350%2C200&ssl=1 1x, https:\/\/i0.wp.com\/caetenews.com.br\/semana\/wp-content\/uploads\/2021\/02\/intervcanina.jpg?resize=525%2C300&ssl=1 1.5x"},"classes":[]}],"_links":{"self":[{"href":"https:\/\/caetenews.com.br\/semana\/wp-json\/wp\/v2\/posts\/4463","targetHints":{"allow":["GET"]}}],"collection":[{"href":"https:\/\/caetenews.com.br\/semana\/wp-json\/wp\/v2\/posts"}],"about":[{"href":"https:\/\/caetenews.com.br\/semana\/wp-json\/wp\/v2\/types\/post"}],"author":[{"embeddable":true,"href":"https:\/\/caetenews.com.br\/semana\/wp-json\/wp\/v2\/users\/1"}],"replies":[{"embeddable":true,"href":"https:\/\/caetenews.com.br\/semana\/wp-json\/wp\/v2\/comments?post=4463"}],"version-history":[{"count":0,"href":"https:\/\/caetenews.com.br\/semana\/wp-json\/wp\/v2\/posts\/4463\/revisions"}],"wp:attachment":[{"href":"https:\/\/caetenews.com.br\/semana\/wp-json\/wp\/v2\/media?parent=4463"}],"wp:term":[{"taxonomy":"category","embeddable":true,"href":"https:\/\/caetenews.com.br\/semana\/wp-json\/wp\/v2\/categories?post=4463"},{"taxonomy":"post_tag","embeddable":true,"href":"https:\/\/caetenews.com.br\/semana\/wp-json\/wp\/v2\/tags?post=4463"}],"curies":[{"name":"wp","href":"https:\/\/api.w.org\/{rel}","templated":true}]}}