{"id":4472,"date":"2021-07-29T10:16:24","date_gmt":"2021-07-29T13:16:24","guid":{"rendered":"https:\/\/caetenews.com.br\/semana\/?p=4472"},"modified":"2021-07-29T10:16:24","modified_gmt":"2021-07-29T13:16:24","slug":"fugindo-do-amor-entre-as-novidades-da-netflix-nesta-quinta-29","status":"publish","type":"post","link":"https:\/\/caetenews.com.br\/semana\/fugindo-do-amor-entre-as-novidades-da-netflix-nesta-quinta-29\/","title":{"rendered":"&#8216;Fugindo do Amor&#8217; entre as novidades da Netflix nesta quinta, 29"},"content":{"rendered":"<p><img data-recalc-dims=\"1\" fetchpriority=\"high\" decoding=\"async\" data-attachment-id=\"4473\" data-permalink=\"https:\/\/caetenews.com.br\/semana\/fugindo-do-amor-entre-as-novidades-da-netflix-nesta-quinta-29\/fugindodoamor2\/\" data-orig-file=\"https:\/\/i0.wp.com\/caetenews.com.br\/semana\/wp-content\/uploads\/2021\/07\/fugindodoamor2.jpg?fit=600%2C348&amp;ssl=1\" data-orig-size=\"600,348\" data-comments-opened=\"0\" data-image-meta=\"{&quot;aperture&quot;:&quot;0&quot;,&quot;credit&quot;:&quot;&quot;,&quot;camera&quot;:&quot;&quot;,&quot;caption&quot;:&quot;&quot;,&quot;created_timestamp&quot;:&quot;0&quot;,&quot;copyright&quot;:&quot;&quot;,&quot;focal_length&quot;:&quot;0&quot;,&quot;iso&quot;:&quot;0&quot;,&quot;shutter_speed&quot;:&quot;0&quot;,&quot;title&quot;:&quot;&quot;,&quot;orientation&quot;:&quot;0&quot;}\" data-image-title=\"Fugindo do Amor\" data-image-description=\"\" data-image-caption=\"\" data-large-file=\"https:\/\/i0.wp.com\/caetenews.com.br\/semana\/wp-content\/uploads\/2021\/07\/fugindodoamor2.jpg?fit=600%2C348&amp;ssl=1\" src=\"https:\/\/i0.wp.com\/caetenews.com.br\/semana\/wp-content\/uploads\/2021\/07\/fugindodoamor2.jpg?resize=600%2C348&#038;ssl=1\" alt=\"Foto de divulga\u00e7\u00e3o de Fugindo do Amor em estreia na Netflix\" width=\"600\" height=\"348\" class=\"alignnone size-full wp-image-4473\" \/><br \/>\n&#8216;Fugindo do Amor&#8217;<br \/>\nFilme &#8211; Romance\/Com\u00e9dia<br \/>\nEstreia em 29 de julho<\/p>\n<p>Esta com\u00e9dia rom\u00e2ntica gira em torno de Erica (Christina Milian). A mo\u00e7a sonha em ser uma estrela do pop, mas acaba aceitando fazer um show em um resort de luxo nas Ilhas Maur\u00edcio, sem saber que o evento \u00e9 o casamento do ex, Jason (Jay Pharoah). Quando percebe onde se meteu, Erica tenta evitar que a noiva, Beverly, descubra essa hist\u00f3ria, mas se d\u00e1 conta de que ainda est\u00e1 apaixonada pelo ex. Ainda por cima, o irm\u00e3o do noivo, Caleb (Sinqua Walls) faz de tudo para impedir que os dois voltem a estar juntos. Essa hist\u00f3ria rom\u00e2ntica, emocionante e divertida explora os la\u00e7os amorosos e de fam\u00edlia. Mas a grande pergunta \u00e9: no fim das contas, quem vai se casar com Jason?<br \/>\nEm Fugindo do Amor: Christina Milian,Jay Pharoah,Sinqua Walls<br \/>\n<iframe width=\"560\" height=\"315\" src=\"https:\/\/www.youtube.com\/embed\/mHPNYVyMXtw\" title=\"YouTube video player\" frameborder=\"0\" allow=\"accelerometer; autoplay; clipboard-write; encrypted-media; gyroscope; picture-in-picture\" allowfullscreen><\/iframe><\/p>\n<div class=\"fb-comments\" data-width=\"100%\" data-order-by=\"reverse_time\" data-numposts=\"5\"><\/div>\n<h3>\u00daltimas not\u00edcias:<\/p>\n<h3>\n<div class=\"pt-cv-wrapper\">Erro: visualiza\u00e7\u00e3o <strong>6bd8abdjeq<\/strong> pode n\u00e3o existir<\/div><\/p>\n<p><strong>Saiba mais<\/strong><\/p>\n<h2 style=\"background-color: #ffa500; font-family: arial; padding-left: 10px;\"><a href=\"https:\/\/www.tvnovelas.com.br\/filmes\/\" target=\"_blank\" rel=\"noopener noreferrer\">Programa\u00e7\u00e3o de filmes na TV aberta<\/a><\/h2>\n<p><iframe width=\"560\" height=\"315\" src=\"https:\/\/www.youtube.com\/embed\/DoUIwmIy2gQ\" title=\"YouTube video player\" frameborder=\"0\" allow=\"accelerometer; autoplay; clipboard-write; encrypted-media; gyroscope; picture-in-picture\" allowfullscreen><\/iframe><\/p>\n<h2 style=\"background-color: #ffa500; font-family: arial; padding-left: 10px;\"><a href=\"https:\/\/tvnovelas.com.br\/filmes\/estreias-da-netflix-em-julho-2021-com-a-temporada-3-de-virgin-river\/\" target=\"_blank\" rel=\"noopener noreferrer\">Estreias de in\u00e9ditos na Netflix no m\u00eas de julho\/2021<\/a><\/h2>\n<h2 style=\"background-color: #ffa500; font-family: arial; padding-left: 10px;\"><a href=\"https:\/\/caetenews.com.br\/semana\/filmes-da-globo-na-sessao-da-tarde-desta-semana\/\" rel=\"noopener\" target=\"_blank\">Filmes da semana na Sess\u00e3o da Tarde<\/a><\/h2>\n","protected":false},"excerpt":{"rendered":"<p>&#8216;Fugindo do Amor&#8217;: Esta com\u00e9dia rom\u00e2ntica gira em torno de Erica (Christina Milian). A mo\u00e7a sonha em ser uma estrela do pop, mas acaba aceitando&#8230;.<\/p>\n","protected":false},"author":1,"featured_media":4473,"comment_status":"closed","ping_status":"open","sticky":false,"template":"","format":"standard","meta":{"_monsterinsights_skip_tracking":false,"_monsterinsights_sitenote_active":false,"_monsterinsights_sitenote_note":"","_monsterinsights_sitenote_category":0,"_jetpack_memberships_contains_paid_content":false,"footnotes":"","jetpack_publicize_message":"","jetpack_publicize_feature_enabled":true,"jetpack_social_post_already_shared":true,"jetpack_social_options":{"image_generator_settings":{"template":"highway","default_image_id":0,"font":"","enabled":false},"version":2},"_wp_rev_ctl_limit":""},"categories":[105],"tags":[106],"class_list":["post-4472","post","type-post","status-publish","format-standard","has-post-thumbnail","hentry","category-netflix","tag-netflix"],"aioseo_notices":[],"jetpack_publicize_connections":[],"jetpack_featured_media_url":"https:\/\/i0.wp.com\/caetenews.com.br\/semana\/wp-content\/uploads\/2021\/07\/fugindodoamor2.jpg?fit=600%2C348&ssl=1","jetpack_shortlink":"https:\/\/wp.me\/pcIKFi-1a8","jetpack_sharing_enabled":true,"jetpack_likes_enabled":true,"jetpack-related-posts":[{"id":6757,"url":"https:\/\/caetenews.com.br\/semana\/novo-na-netflix-amor-esquecido\/","url_meta":{"origin":4472,"position":0},"title":"Novo na Netflix: &#8216;Amor Esquecido&#8217;","author":"Paulo Ant\u00f4nio","date":"30\/09\/2023","format":false,"excerpt":"Novo na Netflix: Amor Esquecido, com Leszek Lichota, Maria Kowalska, Ignacy Liss \u00e9 baseado no romance polon\u00eas \u201cZnachor\u201d [O Quack] de Tadeusz Do\u0142\u0119ga-Mostowicz. A trama \u00e9 uma hist\u00f3ria...","rel":"","context":"Em &quot;Netflix&quot;","block_context":{"text":"Netflix","link":"https:\/\/caetenews.com.br\/semana\/category\/netflix\/"},"img":{"alt_text":"Foto de Novo na Netflix: Amor Esquecido","src":"https:\/\/i0.wp.com\/caetenews.com.br\/semana\/wp-content\/uploads\/2023\/09\/106.jpg?fit=728%2C410&ssl=1&resize=350%2C200","width":350,"height":200,"srcset":"https:\/\/i0.wp.com\/caetenews.com.br\/semana\/wp-content\/uploads\/2023\/09\/106.jpg?fit=728%2C410&ssl=1&resize=350%2C200 1x, https:\/\/i0.wp.com\/caetenews.com.br\/semana\/wp-content\/uploads\/2023\/09\/106.jpg?fit=728%2C410&ssl=1&resize=525%2C300 1.5x, https:\/\/i0.wp.com\/caetenews.com.br\/semana\/wp-content\/uploads\/2023\/09\/106.jpg?fit=728%2C410&ssl=1&resize=700%2C400 2x"},"classes":[]},{"id":4827,"url":"https:\/\/caetenews.com.br\/semana\/fomos-cancoes-com-maria-valverde-estreia-na-netflix-nesta-quarta-29\/","url_meta":{"origin":4472,"position":1},"title":"&#8216;Fomos Can\u00e7\u00f5es&#8217; com Mar\u00eda Valverde estreia na Netflix nesta quarta (29)","author":"Paulo Ant\u00f4nio","date":"29\/09\/2021","format":false,"excerpt":"Em Fomos Can\u00e7\u00f5es, em estreia na Netflix, Maca trabalha em moda e acabou de organizar a sua vida depois de uma separa\u00e7\u00e3o devastadora, at\u00e9 que Leo, o homem que lhe partiu o cora\u00e7\u00e3o, regressa.","rel":"","context":"Em &quot;Netflix&quot;","block_context":{"text":"Netflix","link":"https:\/\/caetenews.com.br\/semana\/category\/netflix\/"},"img":{"alt_text":"Foto de Fomos Can\u00e7\u00f5es, em Netflix","src":"https:\/\/i0.wp.com\/caetenews.com.br\/semana\/wp-content\/uploads\/2021\/09\/fomoscancoes2.jpg?fit=600%2C360&ssl=1&resize=350%2C200","width":350,"height":200,"srcset":"https:\/\/i0.wp.com\/caetenews.com.br\/semana\/wp-content\/uploads\/2021\/09\/fomoscancoes2.jpg?fit=600%2C360&ssl=1&resize=350%2C200 1x, https:\/\/i0.wp.com\/caetenews.com.br\/semana\/wp-content\/uploads\/2021\/09\/fomoscancoes2.jpg?fit=600%2C360&ssl=1&resize=525%2C300 1.5x"},"classes":[]},{"id":4248,"url":"https:\/\/caetenews.com.br\/semana\/temporada-3-de-master-of-none-estreia-na-netflix-nesta-semana\/","url_meta":{"origin":4472,"position":2},"title":"Temporada 3 de &#8216;Master of None&#8217; estreia na Netflix nesta semana","author":"Paulo Ant\u00f4nio","date":"16\/05\/2021","format":false,"excerpt":"Master of None S\u00e9rie - Com\u00e9dia\/ Drama Temporada 3 Estreia em 23 de maio \"Master of None\", a s\u00e9rie vencedora dos pr\u00e9mios Emmy, regressa com uma nova temporada que relata a rela\u00e7\u00e3o entre Denise (Lena Waithe, vencedora dos pr\u00e9mios Emmy) e a sua parceira Alicia (Naomi Ackie, vencedora dos pr\u00e9mios\u2026","rel":"","context":"Em &quot;Netflix&quot;","block_context":{"text":"Netflix","link":"https:\/\/caetenews.com.br\/semana\/category\/netflix\/"},"img":{"alt_text":"Foto de divulga\u00e7\u00e3o","src":"https:\/\/i0.wp.com\/caetenews.com.br\/semana\/wp-content\/uploads\/2021\/05\/masterofnone.jpg?fit=600%2C338&ssl=1&resize=350%2C200","width":350,"height":200,"srcset":"https:\/\/i0.wp.com\/caetenews.com.br\/semana\/wp-content\/uploads\/2021\/05\/masterofnone.jpg?fit=600%2C338&ssl=1&resize=350%2C200 1x, https:\/\/i0.wp.com\/caetenews.com.br\/semana\/wp-content\/uploads\/2021\/05\/masterofnone.jpg?fit=600%2C338&ssl=1&resize=525%2C300 1.5x"},"classes":[]},{"id":4654,"url":"https:\/\/caetenews.com.br\/semana\/t-6-de-lucifer-e-esticando-a-festa-entre-as-estreias-de-setembro-na-netflix\/","url_meta":{"origin":4472,"position":3},"title":"T 6 de &#8216;L\u00facifer&#8217; e &#8216;Esticando a Festa&#8217; entre as estreias de setembro na Netflix","author":"Paulo Ant\u00f4nio","date":"30\/08\/2021","format":false,"excerpt":"Entre as estreias para setembro na Netflix est\u00e3o a temporada 6 de'L\u00facifer', a temporada 5 de ' La casa de papel', 'A Tia \u00e9 Top' e 'Esticando a Festa'...","rel":"","context":"Em &quot;Netflix&quot;","block_context":{"text":"Netflix","link":"https:\/\/caetenews.com.br\/semana\/category\/netflix\/"},"img":{"alt_text":"foto de Esticando a Festa a estrear na Netflix","src":"https:\/\/i0.wp.com\/caetenews.com.br\/semana\/wp-content\/uploads\/2021\/08\/esticandoafesta.jpg?fit=600%2C338&ssl=1&resize=350%2C200","width":350,"height":200,"srcset":"https:\/\/i0.wp.com\/caetenews.com.br\/semana\/wp-content\/uploads\/2021\/08\/esticandoafesta.jpg?fit=600%2C338&ssl=1&resize=350%2C200 1x, https:\/\/i0.wp.com\/caetenews.com.br\/semana\/wp-content\/uploads\/2021\/08\/esticandoafesta.jpg?fit=600%2C338&ssl=1&resize=525%2C300 1.5x"},"classes":[]},{"id":4068,"url":"https:\/\/caetenews.com.br\/semana\/temporada-3-de-shtisel-estreia-na-netflix-nesta-quinta-dia-25\/","url_meta":{"origin":4472,"position":4},"title":"Temporada 3 de Shtisel estreia na Netflix nesta quinta, dia 25","author":"Paulo Ant\u00f4nio","date":"25\/03\/2021","format":false,"excerpt":"Shtisel Temporada 3 Estreia em 25 de mar\u00e7o Uma fam\u00edlia haredi que vive em um bairro ultra-ortodoxo de Jerusal\u00e9m lida com o amor, a perda e as tristezas da vida cotidiana. A terceira temporada ser\u00e1 composta por nove epis\u00f3dios. Estrelando:Doval'e Glickman,Michael Aloni,Ayelet Zurer Cria\u00e7\u00e3o:Ori Elon,Yehonatan Indursky Trailer original, legendado em\u2026","rel":"","context":"Em &quot;Netflix&quot;","block_context":{"text":"Netflix","link":"https:\/\/caetenews.com.br\/semana\/category\/netflix\/"},"img":{"alt_text":"Foto de divulga\u00e7\u00e3o","src":"https:\/\/i0.wp.com\/caetenews.com.br\/semana\/wp-content\/uploads\/2021\/03\/shitzel.jpg?fit=600%2C338&ssl=1&resize=350%2C200","width":350,"height":200,"srcset":"https:\/\/i0.wp.com\/caetenews.com.br\/semana\/wp-content\/uploads\/2021\/03\/shitzel.jpg?fit=600%2C338&ssl=1&resize=350%2C200 1x, https:\/\/i0.wp.com\/caetenews.com.br\/semana\/wp-content\/uploads\/2021\/03\/shitzel.jpg?fit=600%2C338&ssl=1&resize=525%2C300 1.5x"},"classes":[]},{"id":9529,"url":"https:\/\/caetenews.com.br\/semana\/netflix-on-novidades\/","url_meta":{"origin":4472,"position":5},"title":"On Netflix: Novidades","author":"Paulo Ant\u00f4nio","date":"22\/05\/2024","format":false,"excerpt":"On Netflix: Novidades. Filmes e s\u00e9ries em estreia e novidades da Netflix. Agora e em breve....","rel":"","context":"Em &quot;Netflix&quot;","block_context":{"text":"Netflix","link":"https:\/\/caetenews.com.br\/semana\/category\/netflix\/"},"img":{"alt_text":"Foto de Atlas, em Netflix On: Estreias","src":"https:\/\/i0.wp.com\/caetenews.com.br\/semana\/wp-content\/uploads\/2024\/05\/39542.jpg?fit=728%2C410&ssl=1&resize=350%2C200","width":350,"height":200,"srcset":"https:\/\/i0.wp.com\/caetenews.com.br\/semana\/wp-content\/uploads\/2024\/05\/39542.jpg?fit=728%2C410&ssl=1&resize=350%2C200 1x, https:\/\/i0.wp.com\/caetenews.com.br\/semana\/wp-content\/uploads\/2024\/05\/39542.jpg?fit=728%2C410&ssl=1&resize=525%2C300 1.5x, https:\/\/i0.wp.com\/caetenews.com.br\/semana\/wp-content\/uploads\/2024\/05\/39542.jpg?fit=728%2C410&ssl=1&resize=700%2C400 2x"},"classes":[]}],"_links":{"self":[{"href":"https:\/\/caetenews.com.br\/semana\/wp-json\/wp\/v2\/posts\/4472","targetHints":{"allow":["GET"]}}],"collection":[{"href":"https:\/\/caetenews.com.br\/semana\/wp-json\/wp\/v2\/posts"}],"about":[{"href":"https:\/\/caetenews.com.br\/semana\/wp-json\/wp\/v2\/types\/post"}],"author":[{"embeddable":true,"href":"https:\/\/caetenews.com.br\/semana\/wp-json\/wp\/v2\/users\/1"}],"replies":[{"embeddable":true,"href":"https:\/\/caetenews.com.br\/semana\/wp-json\/wp\/v2\/comments?post=4472"}],"version-history":[{"count":0,"href":"https:\/\/caetenews.com.br\/semana\/wp-json\/wp\/v2\/posts\/4472\/revisions"}],"wp:featuredmedia":[{"embeddable":true,"href":"https:\/\/caetenews.com.br\/semana\/wp-json\/wp\/v2\/media\/4473"}],"wp:attachment":[{"href":"https:\/\/caetenews.com.br\/semana\/wp-json\/wp\/v2\/media?parent=4472"}],"wp:term":[{"taxonomy":"category","embeddable":true,"href":"https:\/\/caetenews.com.br\/semana\/wp-json\/wp\/v2\/categories?post=4472"},{"taxonomy":"post_tag","embeddable":true,"href":"https:\/\/caetenews.com.br\/semana\/wp-json\/wp\/v2\/tags?post=4472"}],"curies":[{"name":"wp","href":"https:\/\/api.w.org\/{rel}","templated":true}]}}