{"id":4479,"date":"2021-07-29T10:51:25","date_gmt":"2021-07-29T13:51:25","guid":{"rendered":"https:\/\/caetenews.com.br\/semana\/?p=4479"},"modified":"2021-07-29T11:22:12","modified_gmt":"2021-07-29T14:22:12","slug":"serie-sobre-john-delorean-estreia-na-netflix-nesta-sexta-30","status":"publish","type":"post","link":"https:\/\/caetenews.com.br\/semana\/serie-sobre-john-delorean-estreia-na-netflix-nesta-sexta-30\/","title":{"rendered":"S\u00e9rie sobre John DeLorean estreia na Netflix nesta sexta, 30"},"content":{"rendered":"<p>Sobre John DeLorean:<\/p>\n<h3>Mito e Magnata: John DeLorean<\/h3>\n<p><img data-recalc-dims=\"1\" fetchpriority=\"high\" decoding=\"async\" data-attachment-id=\"4480\" data-permalink=\"https:\/\/caetenews.com.br\/semana\/serie-sobre-john-delorean-estreia-na-netflix-nesta-sexta-30\/mitoemagnata\/\" data-orig-file=\"https:\/\/i0.wp.com\/caetenews.com.br\/semana\/wp-content\/uploads\/2021\/07\/mitoemagnata.jpg?fit=600%2C338&amp;ssl=1\" data-orig-size=\"600,338\" data-comments-opened=\"0\" data-image-meta=\"{&quot;aperture&quot;:&quot;0&quot;,&quot;credit&quot;:&quot;&quot;,&quot;camera&quot;:&quot;&quot;,&quot;caption&quot;:&quot;&quot;,&quot;created_timestamp&quot;:&quot;0&quot;,&quot;copyright&quot;:&quot;&quot;,&quot;focal_length&quot;:&quot;0&quot;,&quot;iso&quot;:&quot;0&quot;,&quot;shutter_speed&quot;:&quot;0&quot;,&quot;title&quot;:&quot;&quot;,&quot;orientation&quot;:&quot;0&quot;}\" data-image-title=\"John DeLorean\" data-image-description=\"\" data-image-caption=\"\" data-large-file=\"https:\/\/i0.wp.com\/caetenews.com.br\/semana\/wp-content\/uploads\/2021\/07\/mitoemagnata.jpg?fit=600%2C338&amp;ssl=1\" src=\"https:\/\/i0.wp.com\/caetenews.com.br\/semana\/wp-content\/uploads\/2021\/07\/mitoemagnata.jpg?resize=600%2C338&#038;ssl=1\" alt=\"Foto de divulga\u00e7\u00e3o da s\u00e9rie John DeLorean\" width=\"600\" height=\"338\" class=\"alignnone size-full wp-image-4480\" \/><br \/>\nS\u00e9rie &#8211; Document\u00e1rio<br \/>\n<strong>Estreia em 30 de julho<\/strong><br \/>\nCom entrevistas exclusivas e imagens in\u00e9ditas gravadas pelo premiado diretor D.A Pennebaker (Bob Dylan: Don&#8217;t Look Back), esta s\u00e9rie documental em 3 partes conta a hist\u00f3ria do \u00edcone da ind\u00fastria automobil\u00edstica John DeLorean, s\u00edmbolo da cultura corporativa do final da d\u00e9cada de 1970, mostrando como ele cativou o mundo com sua vis\u00e3o para o futuro dos carros.<br \/>\n<em>Trailer original, em ingl\u00eas<\/em><br \/>\n<iframe width=\"560\" height=\"315\" src=\"https:\/\/www.youtube.com\/embed\/p8rWz9np3W4\" title=\"YouTube video player\" frameborder=\"0\" allow=\"accelerometer; autoplay; clipboard-write; encrypted-media; gyroscope; picture-in-picture\" allowfullscreen><\/iframe><\/p>\n<p><strong>Saiba mais<\/strong><\/p>\n<h2 style=\"background-color: #ffa500; font-family: arial; padding-left: 10px;\"><a href=\"https:\/\/www.tvnovelas.com.br\/filmes\/\" target=\"_blank\" rel=\"noopener noreferrer\">Programa\u00e7\u00e3o de filmes na TV aberta<\/a><\/h2>\n<p><iframe title=\"YouTube video player\" src=\"https:\/\/www.youtube.com\/embed\/DoUIwmIy2gQ\" width=\"560\" height=\"315\" frameborder=\"0\" allowfullscreen=\"allowfullscreen\"><\/iframe><\/p>\n<h2 style=\"background-color: #ffa500; font-family: arial; padding-left: 10px;\"><a href=\"https:\/\/tvnovelas.com.br\/filmes\/the-chair-valerie-2-e-todas-as-estreias-da-netflix-para-agosto\/\" target=\"_blank\" rel=\"noopener noreferrer\">Estreias de in\u00e9ditos na Netflix no m\u00eas de agosto\/2021<\/a><\/h2>\n<h2 style=\"background-color: #ffa500; font-family: arial; padding-left: 10px;\"><a href=\"https:\/\/tvnovelas.com.br\/filmes\/filmes-e-series-ineditos-em-estreia-na-semana-na-netflix\/\" target=\"_blank\" rel=\"noopener noreferrer\">Estreias da semana na Netflix<\/a><\/h2>\n<h2 style=\"background-color: #ffa500; font-family: arial; padding-left: 10px;\"><a href=\"https:\/\/tvnovelas.com.br\/filmes\/o-que-ha-de-novo-no-globoplay\/\" target=\"_blank\" rel=\"noopener noreferrer\">Estreias e novidades no Globoplay<\/a><\/h2>\n<h2 style=\"background-color: #ffa500; font-family: arial; padding-left: 10px;\"><a href=\"https:\/\/www.tvnovelas.com.br\/tvshow\/programacao-de-jogos-de-futebol-ao-vivo-na-tv\/\" target=\"_blank\" rel=\"noopener noreferrer\">Futebol ao vivo na TV<\/a><\/h2>\n<h2 style=\"background-color: #ffa500; font-family: arial; padding-left: 10px;\"><a href=\"https:\/\/www.tvnovelas.com.br\/novelas\/\" target=\"_blank\" rel=\"noopener noreferrer\">Resumos de todas as novelas<\/a><\/h2>\n<h2 style=\"background-color: #ffa500; font-family: arial; padding-left: 10px;\"><a href=\"https:\/\/caetenews.com.br\/semana\/filmes-da-globo-na-sessao-da-tarde-desta-semana\/\" target=\"_blank\" rel=\"noopener\">Filmes da semana na Sess\u00e3o da Tarde<\/a><\/h2>\n","protected":false},"excerpt":{"rendered":"<p>Mito e Magnata: John DeLorean, na Netflix: Com entrevistas exclusivas e imagens in\u00e9ditas gravadas pelo premiado diretor D.A Pennebaker <\/p>\n","protected":false},"author":1,"featured_media":0,"comment_status":"closed","ping_status":"open","sticky":false,"template":"","format":"standard","meta":{"_monsterinsights_skip_tracking":false,"_monsterinsights_sitenote_active":false,"_monsterinsights_sitenote_note":"","_monsterinsights_sitenote_category":0,"_jetpack_memberships_contains_paid_content":false,"footnotes":"","jetpack_publicize_message":"","jetpack_publicize_feature_enabled":true,"jetpack_social_post_already_shared":true,"jetpack_social_options":{"image_generator_settings":{"template":"highway","default_image_id":0,"font":"","enabled":false},"version":2},"_wp_rev_ctl_limit":""},"categories":[105],"tags":[],"class_list":["post-4479","post","type-post","status-publish","format-standard","hentry","category-netflix"],"aioseo_notices":[],"jetpack_publicize_connections":[],"jetpack_featured_media_url":"","jetpack_shortlink":"https:\/\/wp.me\/pcIKFi-1af","jetpack_sharing_enabled":true,"jetpack_likes_enabled":true,"jetpack-related-posts":[{"id":4496,"url":"https:\/\/caetenews.com.br\/semana\/o-esquadrao-suicida-estreia-nos-cinemas-nesta-quinta-dia-5\/","url_meta":{"origin":4479,"position":0},"title":"&#8216;O Esquadr\u00e3o Suicida&#8217; estreia nos cinemas nesta quinta, dia 5","author":"Paulo Ant\u00f4nio","date":"04\/08\/2021","format":false,"excerpt":"Esquadr\u00e3o Suicida: Bem-vindo ao inferno, tamb\u00e9m conhecido como Belle Reve, a penitenci\u00e1ria com a maior taxa de mortalidade...","rel":"","context":"Em &quot;Cinema&quot;","block_context":{"text":"Cinema","link":"https:\/\/caetenews.com.br\/semana\/category\/cinema\/"},"img":{"alt_text":"","src":"https:\/\/i0.wp.com\/caetenews.com.br\/semana\/wp-content\/uploads\/2021\/08\/esquadraosuicida2.jpg?fit=600%2C340&ssl=1&resize=350%2C200","width":350,"height":200,"srcset":"https:\/\/i0.wp.com\/caetenews.com.br\/semana\/wp-content\/uploads\/2021\/08\/esquadraosuicida2.jpg?fit=600%2C340&ssl=1&resize=350%2C200 1x, https:\/\/i0.wp.com\/caetenews.com.br\/semana\/wp-content\/uploads\/2021\/08\/esquadraosuicida2.jpg?fit=600%2C340&ssl=1&resize=525%2C300 1.5x"},"classes":[]},{"id":3754,"url":"https:\/\/caetenews.com.br\/semana\/vikings-valhalla-a-nova-serie-na-neflix-da-saga-vikings-ja-tem-elenco-confirmado\/","url_meta":{"origin":4479,"position":1},"title":"Conhe\u00e7a o elenco de Vikings: Valhalla, a nova s\u00e9rie na Neflix da saga Vikings","author":"Paulo Ant\u00f4nio","date":"29\/01\/2021","format":false,"excerpt":"Vikings: Valhalla, a nova s\u00e9rie da saga Vikings, com estreia exclusiva na Netflix, apresenta seu elenco, que conta com Sam Corlett, Frida Gustavsson, Leo Suter, Bradley Freegard, J\u00f3hannes J\u00f3hannesson, Laura Berlin, David Oakes e Caroline Henderson, al\u00e9m das participa\u00e7\u00f5es de Pollyanna McIntosh, Asbj\u00f8rn Krogh Nissen e muito mais. Outros atores\u2026","rel":"","context":"Em &quot;Netflix&quot;","block_context":{"text":"Netflix","link":"https:\/\/caetenews.com.br\/semana\/category\/netflix\/"},"img":{"alt_text":"","src":"https:\/\/i0.wp.com\/caetenews.com.br\/semana\/wp-content\/uploads\/2021\/01\/02-1.jpg?fit=600%2C338&ssl=1&resize=350%2C200","width":350,"height":200,"srcset":"https:\/\/i0.wp.com\/caetenews.com.br\/semana\/wp-content\/uploads\/2021\/01\/02-1.jpg?fit=600%2C338&ssl=1&resize=350%2C200 1x, https:\/\/i0.wp.com\/caetenews.com.br\/semana\/wp-content\/uploads\/2021\/01\/02-1.jpg?fit=600%2C338&ssl=1&resize=525%2C300 1.5x"},"classes":[]},{"id":5441,"url":"https:\/\/caetenews.com.br\/semana\/terra-de-ilusoes-internet-morte-e-mentiras-chega-a-netflix-nesta-quarta-dia-15\/","url_meta":{"origin":4479,"position":2},"title":"&#8216;Terra de Ilus\u00f5es: Internet, Morte e Mentiras&#8217; chega \u00e0 Netflix nesta quarta, dia 15","author":"Paulo Ant\u00f4nio","date":"15\/06\/2022","format":false,"excerpt":"Terra de Ilus\u00f5es: Internet, Morte e Mentiras, que estreia hoje na Netflix, \u00e9 uma s\u00e9rie de antologia em seis partes do diretor Brian Knappenberger, da Luminant Media...","rel":"","context":"Em &quot;Netflix&quot;","block_context":{"text":"Netflix","link":"https:\/\/caetenews.com.br\/semana\/category\/netflix\/"},"img":{"alt_text":"Foto de Terra de Ilus\u00f5es: Internet, Morte e Mentiras, em estrfeia na Netflix","src":"https:\/\/i0.wp.com\/caetenews.com.br\/semana\/wp-content\/uploads\/2022\/06\/terradeilusoes.jpg?fit=600%2C360&ssl=1&resize=350%2C200","width":350,"height":200,"srcset":"https:\/\/i0.wp.com\/caetenews.com.br\/semana\/wp-content\/uploads\/2022\/06\/terradeilusoes.jpg?fit=600%2C360&ssl=1&resize=350%2C200 1x, https:\/\/i0.wp.com\/caetenews.com.br\/semana\/wp-content\/uploads\/2022\/06\/terradeilusoes.jpg?fit=600%2C360&ssl=1&resize=525%2C300 1.5x"},"classes":[]},{"id":3879,"url":"https:\/\/caetenews.com.br\/semana\/ficcao-nova-ordem-espacial-entre-as-estreias-desta-sexta-5-na-netflix\/","url_meta":{"origin":4479,"position":3},"title":"Fic\u00e7\u00e3o Nova Ordem Espacial entre as estreias desta sexta (5) na Netflix","author":"Paulo Ant\u00f4nio","date":"05\/02\/2021","format":false,"excerpt":"Miss\u00e3o Victory (Nova Ordem Espacial) Filme\/Fic\u00e7\u00e3o cient\u00edfica\/A\u00e7\u00e3o\/ Aventura\/ Drama Estreia em 5 de fevereiro No ano de 2092, a nave espacial Victory \u00e9 uma das muitas que vive dos detritos espaciais que consegue recolher. A experiente e ecl\u00e9tica tripula\u00e7\u00e3o, da qual fazem parte o genial piloto espacial Tae-ho (Song Joong-ki),\u2026","rel":"","context":"Em &quot;Netflix&quot;","block_context":{"text":"Netflix","link":"https:\/\/caetenews.com.br\/semana\/category\/netflix\/"},"img":{"alt_text":"Foto de divulga\u00e7\u00e3o","src":"https:\/\/i0.wp.com\/caetenews.com.br\/semana\/wp-content\/uploads\/2021\/02\/operacaovictory.jpg?fit=600%2C338&ssl=1&resize=350%2C200","width":350,"height":200,"srcset":"https:\/\/i0.wp.com\/caetenews.com.br\/semana\/wp-content\/uploads\/2021\/02\/operacaovictory.jpg?fit=600%2C338&ssl=1&resize=350%2C200 1x, https:\/\/i0.wp.com\/caetenews.com.br\/semana\/wp-content\/uploads\/2021\/02\/operacaovictory.jpg?fit=600%2C338&ssl=1&resize=525%2C300 1.5x"},"classes":[]},{"id":4681,"url":"https:\/\/caetenews.com.br\/semana\/untold-federer-x-fish-estreia-na-netflix-nesta-terca-dia-7\/","url_meta":{"origin":4479,"position":4},"title":"Untold: Federer x Fish estreia na Netflix nesta ter\u00e7a, dia 7","author":"Paulo Ant\u00f4nio","date":"06\/09\/2021","format":false,"excerpt":"Untold: Federer x Fish estreia na Netflix: A hist\u00f3ria do tenista Mardy Fish foi marcada pelos treinos na famosa Saddlebrook Academy, ainda...","rel":"","context":"Em &quot;Netflix&quot;","block_context":{"text":"Netflix","link":"https:\/\/caetenews.com.br\/semana\/category\/netflix\/"},"img":{"alt_text":"Foto de Federer x Fish, em estreia na Netflix","src":"https:\/\/i0.wp.com\/caetenews.com.br\/semana\/wp-content\/uploads\/2021\/09\/federerfish.jpg?fit=600%2C360&ssl=1&resize=350%2C200","width":350,"height":200,"srcset":"https:\/\/i0.wp.com\/caetenews.com.br\/semana\/wp-content\/uploads\/2021\/09\/federerfish.jpg?fit=600%2C360&ssl=1&resize=350%2C200 1x, https:\/\/i0.wp.com\/caetenews.com.br\/semana\/wp-content\/uploads\/2021\/09\/federerfish.jpg?fit=600%2C360&ssl=1&resize=525%2C300 1.5x"},"classes":[]},{"id":4339,"url":"https:\/\/caetenews.com.br\/semana\/godzilla-ponto-singular-estreia-na-netflix-nesta-quinta-24\/","url_meta":{"origin":4479,"position":5},"title":"&#8216;Godzilla: Ponto Singular&#8217; estreia na Netflix nesta quinta (24)","author":"Paulo Ant\u00f4nio","date":"23\/06\/2021","format":false,"excerpt":"Godzilla: Ponto Singular Godzilla: Singularidades S\u00e9rie - Anim\u00e9\/A\u00e7\u00e3o\/Fic\u00e7\u00e3o Estreia em 24 de junho Godzilla Ponto Singular \u00e9 uma s\u00e9rie de anima\u00e7\u00e3o que marca o in\u00edcio de um novo projeto para Godzilla. Em 13 epis\u00f3dios, a s\u00e9rie apresenta uma hist\u00f3ria totalmente in\u00e9dita sobre um dos personagens mais emblem\u00e1ticos do Jap\u00e3o. Unidos\u2026","rel":"","context":"Em &quot;Netflix&quot;","block_context":{"text":"Netflix","link":"https:\/\/caetenews.com.br\/semana\/category\/netflix\/"},"img":{"alt_text":"Foto do cartaz de divulga\u00e7\u00e3o","src":"https:\/\/i0.wp.com\/caetenews.com.br\/semana\/wp-content\/uploads\/2021\/06\/godzilla.jpg?fit=600%2C338&ssl=1&resize=350%2C200","width":350,"height":200,"srcset":"https:\/\/i0.wp.com\/caetenews.com.br\/semana\/wp-content\/uploads\/2021\/06\/godzilla.jpg?fit=600%2C338&ssl=1&resize=350%2C200 1x, https:\/\/i0.wp.com\/caetenews.com.br\/semana\/wp-content\/uploads\/2021\/06\/godzilla.jpg?fit=600%2C338&ssl=1&resize=525%2C300 1.5x"},"classes":[]}],"_links":{"self":[{"href":"https:\/\/caetenews.com.br\/semana\/wp-json\/wp\/v2\/posts\/4479","targetHints":{"allow":["GET"]}}],"collection":[{"href":"https:\/\/caetenews.com.br\/semana\/wp-json\/wp\/v2\/posts"}],"about":[{"href":"https:\/\/caetenews.com.br\/semana\/wp-json\/wp\/v2\/types\/post"}],"author":[{"embeddable":true,"href":"https:\/\/caetenews.com.br\/semana\/wp-json\/wp\/v2\/users\/1"}],"replies":[{"embeddable":true,"href":"https:\/\/caetenews.com.br\/semana\/wp-json\/wp\/v2\/comments?post=4479"}],"version-history":[{"count":0,"href":"https:\/\/caetenews.com.br\/semana\/wp-json\/wp\/v2\/posts\/4479\/revisions"}],"wp:attachment":[{"href":"https:\/\/caetenews.com.br\/semana\/wp-json\/wp\/v2\/media?parent=4479"}],"wp:term":[{"taxonomy":"category","embeddable":true,"href":"https:\/\/caetenews.com.br\/semana\/wp-json\/wp\/v2\/categories?post=4479"},{"taxonomy":"post_tag","embeddable":true,"href":"https:\/\/caetenews.com.br\/semana\/wp-json\/wp\/v2\/tags?post=4479"}],"curies":[{"name":"wp","href":"https:\/\/api.w.org\/{rel}","templated":true}]}}