{"id":4520,"date":"2021-08-08T13:02:13","date_gmt":"2021-08-08T16:02:13","guid":{"rendered":"https:\/\/caetenews.com.br\/semana\/?p=4520"},"modified":"2021-08-08T13:04:35","modified_gmt":"2021-08-08T16:04:35","slug":"la-casa-de-papel-t-5-estreia-na-netflix-em-3-de-setembro","status":"publish","type":"post","link":"https:\/\/caetenews.com.br\/semana\/la-casa-de-papel-t-5-estreia-na-netflix-em-3-de-setembro\/","title":{"rendered":"&#8216;La Casa de Papel&#8217; (T 5) estreia na Netflix em 3 de setembro"},"content":{"rendered":"<h3>&#8216;La Casa de Papel&#8217; (T 5)<\/p>\n<h3>\n<img data-recalc-dims=\"1\" fetchpriority=\"high\" decoding=\"async\" data-attachment-id=\"4521\" data-permalink=\"https:\/\/caetenews.com.br\/semana\/la-casa-de-papel-t-5-estreia-na-netflix-em-3-de-setembro\/lacasadepapel-5\/\" data-orig-file=\"https:\/\/i0.wp.com\/caetenews.com.br\/semana\/wp-content\/uploads\/2021\/08\/lacasadepapel-5.jpg?fit=600%2C338&amp;ssl=1\" data-orig-size=\"600,338\" data-comments-opened=\"0\" data-image-meta=\"{&quot;aperture&quot;:&quot;0&quot;,&quot;credit&quot;:&quot;&quot;,&quot;camera&quot;:&quot;&quot;,&quot;caption&quot;:&quot;&quot;,&quot;created_timestamp&quot;:&quot;0&quot;,&quot;copyright&quot;:&quot;&quot;,&quot;focal_length&quot;:&quot;0&quot;,&quot;iso&quot;:&quot;0&quot;,&quot;shutter_speed&quot;:&quot;0&quot;,&quot;title&quot;:&quot;&quot;,&quot;orientation&quot;:&quot;0&quot;}\" data-image-title=\"La Casa de Papel\" data-image-description=\"\" data-image-caption=\"\" data-large-file=\"https:\/\/i0.wp.com\/caetenews.com.br\/semana\/wp-content\/uploads\/2021\/08\/lacasadepapel-5.jpg?fit=600%2C338&amp;ssl=1\" src=\"https:\/\/i0.wp.com\/caetenews.com.br\/semana\/wp-content\/uploads\/2021\/08\/lacasadepapel-5.jpg?resize=600%2C338&#038;ssl=1\" alt=\"foto de divulga\u00e7\u00e3o de La Casa de Papel ((T 5)\" width=\"600\" height=\"338\" class=\"alignnone size-full wp-image-4521\" \/><br \/>\nS\u00e9rie &#8211; Suspense<br \/>\nTemporada 5<br \/>\n<strong>Estreia: 03 de setembro (parte 1)<\/strong><\/p>\n<p>J\u00e1 faz mais de 100 horas que a miss\u00e3o no Banco da Espanha come\u00e7ou. O grupo de assaltantes conseguiu resgatar Lisboa, mas n\u00e3o h\u00e1 motivos para comemorar \u2014 muito pelo contr\u00e1rio: o momento \u00e9 de tens\u00e3o e luto. O Professor foi capturado por Sierra e, pela primeira vez na vida, ele n\u00e3o tem um plano de fuga. E quando parecia que a situa\u00e7\u00e3o n\u00e3o tinha como piorar, aparece um inimigo muito mais poderoso do que qualquer outro que j\u00e1 enfrentaram: o ex\u00e9rcito. O maior roubo da hist\u00f3ria est\u00e1 chegando ao fim \u2014 e aquilo que come\u00e7ou como um assalto est\u00e1 prestes a se transformar em guerra. A parte 5 da ic\u00f4nica s\u00e9rie ser\u00e1 lan\u00e7ada em dois volumes, nos dias 3 de setembro e 3 de dezembro de 2021.<br \/>\n<em>Trailer de &#8216;La Casa de Papel&#8217;< (T 5)\/em><br \/>\n<iframe width=\"424\" height=\"238\" src=\"https:\/\/www.youtube.com\/embed\/pK1cWze6ozY\" title=\"YouTube video player\" frameborder=\"0\" allow=\"accelerometer; autoplay; clipboard-write; encrypted-media; gyroscope; picture-in-picture\" allowfullscreen><\/iframe><\/p>\n","protected":false},"excerpt":{"rendered":"<p>Em &#8216;La Casa de Papel&#8217;, J\u00e1 faz mais de 100 horas que a miss\u00e3o no Banco da Espanha come\u00e7ou. O grupo de assaltantes conseguiu resgatar Lisboa, mas n\u00e3o h\u00e1 motivos<\/p>\n","protected":false},"author":1,"featured_media":4521,"comment_status":"closed","ping_status":"open","sticky":false,"template":"","format":"standard","meta":{"_monsterinsights_skip_tracking":false,"_monsterinsights_sitenote_active":false,"_monsterinsights_sitenote_note":"","_monsterinsights_sitenote_category":0,"_jetpack_memberships_contains_paid_content":false,"footnotes":"","jetpack_publicize_message":"","jetpack_publicize_feature_enabled":true,"jetpack_social_post_already_shared":true,"jetpack_social_options":{"image_generator_settings":{"template":"highway","default_image_id":0,"font":"","enabled":false},"version":2},"_wp_rev_ctl_limit":""},"categories":[105],"tags":[190,106],"class_list":["post-4520","post","type-post","status-publish","format-standard","has-post-thumbnail","hentry","category-netflix","tag-la-casa-de-papel","tag-netflix"],"aioseo_notices":[],"jetpack_publicize_connections":[],"jetpack_featured_media_url":"https:\/\/i0.wp.com\/caetenews.com.br\/semana\/wp-content\/uploads\/2021\/08\/lacasadepapel-5.jpg?fit=600%2C338&ssl=1","jetpack_shortlink":"https:\/\/wp.me\/pcIKFi-1aU","jetpack_sharing_enabled":true,"jetpack_likes_enabled":true,"jetpack-related-posts":[{"id":4654,"url":"https:\/\/caetenews.com.br\/semana\/t-6-de-lucifer-e-esticando-a-festa-entre-as-estreias-de-setembro-na-netflix\/","url_meta":{"origin":4520,"position":0},"title":"T 6 de &#8216;L\u00facifer&#8217; e &#8216;Esticando a Festa&#8217; entre as estreias de setembro na Netflix","author":"Paulo Ant\u00f4nio","date":"30\/08\/2021","format":false,"excerpt":"Entre as estreias para setembro na Netflix est\u00e3o a temporada 6 de'L\u00facifer', a temporada 5 de ' La casa de papel', 'A Tia \u00e9 Top' e 'Esticando a Festa'...","rel":"","context":"Em &quot;Netflix&quot;","block_context":{"text":"Netflix","link":"https:\/\/caetenews.com.br\/semana\/category\/netflix\/"},"img":{"alt_text":"foto de Esticando a Festa a estrear na Netflix","src":"https:\/\/i0.wp.com\/caetenews.com.br\/semana\/wp-content\/uploads\/2021\/08\/esticandoafesta.jpg?fit=600%2C338&ssl=1&resize=350%2C200","width":350,"height":200,"srcset":"https:\/\/i0.wp.com\/caetenews.com.br\/semana\/wp-content\/uploads\/2021\/08\/esticandoafesta.jpg?fit=600%2C338&ssl=1&resize=350%2C200 1x, https:\/\/i0.wp.com\/caetenews.com.br\/semana\/wp-content\/uploads\/2021\/08\/esticandoafesta.jpg?fit=600%2C338&ssl=1&resize=525%2C300 1.5x"},"classes":[]},{"id":5451,"url":"https:\/\/caetenews.com.br\/semana\/la-casa-de-papel-coreia-chega-entre-as-estreias-da-semana-na-netflix\/","url_meta":{"origin":4520,"position":1},"title":"&#8216;La Casa de Papel: Coreia&#8217; chega entre as estreias da semana na Netflix","author":"Paulo Ant\u00f4nio","date":"19\/06\/2022","format":false,"excerpt":"La Casa de Papel: Coreia tem como cen\u00e1rio uma preste reunifica\u00e7\u00e3o pac\u00edfica entre a Coreia do Norte e do Sul, depois de quase 80 anos de divis\u00e3o. Quando as duas na\u00e7\u00f5es..","rel":"","context":"Em &quot;Netflix&quot;","block_context":{"text":"Netflix","link":"https:\/\/caetenews.com.br\/semana\/category\/netflix\/"},"img":{"alt_text":"Foto de La Casa de Papel: Coreia em estreia na Netflix","src":"https:\/\/i0.wp.com\/caetenews.com.br\/semana\/wp-content\/uploads\/2022\/06\/lacasadepapelcoreia6.jpg?fit=600%2C360&ssl=1&resize=350%2C200","width":350,"height":200,"srcset":"https:\/\/i0.wp.com\/caetenews.com.br\/semana\/wp-content\/uploads\/2022\/06\/lacasadepapelcoreia6.jpg?fit=600%2C360&ssl=1&resize=350%2C200 1x, https:\/\/i0.wp.com\/caetenews.com.br\/semana\/wp-content\/uploads\/2022\/06\/lacasadepapelcoreia6.jpg?fit=600%2C360&ssl=1&resize=525%2C300 1.5x"},"classes":[]},{"id":9182,"url":"https:\/\/caetenews.com.br\/semana\/bridgerton-temporada-3-estreia-na-netflix-em-16-de-maio\/","url_meta":{"origin":4520,"position":2},"title":"Bridgerton temporada 3 estreia na Netflix em 16 de maio","author":"Paulo Ant\u00f4nio","date":"02\/05\/2024","format":false,"excerpt":"Bridgerton temporada 3 estreia na Netflix,,,, No centro do sal\u00e3o, haver\u00e1 wallflower (e escritor secreto de fichas de esc\u00e2ndalos) Penelope Featherington....","rel":"","context":"Em &quot;Netflix&quot;","block_context":{"text":"Netflix","link":"https:\/\/caetenews.com.br\/semana\/category\/netflix\/"},"img":{"alt_text":"Foto em Bridgerton, T3, estreia na Netflix","src":"https:\/\/i0.wp.com\/caetenews.com.br\/semana\/wp-content\/uploads\/2024\/05\/39423.jpg?fit=728%2C410&ssl=1&resize=350%2C200","width":350,"height":200,"srcset":"https:\/\/i0.wp.com\/caetenews.com.br\/semana\/wp-content\/uploads\/2024\/05\/39423.jpg?fit=728%2C410&ssl=1&resize=350%2C200 1x, https:\/\/i0.wp.com\/caetenews.com.br\/semana\/wp-content\/uploads\/2024\/05\/39423.jpg?fit=728%2C410&ssl=1&resize=525%2C300 1.5x, https:\/\/i0.wp.com\/caetenews.com.br\/semana\/wp-content\/uploads\/2024\/05\/39423.jpg?fit=728%2C410&ssl=1&resize=700%2C400 2x"},"classes":[]},{"id":4725,"url":"https:\/\/caetenews.com.br\/semana\/temporada-3-de-sex-education-esta-liberada-na-netflix\/","url_meta":{"origin":4520,"position":3},"title":"Temporada 3 de &#8216;Sex Education&#8217; est\u00e1 liberada na Netflix","author":"Paulo Ant\u00f4nio","date":"17\/09\/2021","format":false,"excerpt":"Sex Education acompanha Otis Milburn, um estudante do ensino m\u00e9dio socialmente inapto que vive com a m\u00e3e, a terapeuta sexual Jean. Na temporada...","rel":"","context":"Em &quot;Netflix&quot;","block_context":{"text":"Netflix","link":"https:\/\/caetenews.com.br\/semana\/category\/netflix\/"},"img":{"alt_text":"Foto de divulga\u00e7\u00e3o de Sex Education, em Netflix","src":"https:\/\/i0.wp.com\/caetenews.com.br\/semana\/wp-content\/uploads\/2021\/09\/sexeducation.jpg?fit=600%2C360&ssl=1&resize=350%2C200","width":350,"height":200,"srcset":"https:\/\/i0.wp.com\/caetenews.com.br\/semana\/wp-content\/uploads\/2021\/09\/sexeducation.jpg?fit=600%2C360&ssl=1&resize=350%2C200 1x, https:\/\/i0.wp.com\/caetenews.com.br\/semana\/wp-content\/uploads\/2021\/09\/sexeducation.jpg?fit=600%2C360&ssl=1&resize=525%2C300 1.5x"},"classes":[]},{"id":4452,"url":"https:\/\/caetenews.com.br\/semana\/mestres-do-universo-e-cacadores-de-trolls-entre-as-estreias-na-netflix\/","url_meta":{"origin":4520,"position":4},"title":"Mestres do Universo e Ca\u00e7adores de Trolls entre as  estreias na Netflix","author":"Paulo Ant\u00f4nio","date":"23\/07\/2021","format":false,"excerpt":"Mestres do Universo e Ca\u00e7adores de Trolls entre as estreias da semana na Netflix....","rel":"","context":"Em &quot;Netflix&quot;","block_context":{"text":"Netflix","link":"https:\/\/caetenews.com.br\/semana\/category\/netflix\/"},"img":{"alt_text":"Foto de divulga\u00e7\u00e3o de Mestres do Universo: Salvando Eternia em estreia na Netflix","src":"https:\/\/i0.wp.com\/caetenews.com.br\/semana\/wp-content\/uploads\/2021\/07\/mestresdouni2.jpg?fit=600%2C359&ssl=1&resize=350%2C200","width":350,"height":200,"srcset":"https:\/\/i0.wp.com\/caetenews.com.br\/semana\/wp-content\/uploads\/2021\/07\/mestresdouni2.jpg?fit=600%2C359&ssl=1&resize=350%2C200 1x, https:\/\/i0.wp.com\/caetenews.com.br\/semana\/wp-content\/uploads\/2021\/07\/mestresdouni2.jpg?fit=600%2C359&ssl=1&resize=525%2C300 1.5x"},"classes":[]},{"id":4822,"url":"https:\/\/caetenews.com.br\/semana\/serie-infantil-ada-batista-cientista-estreia-na-netflix-nesta-terca-28\/","url_meta":{"origin":4520,"position":5},"title":"S\u00e9rie infantil &#8216;Ada Batista, Cientista&#8217; estreia na Netflix nesta ter\u00e7a, 28","author":"Paulo Ant\u00f4nio","date":"28\/09\/2021","format":false,"excerpt":"Esta s\u00e9rie segue as aventuras de Ada Batista, uma pequena cientista de oito anos que \u00e9 dona de uma curiosidade gigante e quer descobrir a verdade sobre absolu...","rel":"","context":"Em &quot;Netflix&quot;","block_context":{"text":"Netflix","link":"https:\/\/caetenews.com.br\/semana\/category\/netflix\/"},"img":{"alt_text":"Foto de Ada Batista, Cientista, em Netflix","src":"https:\/\/i0.wp.com\/caetenews.com.br\/semana\/wp-content\/uploads\/2021\/09\/adabatista2.jpg?fit=600%2C360&ssl=1&resize=350%2C200","width":350,"height":200,"srcset":"https:\/\/i0.wp.com\/caetenews.com.br\/semana\/wp-content\/uploads\/2021\/09\/adabatista2.jpg?fit=600%2C360&ssl=1&resize=350%2C200 1x, https:\/\/i0.wp.com\/caetenews.com.br\/semana\/wp-content\/uploads\/2021\/09\/adabatista2.jpg?fit=600%2C360&ssl=1&resize=525%2C300 1.5x"},"classes":[]}],"_links":{"self":[{"href":"https:\/\/caetenews.com.br\/semana\/wp-json\/wp\/v2\/posts\/4520","targetHints":{"allow":["GET"]}}],"collection":[{"href":"https:\/\/caetenews.com.br\/semana\/wp-json\/wp\/v2\/posts"}],"about":[{"href":"https:\/\/caetenews.com.br\/semana\/wp-json\/wp\/v2\/types\/post"}],"author":[{"embeddable":true,"href":"https:\/\/caetenews.com.br\/semana\/wp-json\/wp\/v2\/users\/1"}],"replies":[{"embeddable":true,"href":"https:\/\/caetenews.com.br\/semana\/wp-json\/wp\/v2\/comments?post=4520"}],"version-history":[{"count":0,"href":"https:\/\/caetenews.com.br\/semana\/wp-json\/wp\/v2\/posts\/4520\/revisions"}],"wp:featuredmedia":[{"embeddable":true,"href":"https:\/\/caetenews.com.br\/semana\/wp-json\/wp\/v2\/media\/4521"}],"wp:attachment":[{"href":"https:\/\/caetenews.com.br\/semana\/wp-json\/wp\/v2\/media?parent=4520"}],"wp:term":[{"taxonomy":"category","embeddable":true,"href":"https:\/\/caetenews.com.br\/semana\/wp-json\/wp\/v2\/categories?post=4520"},{"taxonomy":"post_tag","embeddable":true,"href":"https:\/\/caetenews.com.br\/semana\/wp-json\/wp\/v2\/tags?post=4520"}],"curies":[{"name":"wp","href":"https:\/\/api.w.org\/{rel}","templated":true}]}}