{"id":4532,"date":"2021-08-11T11:12:07","date_gmt":"2021-08-11T14:12:07","guid":{"rendered":"https:\/\/caetenews.com.br\/semana\/?p=4532"},"modified":"2021-08-11T11:12:07","modified_gmt":"2021-08-11T14:12:07","slug":"nesta-quinta-12-estreia-na-globo-a-quarta-temporada-de-sob-pressao","status":"publish","type":"post","link":"https:\/\/caetenews.com.br\/semana\/nesta-quinta-12-estreia-na-globo-a-quarta-temporada-de-sob-pressao\/","title":{"rendered":"Nesta quinta (12) estreia na Globo a quarta temporada de \u2018Sob Press\u00e3o\u2019"},"content":{"rendered":"<p><em>Not\u00edcias de Sob Press\u00e3o:<\/em><br \/>\n<img data-recalc-dims=\"1\" fetchpriority=\"high\" decoding=\"async\" data-attachment-id=\"4533\" data-permalink=\"https:\/\/caetenews.com.br\/semana\/nesta-quinta-12-estreia-na-globo-a-quarta-temporada-de-sob-pressao\/attachment\/29646\/\" data-orig-file=\"https:\/\/i0.wp.com\/caetenews.com.br\/semana\/wp-content\/uploads\/2021\/08\/29646.jpg?fit=600%2C338&amp;ssl=1\" data-orig-size=\"600,338\" data-comments-opened=\"0\" data-image-meta=\"{&quot;aperture&quot;:&quot;0&quot;,&quot;credit&quot;:&quot;&quot;,&quot;camera&quot;:&quot;&quot;,&quot;caption&quot;:&quot;&quot;,&quot;created_timestamp&quot;:&quot;0&quot;,&quot;copyright&quot;:&quot;&quot;,&quot;focal_length&quot;:&quot;0&quot;,&quot;iso&quot;:&quot;0&quot;,&quot;shutter_speed&quot;:&quot;0&quot;,&quot;title&quot;:&quot;&quot;,&quot;orientation&quot;:&quot;0&quot;}\" data-image-title=\"Sob Press\u00e3o\" data-image-description=\"\" data-image-caption=\"\" data-large-file=\"https:\/\/i0.wp.com\/caetenews.com.br\/semana\/wp-content\/uploads\/2021\/08\/29646.jpg?fit=600%2C338&amp;ssl=1\" class=\"alignnone wp-image-4533 size-full\" title=\"(Foto: TV Globo\/Sob Press\u00e3o)\" src=\"https:\/\/i0.wp.com\/caetenews.com.br\/semana\/wp-content\/uploads\/2021\/08\/29646.jpg?resize=600%2C338&#038;ssl=1\" alt=\"Foto de cena de Sob Press\u00e3o\" width=\"600\" height=\"338\" \/><br \/>\nOs f\u00e3s da s\u00e9rie m\u00e9dica \u2018Sob Press\u00e3o\u2019 aguardam para esta quinta, dia 12, a estreia de mais uma temporada da s\u00e9rie que, atrav\u00e9s da dramaturgia, retrata a realidade da sa\u00fade p\u00fablica do Brasil e narra a rotina de uma equipe m\u00e9dica que vive constantemente sob press\u00e3o. O p\u00fablico poder\u00e1 acompanhar os novos dramas e casos de urg\u00eancia que os personagens passam a enfrentar em um novo hospital, dessa vez maior, localizado no Centro do Rio de Janeiro e refer\u00eancia de atendimento na cidade.<\/p>\n<p>Na quarta temporada da obra, ap\u00f3s a dura batalha contra a Covid-19, D\u00e9cio (Bruno Garcia), Evandro (Julio Andrade), Carolina (Marjorie Estiano), Charles (Pablo San\u00e1bio), Vera (Drica Moraes), Mauro (David Junior), Gustavo (Marcelo Batista), Keiko (Julia Shimura) e Rosa (Josie Antelo) se juntam \u00e0 enfermeira L\u00edvia (Barbara Reis) no grandioso Hospital Edith de Magalh\u00e3es, onde n\u00e3o atendem pacientes com Covid-19. No novo endere\u00e7o, eles enfrentam outras doen\u00e7as, muitas delas provocadas por quest\u00f5es sociais que atingem o pa\u00eds, e que foram colocadas em segundo plano durante a pandemia. \u201cNossos m\u00e9dicos da s\u00e9rie passaram pelo especial \u2018Plant\u00e3o Covid\u2019, no qual atuavam no hospital de campanha em um momento em que ainda est\u00e1vamos tentando entender a doen\u00e7a. Agora, eles passam a trabalhar em um hospital refer\u00eancia, mas que n\u00e3o recebe casos de Covid. Ent\u00e3o, \u00e9 uma temporada em que vemos a medicina voltando um pouco ao seu dia a dia, ainda com a pandemia como pano de fundo, mas com foco nas demais doen\u00e7as e destacando tamb\u00e9m novos c\u00f3digos sociais que acreditamos que entrar\u00e3o na pr\u00e1tica de todos\u2019, adianta Andrucha Waddington, diretor art\u00edstico da obra.<\/p>\n<p>Segundo o autor Lucas Paraizo, a s\u00e9rie circula entre dois temas centrais: a vida profissional da equipe com seus desafios di\u00e1rios, e a vida pessoal do casal protagonista, que se v\u00ea diante da possibilidade de constituir uma nova fam\u00edlia. \u201cNesta temporada, eu queria muito falar sobre no\u00e7\u00e3o de fam\u00edlia, que \u00e9 um conceito bastante discutido no Brasil atualmente. O sonho de Evandro sempre foi ter um filho e ele passou por uma s\u00e9rie de quest\u00f5es que foram adiando esse desejo. Nesta temporada, a gente orbita na ideia do que \u00e9 fam\u00edlia. E a chegada de Francisco \u00e9 uma forma da gente fazer essas perguntas ao p\u00fablico: o que significa ser pai e ser m\u00e3e? Pai e m\u00e3e s\u00e3o aqueles que geram ou que criam? Pai e m\u00e3e s\u00e3o os pais biol\u00f3gicos ou aqueles que d\u00e3o amor e carinho? Esse questionamento vir\u00e1 \u00e0 tona o tempo todo\u201d, conta Paraizo.<\/p>\n<p>Uma Coprodu\u00e7\u00e3o da Globo e Conspira\u00e7\u00e3o, \u2018Sob Press\u00e3o\u2019 \u00e9 escrita por Lucas Paraizo com M\u00e1rcio Alem\u00e3o, Andr\u00e9 Sirangelo, Pedro Riguetti e Flavio Araujo, com dire\u00e7\u00e3o art\u00edstica de Andrucha Waddington e dire\u00e7\u00e3o de Andrucha, Mini Kerti, Rebeca Diniz, Julio Andrade e Pedro Waddington. Com produ\u00e7\u00e3o de Isabela Bellenzani (TV Globo) e Mariana Vianna (Conspira\u00e7\u00e3o), e dire\u00e7\u00e3o de g\u00eanero de Jos\u00e9 Luiz Villamarim, a s\u00e9rie estreia no dia 12 de agosto, no canal internacional da Globo, em simulcast no Globoplay, logo ap\u00f3s \u2018Imp\u00e9rio\u2019.<\/p>\n","protected":false},"excerpt":{"rendered":"<p>Os f\u00e3s da s\u00e9rie m\u00e9dica \u2018Sob Press\u00e3o\u2019 aguardam para esta quinta, dia 12, a estreia de mais uma temporada da s\u00e9rie que, atrav\u00e9s da drama&#8230;<\/p>\n","protected":false},"author":1,"featured_media":4533,"comment_status":"closed","ping_status":"open","sticky":false,"template":"","format":"standard","meta":{"_monsterinsights_skip_tracking":false,"_monsterinsights_sitenote_active":false,"_monsterinsights_sitenote_note":"","_monsterinsights_sitenote_category":0,"_jetpack_memberships_contains_paid_content":false,"footnotes":"","jetpack_publicize_message":"","jetpack_publicize_feature_enabled":true,"jetpack_social_post_already_shared":true,"jetpack_social_options":{"image_generator_settings":{"template":"highway","default_image_id":0,"font":"","enabled":false},"version":2},"_wp_rev_ctl_limit":""},"categories":[192],"tags":[103,188,98],"class_list":["post-4532","post","type-post","status-publish","format-standard","has-post-thumbnail","hentry","category-tv","tag-series","tag-sob-pressao","tag-tv-globo"],"aioseo_notices":[],"jetpack_publicize_connections":[],"jetpack_featured_media_url":"https:\/\/i0.wp.com\/caetenews.com.br\/semana\/wp-content\/uploads\/2021\/08\/29646.jpg?fit=600%2C338&ssl=1","jetpack_shortlink":"https:\/\/wp.me\/pcIKFi-1b6","jetpack_sharing_enabled":true,"jetpack_likes_enabled":true,"jetpack-related-posts":[{"id":4468,"url":"https:\/\/caetenews.com.br\/semana\/temporada-4-de-sob-pressaoestreia-em-12-de-agosto\/","url_meta":{"origin":4532,"position":0},"title":"Temporada 4 de \u2018Sob Press\u00e3o\u2019estreia em 12 de agosto","author":"Paulo Ant\u00f4nio","date":"27\/07\/2021","format":false,"excerpt":"A s\u00e9rie Sob Press\u00e3o, que retrata, atrav\u00e9s da dramaturgia, quest\u00f5es da sa\u00fade p\u00fablica do pa\u00eds, desde a sua estreia, em 2017, conta com personagens","rel":"","context":"Em &quot;Not\u00edcias&quot;","block_context":{"text":"Not\u00edcias","link":"https:\/\/caetenews.com.br\/semana\/category\/noticias\/"},"img":{"alt_text":"Drica Moraes \u00e9 Vera em Sob Press\u00e3o","src":"https:\/\/i0.wp.com\/caetenews.com.br\/semana\/wp-content\/uploads\/2021\/07\/29541.jpg?fit=600%2C340&ssl=1&resize=350%2C200","width":350,"height":200,"srcset":"https:\/\/i0.wp.com\/caetenews.com.br\/semana\/wp-content\/uploads\/2021\/07\/29541.jpg?fit=600%2C340&ssl=1&resize=350%2C200 1x, https:\/\/i0.wp.com\/caetenews.com.br\/semana\/wp-content\/uploads\/2021\/07\/29541.jpg?fit=600%2C340&ssl=1&resize=525%2C300 1.5x"},"classes":[]},{"id":4560,"url":"https:\/\/caetenews.com.br\/semana\/globo-reprisa-verdades-secretas-a-partir-do-dia-24-de-agosto\/","url_meta":{"origin":4532,"position":1},"title":"Globo reprisa &#8216;Verdades Secretas&#8217; a partir do dia 24 de agosto","author":"Paulo Ant\u00f4nio","date":"14\/08\/2021","format":false,"excerpt":"'Verdades Secretas' retorna \u00e0 grade da TV Globo a partir do dia 2 de agosto. 'Verdades Secretas' parte da trajet\u00f3ria de Arlete...","rel":"","context":"Em &quot;TV&quot;","block_context":{"text":"TV","link":"https:\/\/caetenews.com.br\/semana\/category\/tv\/"},"img":{"alt_text":"Foto de cena de Verdades Secretas","src":"https:\/\/i0.wp.com\/caetenews.com.br\/semana\/wp-content\/uploads\/2021\/08\/29668.jpg?fit=600%2C340&ssl=1&resize=350%2C200","width":350,"height":200,"srcset":"https:\/\/i0.wp.com\/caetenews.com.br\/semana\/wp-content\/uploads\/2021\/08\/29668.jpg?fit=600%2C340&ssl=1&resize=350%2C200 1x, https:\/\/i0.wp.com\/caetenews.com.br\/semana\/wp-content\/uploads\/2021\/08\/29668.jpg?fit=600%2C340&ssl=1&resize=525%2C300 1.5x"},"classes":[]},{"id":4426,"url":"https:\/\/caetenews.com.br\/semana\/serie-sobre-naomi-osaka-chega-ao-netflix-nesta-sexta-dia-16\/","url_meta":{"origin":4532,"position":2},"title":"S\u00e9rie sobre Naomi Osaka chega ao Netflix nesta sexta, dia 16","author":"Paulo Ant\u00f4nio","date":"16\/07\/2021","format":false,"excerpt":"Naomi Osaka - Estrela do T\u00eanis S\u00e9rie - Document\u00e1rios Estreia em 16 de julho Qual \u00e9 a sensa\u00e7\u00e3o de ser uma das melhores jogadoras de t\u00e9nis do mundo? Um olhar \u00edntimo sobre a vida de Naomi Osaka, uma das mais dotadas e complexas atletas da sua gera\u00e7\u00e3o proporciona uma perspetiva\u2026","rel":"","context":"Em &quot;Netflix&quot;","block_context":{"text":"Netflix","link":"https:\/\/caetenews.com.br\/semana\/category\/netflix\/"},"img":{"alt_text":"foto de Naomi","src":"https:\/\/i0.wp.com\/caetenews.com.br\/semana\/wp-content\/uploads\/2021\/07\/naomiosaka2.jpg?fit=600%2C337&ssl=1&resize=350%2C200","width":350,"height":200,"srcset":"https:\/\/i0.wp.com\/caetenews.com.br\/semana\/wp-content\/uploads\/2021\/07\/naomiosaka2.jpg?fit=600%2C337&ssl=1&resize=350%2C200 1x, https:\/\/i0.wp.com\/caetenews.com.br\/semana\/wp-content\/uploads\/2021\/07\/naomiosaka2.jpg?fit=600%2C337&ssl=1&resize=525%2C300 1.5x"},"classes":[]},{"id":9432,"url":"https:\/\/caetenews.com.br\/semana\/globo-estreia-3a-temporada-de-the-equalizer-nesta-sexta-dia-17\/","url_meta":{"origin":4532,"position":3},"title":"Globo estreia 3\u00aa temporada de The Equalizer nesta sexta, dia 17","author":"Paulo Ant\u00f4nio","date":"16\/05\/2024","format":false,"excerpt":"Globo estreia 3\u00aa temporada de The Equalizer.... A TV Globo exibe, a partir desta sexta (17), a terceira temporada de The Equalizer - A Protetora, s\u00e9rie dispon\u00edvel...","rel":"","context":"Em &quot;S\u00e9ries&quot;","block_context":{"text":"S\u00e9ries","link":"https:\/\/caetenews.com.br\/semana\/category\/series\/"},"img":{"alt_text":"Foto em Globo estreia 3\u00aa temporada de The Equalizer","src":"https:\/\/i0.wp.com\/caetenews.com.br\/semana\/wp-content\/uploads\/2024\/05\/118.jpg?fit=728%2C410&ssl=1&resize=350%2C200","width":350,"height":200,"srcset":"https:\/\/i0.wp.com\/caetenews.com.br\/semana\/wp-content\/uploads\/2024\/05\/118.jpg?fit=728%2C410&ssl=1&resize=350%2C200 1x, https:\/\/i0.wp.com\/caetenews.com.br\/semana\/wp-content\/uploads\/2024\/05\/118.jpg?fit=728%2C410&ssl=1&resize=525%2C300 1.5x, https:\/\/i0.wp.com\/caetenews.com.br\/semana\/wp-content\/uploads\/2024\/05\/118.jpg?fit=728%2C410&ssl=1&resize=700%2C400 2x"},"classes":[]},{"id":4737,"url":"https:\/\/caetenews.com.br\/semana\/cinemaco-na-globo-exibe-a-5a-onda-neste-domingo-19\/","url_meta":{"origin":4532,"position":4},"title":"Cinema\u00e7o, na Globo, exibe &#8216;A 5\u00aa Onda&#8217; neste domingo, 19","author":"Paulo Ant\u00f4nio","date":"19\/09\/2021","format":false,"excerpt":"Filmes da Globo: Na sequ\u00eancia o 'Cinema\u00e7o' (Globo, 1h15) traz o longa de fic\u00e7\u00e3o cient\u00edfica 'A 5\u00aa Onda' de J Blakeson. Na trama com Chloe Grace...","rel":"","context":"Em &quot;In\u00edcio&quot;","block_context":{"text":"In\u00edcio","link":"https:\/\/caetenews.com.br\/semana\/category\/tv-aberta\/"},"img":{"alt_text":"A 5\u00aa Onda em Filmes da Globo","src":"https:\/\/i0.wp.com\/caetenews.com.br\/semana\/wp-content\/uploads\/2021\/09\/rede.jpg?fit=600%2C360&ssl=1&resize=350%2C200","width":350,"height":200,"srcset":"https:\/\/i0.wp.com\/caetenews.com.br\/semana\/wp-content\/uploads\/2021\/09\/rede.jpg?fit=600%2C360&ssl=1&resize=350%2C200 1x, https:\/\/i0.wp.com\/caetenews.com.br\/semana\/wp-content\/uploads\/2021\/09\/rede.jpg?fit=600%2C360&ssl=1&resize=525%2C300 1.5x"},"classes":[]},{"id":5405,"url":"https:\/\/caetenews.com.br\/semana\/minisserie-rezar-e-obedecer-estreia-na-netflix-nesta-quarta-dia-8\/","url_meta":{"origin":4532,"position":5},"title":"Miniss\u00e9rie &#8216;Rezar e Obedecer&#8217; estreia na Netflix nesta quarta, dia 8","author":"Paulo Ant\u00f4nio","date":"06\/06\/2022","format":false,"excerpt":"Document\u00e1rio\/Miniss\u00e9rie Rezar e Obedecer estreia na Netflix nesta quarta, dia 8. Em 2008, uma opera\u00e7\u00e3o policial em um rancho no Texas atraiu a aten\u00e7\u00e3o do mundo todo: foram encontradas evid\u00eancias impressionantes de abusos...","rel":"","context":"Em &quot;Netflix&quot;","block_context":{"text":"Netflix","link":"https:\/\/caetenews.com.br\/semana\/category\/netflix\/"},"img":{"alt_text":"Foto de Rezar e ObedecerRezar e Obedecer, que estreia na Netflix","src":"https:\/\/i0.wp.com\/caetenews.com.br\/semana\/wp-content\/uploads\/2022\/06\/32812.jpg?fit=600%2C360&ssl=1&resize=350%2C200","width":350,"height":200,"srcset":"https:\/\/i0.wp.com\/caetenews.com.br\/semana\/wp-content\/uploads\/2022\/06\/32812.jpg?fit=600%2C360&ssl=1&resize=350%2C200 1x, https:\/\/i0.wp.com\/caetenews.com.br\/semana\/wp-content\/uploads\/2022\/06\/32812.jpg?fit=600%2C360&ssl=1&resize=525%2C300 1.5x"},"classes":[]}],"_links":{"self":[{"href":"https:\/\/caetenews.com.br\/semana\/wp-json\/wp\/v2\/posts\/4532","targetHints":{"allow":["GET"]}}],"collection":[{"href":"https:\/\/caetenews.com.br\/semana\/wp-json\/wp\/v2\/posts"}],"about":[{"href":"https:\/\/caetenews.com.br\/semana\/wp-json\/wp\/v2\/types\/post"}],"author":[{"embeddable":true,"href":"https:\/\/caetenews.com.br\/semana\/wp-json\/wp\/v2\/users\/1"}],"replies":[{"embeddable":true,"href":"https:\/\/caetenews.com.br\/semana\/wp-json\/wp\/v2\/comments?post=4532"}],"version-history":[{"count":0,"href":"https:\/\/caetenews.com.br\/semana\/wp-json\/wp\/v2\/posts\/4532\/revisions"}],"wp:featuredmedia":[{"embeddable":true,"href":"https:\/\/caetenews.com.br\/semana\/wp-json\/wp\/v2\/media\/4533"}],"wp:attachment":[{"href":"https:\/\/caetenews.com.br\/semana\/wp-json\/wp\/v2\/media?parent=4532"}],"wp:term":[{"taxonomy":"category","embeddable":true,"href":"https:\/\/caetenews.com.br\/semana\/wp-json\/wp\/v2\/categories?post=4532"},{"taxonomy":"post_tag","embeddable":true,"href":"https:\/\/caetenews.com.br\/semana\/wp-json\/wp\/v2\/tags?post=4532"}],"curies":[{"name":"wp","href":"https:\/\/api.w.org\/{rel}","templated":true}]}}