{"id":4543,"date":"2021-08-12T12:15:41","date_gmt":"2021-08-12T15:15:41","guid":{"rendered":"https:\/\/caetenews.com.br\/semana\/?p=4543"},"modified":"2021-08-12T12:16:52","modified_gmt":"2021-08-12T15:16:52","slug":"netflix-estreia-serie-desaparecido-para-sempre-nesta-sexta-13","status":"publish","type":"post","link":"https:\/\/caetenews.com.br\/semana\/netflix-estreia-serie-desaparecido-para-sempre-nesta-sexta-13\/","title":{"rendered":"Netflix estreia s\u00e9rie &#8216;Desaparecido para Sempre&#8217; nesta sexta (13)"},"content":{"rendered":"<p><em>Em Netflix estreia:<\/em><br \/>\n<img data-recalc-dims=\"1\" fetchpriority=\"high\" decoding=\"async\" data-attachment-id=\"4544\" data-permalink=\"https:\/\/caetenews.com.br\/semana\/netflix-estreia-serie-desaparecido-para-sempre-nesta-sexta-13\/desaparecidoparasempre3\/\" data-orig-file=\"https:\/\/i0.wp.com\/caetenews.com.br\/semana\/wp-content\/uploads\/2021\/08\/desaparecidoparasempre3.jpg?fit=600%2C338&amp;ssl=1\" data-orig-size=\"600,338\" data-comments-opened=\"0\" data-image-meta=\"{&quot;aperture&quot;:&quot;0&quot;,&quot;credit&quot;:&quot;&quot;,&quot;camera&quot;:&quot;&quot;,&quot;caption&quot;:&quot;&quot;,&quot;created_timestamp&quot;:&quot;0&quot;,&quot;copyright&quot;:&quot;&quot;,&quot;focal_length&quot;:&quot;0&quot;,&quot;iso&quot;:&quot;0&quot;,&quot;shutter_speed&quot;:&quot;0&quot;,&quot;title&quot;:&quot;&quot;,&quot;orientation&quot;:&quot;0&quot;}\" data-image-title=\"Desaparecido para Sempre\" data-image-description=\"\" data-image-caption=\"\" data-large-file=\"https:\/\/i0.wp.com\/caetenews.com.br\/semana\/wp-content\/uploads\/2021\/08\/desaparecidoparasempre3.jpg?fit=600%2C338&amp;ssl=1\" src=\"https:\/\/i0.wp.com\/caetenews.com.br\/semana\/wp-content\/uploads\/2021\/08\/desaparecidoparasempre3.jpg?resize=600%2C338&#038;ssl=1\" alt=\"Foto de divulga\u00e7\u00e3o do filme, em netflix estreia\" width=\"600\" height=\"338\" class=\"alignnone size-full wp-image-4544\" \/><\/p>\n<h3>Desaparecido para Sempre<\/h3>\n<p>S\u00e9ries &#8211; dram\u00e1ticas<br \/>\n<strong>Estreia em 13 de agosto<\/strong><br \/>\nCria\u00e7\u00e3o:David Elka\u00efm, Vincent Poymiro, Harlan Coben<br \/>\nCom Finnegan Oldfield , Nicolas Duvauchelle, Nailia Harzoune, Garance Marillier.<br \/>\nDez anos ap\u00f3s perder as duas pessoas que mais amava, um homem se envolve em mais um mist\u00e9rio depois que a namorada desaparece. Baseada em um romance de Harlan Coben.<br \/>\nGuillaume Lucchesi deixou para tr\u00e1s a tr\u00e1gica mem\u00f3ria de ver morrer as duas pessoas que mais amava: Sonia, o seu primeiro amor, e Fred, o seu irm\u00e3o. Dez anos ap\u00f3s a trag\u00e9dia, Judith, a sua nova paix\u00e3o, desaparece subitamente. Para a encontrar, Guillaume ter\u00e1 de enfrentar todas as verdades que lhe foram ocultadas pela fam\u00edlia e pelos amigos, assim como encarar todos aqueles que decidiu h\u00e1 muito ignorar \u2014 com boas inten\u00e7\u00f5es, mas terr\u00edveis consequ\u00eancias.<br \/>\n<em>Trailer oficial, legendado \/Netflix Portugal<\/em><br \/>\n<iframe width=\"560\" height=\"315\" src=\"https:\/\/www.youtube.com\/embed\/3VwjiTr0qno\" title=\"YouTube video player\" frameborder=\"0\" allow=\"accelerometer; autoplay; clipboard-write; encrypted-media; gyroscope; picture-in-picture\" allowfullscreen><\/iframe><\/p>\n<h3>\u00daltimas not\u00edcias:<\/p>\n<h3>\n","protected":false},"excerpt":{"rendered":"<p>Netflix estreia s\u00e9rie &#8216;Desaparecido para Sempre&#8217;: Dez anos ap\u00f3s perder as duas pessoas que mais amava, um homem se envolve em mais&#8230;.<\/p>\n","protected":false},"author":1,"featured_media":4544,"comment_status":"closed","ping_status":"open","sticky":false,"template":"","format":"standard","meta":{"_monsterinsights_skip_tracking":false,"_monsterinsights_sitenote_active":false,"_monsterinsights_sitenote_note":"","_monsterinsights_sitenote_category":0,"_jetpack_memberships_contains_paid_content":false,"footnotes":"","jetpack_publicize_message":"","jetpack_publicize_feature_enabled":true,"jetpack_social_post_already_shared":true,"jetpack_social_options":{"image_generator_settings":{"template":"highway","default_image_id":0,"font":"","enabled":false},"version":2},"_wp_rev_ctl_limit":""},"categories":[105],"tags":[106],"class_list":["post-4543","post","type-post","status-publish","format-standard","has-post-thumbnail","hentry","category-netflix","tag-netflix"],"aioseo_notices":[],"jetpack_publicize_connections":[],"jetpack_featured_media_url":"https:\/\/i0.wp.com\/caetenews.com.br\/semana\/wp-content\/uploads\/2021\/08\/desaparecidoparasempre3.jpg?fit=600%2C338&ssl=1","jetpack_shortlink":"https:\/\/wp.me\/pcIKFi-1bh","jetpack_sharing_enabled":true,"jetpack_likes_enabled":true,"jetpack-related-posts":[{"id":4463,"url":"https:\/\/caetenews.com.br\/semana\/transformers-war-for-cybertron-o-reino-chega-a-netflix-quinta-dia-29\/","url_meta":{"origin":4543,"position":0},"title":"Transformers: War for Cybertron: O Reino chega \u00e0 Netflix quinta, dia 29","author":"Paulo Ant\u00f4nio","date":"26\/07\/2021","format":false,"excerpt":"Na Neflix: Ap\u00f3s uma aterrissagem de emerg\u00eancia na Terra, um confronto entre os Autobots e Decepticons com duas fac\u00e7\u00f5es rivais de Cybertron...","rel":"","context":"Em &quot;Netflix&quot;","block_context":{"text":"Netflix","link":"https:\/\/caetenews.com.br\/semana\/category\/netflix\/"},"img":{"alt_text":"Foto de divulga\u00e7\u00e3o, em Netflix","src":"https:\/\/i0.wp.com\/caetenews.com.br\/semana\/wp-content\/uploads\/2021\/07\/tranasformers.jpg?resize=350%2C200&ssl=1","width":350,"height":200,"srcset":"https:\/\/i0.wp.com\/caetenews.com.br\/semana\/wp-content\/uploads\/2021\/07\/tranasformers.jpg?resize=350%2C200&ssl=1 1x, https:\/\/i0.wp.com\/caetenews.com.br\/semana\/wp-content\/uploads\/2021\/07\/tranasformers.jpg?resize=525%2C300&ssl=1 1.5x"},"classes":[]},{"id":4732,"url":"https:\/\/caetenews.com.br\/semana\/o-pai-que-move-montanhas-e-uma-boa-opcao-para-o-fim-de-semana-na-netflix\/","url_meta":{"origin":4543,"position":1},"title":"&#8216;O Pai que Move Montanhas&#8217; \u00e9 uma boa op\u00e7\u00e3o para o fim de semana na Netflix","author":"Paulo Ant\u00f4nio","date":"18\/09\/2021","format":false,"excerpt":"Em 'O Pai que Move Montanhas' que chegou \u00e0 Netflix nesta sexta, 17, depois que o filho desaparece em um passeio pelas montanhas, um oficial da...","rel":"","context":"Em &quot;Netflix&quot;","block_context":{"text":"Netflix","link":"https:\/\/caetenews.com.br\/semana\/category\/netflix\/"},"img":{"alt_text":"Foto de O Pai que Move Montanhas, em Netflix","src":"https:\/\/i0.wp.com\/caetenews.com.br\/semana\/wp-content\/uploads\/2021\/09\/opaiquemove.jpg?fit=600%2C360&ssl=1&resize=350%2C200","width":350,"height":200,"srcset":"https:\/\/i0.wp.com\/caetenews.com.br\/semana\/wp-content\/uploads\/2021\/09\/opaiquemove.jpg?fit=600%2C360&ssl=1&resize=350%2C200 1x, https:\/\/i0.wp.com\/caetenews.com.br\/semana\/wp-content\/uploads\/2021\/09\/opaiquemove.jpg?fit=600%2C360&ssl=1&resize=525%2C300 1.5x"},"classes":[]},{"id":4068,"url":"https:\/\/caetenews.com.br\/semana\/temporada-3-de-shtisel-estreia-na-netflix-nesta-quinta-dia-25\/","url_meta":{"origin":4543,"position":2},"title":"Temporada 3 de Shtisel estreia na Netflix nesta quinta, dia 25","author":"Paulo Ant\u00f4nio","date":"25\/03\/2021","format":false,"excerpt":"Shtisel Temporada 3 Estreia em 25 de mar\u00e7o Uma fam\u00edlia haredi que vive em um bairro ultra-ortodoxo de Jerusal\u00e9m lida com o amor, a perda e as tristezas da vida cotidiana. A terceira temporada ser\u00e1 composta por nove epis\u00f3dios. Estrelando:Doval'e Glickman,Michael Aloni,Ayelet Zurer Cria\u00e7\u00e3o:Ori Elon,Yehonatan Indursky Trailer original, legendado em\u2026","rel":"","context":"Em &quot;Netflix&quot;","block_context":{"text":"Netflix","link":"https:\/\/caetenews.com.br\/semana\/category\/netflix\/"},"img":{"alt_text":"Foto de divulga\u00e7\u00e3o","src":"https:\/\/i0.wp.com\/caetenews.com.br\/semana\/wp-content\/uploads\/2021\/03\/shitzel.jpg?fit=600%2C338&ssl=1&resize=350%2C200","width":350,"height":200,"srcset":"https:\/\/i0.wp.com\/caetenews.com.br\/semana\/wp-content\/uploads\/2021\/03\/shitzel.jpg?fit=600%2C338&ssl=1&resize=350%2C200 1x, https:\/\/i0.wp.com\/caetenews.com.br\/semana\/wp-content\/uploads\/2021\/03\/shitzel.jpg?fit=600%2C338&ssl=1&resize=525%2C300 1.5x"},"classes":[]},{"id":4304,"url":"https:\/\/caetenews.com.br\/semana\/infantil-o-dragao-dos-desejos-estreia-na-netflix-nesta-sexta-dia-11-leia-e-veja\/","url_meta":{"origin":4543,"position":3},"title":"Infantil: &#8216;O Drag\u00e3o dos Desejos&#8217; estreia na Netflix nesta sexta, dia 11; leia e veja","author":"Paulo Ant\u00f4nio","date":"10\/06\/2021","format":false,"excerpt":"O Drag\u00e3o dos Desejos (Din e o Drag\u00e3o Genial) Filme - Infantil\/Com\u00e9dia Estreia em 11 de junho Em Wish Dragon, da Sony Pictures Animation, um estudante de origens humildes que sonha em grande e um drag\u00e3o c\u00ednico que tem o poder de conceder desejos partem numa hilariante aventura atrav\u00e9s da\u2026","rel":"","context":"Em &quot;Netflix&quot;","block_context":{"text":"Netflix","link":"https:\/\/caetenews.com.br\/semana\/category\/netflix\/"},"img":{"alt_text":"Foto de divulga\u00e7\u00e3o","src":"https:\/\/i0.wp.com\/caetenews.com.br\/semana\/wp-content\/uploads\/2021\/06\/odragaodosdesejos.jpg?fit=600%2C338&ssl=1&resize=350%2C200","width":350,"height":200,"srcset":"https:\/\/i0.wp.com\/caetenews.com.br\/semana\/wp-content\/uploads\/2021\/06\/odragaodosdesejos.jpg?fit=600%2C338&ssl=1&resize=350%2C200 1x, https:\/\/i0.wp.com\/caetenews.com.br\/semana\/wp-content\/uploads\/2021\/06\/odragaodosdesejos.jpg?fit=600%2C338&ssl=1&resize=525%2C300 1.5x"},"classes":[]},{"id":4062,"url":"https:\/\/caetenews.com.br\/semana\/bruno-gagliasso-estreia-com-trabalho-na-netflix-em-santo\/","url_meta":{"origin":4543,"position":4},"title":"Bruno Gagliasso estreia com trabalho na Netflix em &#8216;Santo&#8217;","author":"Paulo Ant\u00f4nio","date":"24\/03\/2021","format":false,"excerpt":"Bruno Gagliasso estreia com trabalho na Netflix em 'Santo', s\u00e9rie original espanhola criada por Carlos L\u00f3pez e com grava\u00e7\u00f5es no Brasil e na Espanha. No projeto, que conta ainda com o diretor Vicente Amorim e o roteirista Gustavo Lipsztein, ambos brasileiros, Bruno contracena com o ator espanhol Ra\u00fal Ar\u00e9valo (Anti-motim,\u2026","rel":"","context":"Em &quot;Netflix&quot;","block_context":{"text":"Netflix","link":"https:\/\/caetenews.com.br\/semana\/category\/netflix\/"},"img":{"alt_text":"Foto de Bruno Gagliasso","src":"https:\/\/i0.wp.com\/caetenews.com.br\/semana\/wp-content\/uploads\/2021\/03\/26817.jpg?fit=500%2C350&ssl=1&resize=350%2C200","width":350,"height":200},"classes":[]},{"id":4681,"url":"https:\/\/caetenews.com.br\/semana\/untold-federer-x-fish-estreia-na-netflix-nesta-terca-dia-7\/","url_meta":{"origin":4543,"position":5},"title":"Untold: Federer x Fish estreia na Netflix nesta ter\u00e7a, dia 7","author":"Paulo Ant\u00f4nio","date":"06\/09\/2021","format":false,"excerpt":"Untold: Federer x Fish estreia na Netflix: A hist\u00f3ria do tenista Mardy Fish foi marcada pelos treinos na famosa Saddlebrook Academy, ainda...","rel":"","context":"Em &quot;Netflix&quot;","block_context":{"text":"Netflix","link":"https:\/\/caetenews.com.br\/semana\/category\/netflix\/"},"img":{"alt_text":"Foto de Federer x Fish, em estreia na Netflix","src":"https:\/\/i0.wp.com\/caetenews.com.br\/semana\/wp-content\/uploads\/2021\/09\/federerfish.jpg?fit=600%2C360&ssl=1&resize=350%2C200","width":350,"height":200,"srcset":"https:\/\/i0.wp.com\/caetenews.com.br\/semana\/wp-content\/uploads\/2021\/09\/federerfish.jpg?fit=600%2C360&ssl=1&resize=350%2C200 1x, https:\/\/i0.wp.com\/caetenews.com.br\/semana\/wp-content\/uploads\/2021\/09\/federerfish.jpg?fit=600%2C360&ssl=1&resize=525%2C300 1.5x"},"classes":[]}],"_links":{"self":[{"href":"https:\/\/caetenews.com.br\/semana\/wp-json\/wp\/v2\/posts\/4543","targetHints":{"allow":["GET"]}}],"collection":[{"href":"https:\/\/caetenews.com.br\/semana\/wp-json\/wp\/v2\/posts"}],"about":[{"href":"https:\/\/caetenews.com.br\/semana\/wp-json\/wp\/v2\/types\/post"}],"author":[{"embeddable":true,"href":"https:\/\/caetenews.com.br\/semana\/wp-json\/wp\/v2\/users\/1"}],"replies":[{"embeddable":true,"href":"https:\/\/caetenews.com.br\/semana\/wp-json\/wp\/v2\/comments?post=4543"}],"version-history":[{"count":0,"href":"https:\/\/caetenews.com.br\/semana\/wp-json\/wp\/v2\/posts\/4543\/revisions"}],"wp:featuredmedia":[{"embeddable":true,"href":"https:\/\/caetenews.com.br\/semana\/wp-json\/wp\/v2\/media\/4544"}],"wp:attachment":[{"href":"https:\/\/caetenews.com.br\/semana\/wp-json\/wp\/v2\/media?parent=4543"}],"wp:term":[{"taxonomy":"category","embeddable":true,"href":"https:\/\/caetenews.com.br\/semana\/wp-json\/wp\/v2\/categories?post=4543"},{"taxonomy":"post_tag","embeddable":true,"href":"https:\/\/caetenews.com.br\/semana\/wp-json\/wp\/v2\/tags?post=4543"}],"curies":[{"name":"wp","href":"https:\/\/api.w.org\/{rel}","templated":true}]}}