{"id":4556,"date":"2021-08-14T10:34:36","date_gmt":"2021-08-14T13:34:36","guid":{"rendered":"https:\/\/caetenews.com.br\/semana\/?p=4556"},"modified":"2021-08-14T10:35:39","modified_gmt":"2021-08-14T13:35:39","slug":"globoplay-estreia-o-filme-sobre-o-abolicionista-doutor-gama-neste-sabado-14","status":"publish","type":"post","link":"https:\/\/caetenews.com.br\/semana\/globoplay-estreia-o-filme-sobre-o-abolicionista-doutor-gama-neste-sabado-14\/","title":{"rendered":"Globoplay estreia o filme sobre o abolicionista &#8216;Doutor Gama&#8217; neste s\u00e1bado, 14"},"content":{"rendered":"<p><em>Not\u00edcias do Globoplay:<\/em><br \/>\n<img data-recalc-dims=\"1\" fetchpriority=\"high\" decoding=\"async\" data-attachment-id=\"4557\" data-permalink=\"https:\/\/caetenews.com.br\/semana\/globoplay-estreia-o-filme-sobre-o-abolicionista-doutor-gama-neste-sabado-14\/doutorgama\/\" data-orig-file=\"https:\/\/i0.wp.com\/caetenews.com.br\/semana\/wp-content\/uploads\/2021\/08\/doutorgama.jpg?fit=596%2C361&amp;ssl=1\" data-orig-size=\"596,361\" data-comments-opened=\"0\" data-image-meta=\"{&quot;aperture&quot;:&quot;0&quot;,&quot;credit&quot;:&quot;&quot;,&quot;camera&quot;:&quot;&quot;,&quot;caption&quot;:&quot;&quot;,&quot;created_timestamp&quot;:&quot;0&quot;,&quot;copyright&quot;:&quot;&quot;,&quot;focal_length&quot;:&quot;0&quot;,&quot;iso&quot;:&quot;0&quot;,&quot;shutter_speed&quot;:&quot;0&quot;,&quot;title&quot;:&quot;&quot;,&quot;orientation&quot;:&quot;0&quot;}\" data-image-title=\"Doutor Gama\" data-image-description=\"\" data-image-caption=\"\" data-large-file=\"https:\/\/i0.wp.com\/caetenews.com.br\/semana\/wp-content\/uploads\/2021\/08\/doutorgama.jpg?fit=596%2C361&amp;ssl=1\" src=\"https:\/\/i0.wp.com\/caetenews.com.br\/semana\/wp-content\/uploads\/2021\/08\/doutorgama.jpg?resize=596%2C361&#038;ssl=1\" alt=\"Fodo de divulga\u00e7\u00e3o de Doutor Gama, em Globoplay\" width=\"596\" height=\"361\" class=\"alignnone size-full wp-image-4557\" \/><br \/>\nA vida de Luiz Gama \u00e9 parte importante da hist\u00f3ria do abolicionismo no Brasil. Poeta, jornalista e advogado, Gama foi respons\u00e1vel, no s\u00e9culo XIX, pela liberta\u00e7\u00e3o de mais de 500 pessoas v\u00edtimas da escravid\u00e3o. Ele \u00e9 o personagem central do filme \u2018Doutor Gama\u2019, dirigido por Jeferson De, que entra neste s\u00e1bado (14) no cat\u00e1logo do Globoplay, logo ap\u00f3s sua estreia nos cinemas. Baseado na biografia de Luiz Gama, o longa traz no elenco C\u00e9sar Mello, Angelo Fernandes e Pedro Guilherme como o protagonista. <\/p>\n<p>O filme, com roteiro de Luiz Ant\u00f4nio, acompanha a hist\u00f3ria de Gama (C\u00e9sar Mello\/ Angelo Fernandes\/ Pedro Guilherme). Apesar de nascido do ventre livre de Luiza Mahin (Isabel Zuaa), aos 10 anos foi vendido como escravo pelo pr\u00f3prio pai portugu\u00eas a mercadores de pessoas para o pagamento de d\u00edvidas de jogo. Em S\u00e3o Paulo, mesmo escravizado, conseguiu se alfabetizar com a ajuda de um aluno da faculdade de Direito. O interesse pelas letras o fez seguir estudando. Gama conquistou a pr\u00f3pria liberdade, se tornando um respeitado advogado autodidata, al\u00e9m de ser reconhecido como importante abolicionista e republicano. Ao longo de sua trajet\u00f3ria ajudou a libertar e garantir o direito de pessoas em condi\u00e7\u00e3o de escravid\u00e3o.<\/p>\n<h3>\u00daltimas not\u00edcias:<\/p>\n<h3>\n<div class=\"pt-cv-wrapper\">Erro: visualiza\u00e7\u00e3o <strong>6bd8abdjeq<\/strong> pode n\u00e3o existir<\/div><\/p>\n<h3>Saiba mais<\/h3>\n<p><a href=\"https:\/\/www.tvnovelas.com.br\/filmes\/\" target=\"_blank\" rel=\"noopener noreferrer\"><strong>Programa\u00e7\u00e3o de filmes na TV aberta<\/strong><\/a><br \/>\n<a href=\"https:\/\/tvnovelas.com.br\/filmes\/the-chair-valerie-2-e-todas-as-estreias-da-netflix-para-agosto\/\" target=\"_blank\" rel=\"noopener noreferrer\"><strong>Estreias de in\u00e9ditos na Netflix no m\u00eas de agosto\/2021<\/strong><\/a><br \/>\n<a href=\"https:\/\/tvnovelas.com.br\/filmes\/filmes-e-series-ineditos-em-estreia-na-semana-na-netflix\/\" target=\"_blank\" rel=\"noopener noreferrer\"><strong>Estreias da semana na Netflix<\/strong><\/a><br \/>\n<a href=\"https:\/\/tvnovelas.com.br\/filmes\/o-que-ha-de-novo-no-globoplay\/\" target=\"_blank\" rel=\"noopener noreferrer\"><strong>Estreias e novidades no Globoplay<\/strong><\/a><br \/>\n<a href=\"https:\/\/www.tvnovelas.com.br\/novelas\/\" target=\"_blank\" rel=\"noopener noreferrer\"><strong>Resumos de novelas<\/strong><\/a><br \/>\n<a href=\"https:\/\/caetenews.com.br\/semana\/filmes-da-globo-na-sessao-da-tarde-desta-semana\/\" rel=\"noopener\" target=\"_blank\"><strong>Confira os filmes da semana na Sess\u00e3o da Tarde<\/strong><\/a> <\/p>\n","protected":false},"excerpt":{"rendered":"<p>Doutor Gama, no Globoplay. A vida de Luiz Gama \u00e9 parte importante da hist\u00f3ria do abolicionismo no Brasil. Poeta, jornalista e advogado, Gama foi respons\u00e1vel&#8230;.<\/p>\n","protected":false},"author":1,"featured_media":4557,"comment_status":"closed","ping_status":"open","sticky":false,"template":"","format":"standard","meta":{"_monsterinsights_skip_tracking":false,"_monsterinsights_sitenote_active":false,"_monsterinsights_sitenote_note":"","_monsterinsights_sitenote_category":0,"_jetpack_memberships_contains_paid_content":false,"footnotes":"","jetpack_publicize_message":"","jetpack_publicize_feature_enabled":true,"jetpack_social_post_already_shared":true,"jetpack_social_options":{"image_generator_settings":{"template":"highway","default_image_id":0,"font":"","enabled":false},"version":2},"_wp_rev_ctl_limit":""},"categories":[96],"tags":[104],"class_list":["post-4556","post","type-post","status-publish","format-standard","has-post-thumbnail","hentry","category-globoplay","tag-globoplay"],"aioseo_notices":[],"jetpack_publicize_connections":[],"jetpack_featured_media_url":"https:\/\/i0.wp.com\/caetenews.com.br\/semana\/wp-content\/uploads\/2021\/08\/doutorgama.jpg?fit=596%2C361&ssl=1","jetpack_shortlink":"https:\/\/wp.me\/pcIKFi-1bu","jetpack_sharing_enabled":true,"jetpack_likes_enabled":true,"jetpack-related-posts":[{"id":5525,"url":"https:\/\/caetenews.com.br\/semana\/globoplay-estreia-a-serie-os-outros-no-final-de-maio\/","url_meta":{"origin":4556,"position":0},"title":"Globoplay estreia a s\u00e9rie &#8216;Os Outros&#8217; no final de maio","author":"Paulo Ant\u00f4nio","date":"14\/05\/2023","format":false,"excerpt":"O Globoplay confirmou a estreia de sua pr\u00f3xima s\u00e9rie exclusiva, \u2018Os Outros\u2019 para o dia 31 de maio, \u00e0s 18h....","rel":"","context":"Em &quot;Globoplay&quot;","block_context":{"text":"Globoplay","link":"https:\/\/caetenews.com.br\/semana\/category\/globoplay\/"},"img":{"alt_text":"Foto em Globoplay estreia a s\u00e9rie 'Os Outros'...","src":"https:\/\/i0.wp.com\/caetenews.com.br\/semana\/wp-content\/uploads\/2023\/05\/043.jpg?fit=706%2C410&ssl=1&resize=350%2C200","width":350,"height":200,"srcset":"https:\/\/i0.wp.com\/caetenews.com.br\/semana\/wp-content\/uploads\/2023\/05\/043.jpg?fit=706%2C410&ssl=1&resize=350%2C200 1x, https:\/\/i0.wp.com\/caetenews.com.br\/semana\/wp-content\/uploads\/2023\/05\/043.jpg?fit=706%2C410&ssl=1&resize=525%2C300 1.5x, https:\/\/i0.wp.com\/caetenews.com.br\/semana\/wp-content\/uploads\/2023\/05\/043.jpg?fit=706%2C410&ssl=1&resize=700%2C400 2x"},"classes":[]},{"id":3809,"url":"https:\/\/caetenews.com.br\/semana\/novela-porto-dos-milagres-e-a-novidade-do-globoplay-para-esta-segunda-1o\/","url_meta":{"origin":4556,"position":1},"title":"Novela &#8216;Porto dos Milagres&#8217; \u00e9 a novidade do Globoplay para esta segunda (1\u00ba)","author":"Paulo Ant\u00f4nio","date":"31\/01\/2021","format":false,"excerpt":"'Porto dos Milagres', novela de Aguinaldo Silva e Ricardo Linhares, produzida e exibida pela Globo, em 2001, com 203 cap\u00edtulos, foi pontuada por romances em meio a conflitos de classe. A novela \u00e9 uma livre adapta\u00e7\u00e3o de \"Mar Morto e A Descoberta da Am\u00e9rica pelos Turcos\", de Jorge Amado, Na\u2026","rel":"","context":"Em &quot;Globoplay&quot;","block_context":{"text":"Globoplay","link":"https:\/\/caetenews.com.br\/semana\/category\/globoplay\/"},"img":{"alt_text":"Foto de L\u00edvia (Fl\u00e1via Alessandra)","src":"https:\/\/i0.wp.com\/caetenews.com.br\/semana\/wp-content\/uploads\/2021\/01\/portodosmilagres03.jpg?fit=600%2C400&ssl=1&resize=350%2C200","width":350,"height":200,"srcset":"https:\/\/i0.wp.com\/caetenews.com.br\/semana\/wp-content\/uploads\/2021\/01\/portodosmilagres03.jpg?fit=600%2C400&ssl=1&resize=350%2C200 1x, https:\/\/i0.wp.com\/caetenews.com.br\/semana\/wp-content\/uploads\/2021\/01\/portodosmilagres03.jpg?fit=600%2C400&ssl=1&resize=525%2C300 1.5x"},"classes":[]},{"id":4087,"url":"https:\/\/caetenews.com.br\/semana\/suspense-ate-o-ceu-estreia-na-netflix-nesta-sexta-02\/","url_meta":{"origin":4556,"position":2},"title":"Suspense &#8216;At\u00e9 o C\u00e9u&#8217; estreia na Netflix nesta sexta (02)","author":"Paulo Ant\u00f4nio","date":"02\/04\/2021","format":false,"excerpt":"At\u00e9 o C\u00e9u Filme Explosivo\/ Suspense de a\u00e7\u00e3o Estreia em 2 de abril Dire\u00e7\u00e3o: Daniel Calparsoro Com Miguel Herr\u00e1n, Luis Tosar, Carolina Yuste Depois de se apaixonar por Estrela, o mec\u00e2nico \u00c1ngel sai do sub\u00farbio de Madri para um mundo de roubos e vira alvo de um detetive implac\u00e1vel. A\u2026","rel":"","context":"Em &quot;Netflix&quot;","block_context":{"text":"Netflix","link":"https:\/\/caetenews.com.br\/semana\/category\/netflix\/"},"img":{"alt_text":"Foromontagem de divulga\u00e7\u00e3o","src":"https:\/\/i0.wp.com\/caetenews.com.br\/semana\/wp-content\/uploads\/2021\/04\/ateoceu2.jpg?fit=600%2C336&ssl=1&resize=350%2C200","width":350,"height":200,"srcset":"https:\/\/i0.wp.com\/caetenews.com.br\/semana\/wp-content\/uploads\/2021\/04\/ateoceu2.jpg?fit=600%2C336&ssl=1&resize=350%2C200 1x, https:\/\/i0.wp.com\/caetenews.com.br\/semana\/wp-content\/uploads\/2021\/04\/ateoceu2.jpg?fit=600%2C336&ssl=1&resize=525%2C300 1.5x"},"classes":[]},{"id":3974,"url":"https:\/\/caetenews.com.br\/semana\/a-novela-vamp-e-a-novidade-desta-segunda-1o-no-globoplay\/","url_meta":{"origin":4556,"position":3},"title":"A novela &#8216;Vamp&#8217; \u00e9 a novidade desta segunda (1\u00ba) no Globoplay","author":"Paulo Ant\u00f4nio","date":"01\/03\/2021","format":false,"excerpt":"\"Vamp\", novela que foi sucesso entre crian\u00e7as e adolescentes no in\u00edcio dos anos 90, estreia no Globoplay hoje, segunda, 1\u00ba de mar\u00e7o. Em \"Vamp\" a atriz Claudia Ohana interpreta a cantora de rock Natasha, que esconde o segredo de ser uma vampira. Natasha vendeu sua alma ao vampiro Vlad (Ney\u2026","rel":"","context":"Em &quot;Globoplay&quot;","block_context":{"text":"Globoplay","link":"https:\/\/caetenews.com.br\/semana\/category\/globoplay\/"},"img":{"alt_text":"Foto de Cl\u00e1udia Ohana como Natasha","src":"https:\/\/i0.wp.com\/caetenews.com.br\/semana\/wp-content\/uploads\/2021\/03\/vamp2.jpg?fit=600%2C340&ssl=1&resize=350%2C200","width":350,"height":200,"srcset":"https:\/\/i0.wp.com\/caetenews.com.br\/semana\/wp-content\/uploads\/2021\/03\/vamp2.jpg?fit=600%2C340&ssl=1&resize=350%2C200 1x, https:\/\/i0.wp.com\/caetenews.com.br\/semana\/wp-content\/uploads\/2021\/03\/vamp2.jpg?fit=600%2C340&ssl=1&resize=525%2C300 1.5x"},"classes":[]},{"id":4315,"url":"https:\/\/caetenews.com.br\/semana\/globoplay-estreia-serie-rubi-nesta-segunda-14\/","url_meta":{"origin":4556,"position":4},"title":"Globoplay estreia s\u00e9rie &#8216;Rubi&#8217; nesta segunda (14)","author":"Paulo Ant\u00f4nio","date":"13\/06\/2021","format":false,"excerpt":"O Globoplay estreia nesta segunda-feira, dia 14 a s\u00e9rie exclusiva \u201cRubi\u201d, um remake da novela mexicana hom\u00f4nima de 2004, exibida no Brasil pleo SBT. A adapta\u00e7\u00e3o assinada por Leonardo Padr\u00f3n traz uma hist\u00f3ria ainda mais complexa do que a novela, eternizada pela atriz B\u00e1rbara Mori. A nova vers\u00e3o acompanha uma\u2026","rel":"","context":"Em &quot;Globoplay&quot;","block_context":{"text":"Globoplay","link":"https:\/\/caetenews.com.br\/semana\/category\/globoplay\/"},"img":{"alt_text":"Foto de divulga\u00e7\u00e3o","src":"https:\/\/i0.wp.com\/caetenews.com.br\/semana\/wp-content\/uploads\/2021\/06\/rubi.jpg?fit=600%2C337&ssl=1&resize=350%2C200","width":350,"height":200,"srcset":"https:\/\/i0.wp.com\/caetenews.com.br\/semana\/wp-content\/uploads\/2021\/06\/rubi.jpg?fit=600%2C337&ssl=1&resize=350%2C200 1x, https:\/\/i0.wp.com\/caetenews.com.br\/semana\/wp-content\/uploads\/2021\/06\/rubi.jpg?fit=600%2C337&ssl=1&resize=525%2C300 1.5x"},"classes":[]},{"id":3610,"url":"https:\/\/caetenews.com.br\/semana\/globoplay-estreia-serie-por-que-as-mulheres-matam-nesta-sexta-15\/","url_meta":{"origin":4556,"position":5},"title":"Globoplay estreia s\u00e9rie \u2018Por Que As Mulheres Matam\u2019 nesta sexta (15)","author":"Paulo Ant\u00f4nio","date":"15\/01\/2021","format":false,"excerpt":"Tr\u00eas mulheres, um \u00fanico endere\u00e7o, o mesmo gatilho: a infidelidade. Uma casa na Calif\u00f3rnia \u00e9 o ponto central da vida de tr\u00eas casais em diferentes d\u00e9cadas cujos relacionamentos s\u00e3o marcados por conflitos conjugais, na nova s\u00e9rie \u2018Por que as Mulheres Matam\u2019, que estreia nesta sexta-feira, dia 15, no Globoplay. Criada\u2026","rel":"","context":"Em &quot;Globoplay&quot;","block_context":{"text":"Globoplay","link":"https:\/\/caetenews.com.br\/semana\/category\/globoplay\/"},"img":{"alt_text":"Foto de cena","src":"https:\/\/i0.wp.com\/caetenews.com.br\/semana\/wp-content\/uploads\/2021\/01\/porqueasmulheresmatam3.jpg?fit=600%2C343&ssl=1&resize=350%2C200","width":350,"height":200,"srcset":"https:\/\/i0.wp.com\/caetenews.com.br\/semana\/wp-content\/uploads\/2021\/01\/porqueasmulheresmatam3.jpg?fit=600%2C343&ssl=1&resize=350%2C200 1x, https:\/\/i0.wp.com\/caetenews.com.br\/semana\/wp-content\/uploads\/2021\/01\/porqueasmulheresmatam3.jpg?fit=600%2C343&ssl=1&resize=525%2C300 1.5x"},"classes":[]}],"_links":{"self":[{"href":"https:\/\/caetenews.com.br\/semana\/wp-json\/wp\/v2\/posts\/4556","targetHints":{"allow":["GET"]}}],"collection":[{"href":"https:\/\/caetenews.com.br\/semana\/wp-json\/wp\/v2\/posts"}],"about":[{"href":"https:\/\/caetenews.com.br\/semana\/wp-json\/wp\/v2\/types\/post"}],"author":[{"embeddable":true,"href":"https:\/\/caetenews.com.br\/semana\/wp-json\/wp\/v2\/users\/1"}],"replies":[{"embeddable":true,"href":"https:\/\/caetenews.com.br\/semana\/wp-json\/wp\/v2\/comments?post=4556"}],"version-history":[{"count":0,"href":"https:\/\/caetenews.com.br\/semana\/wp-json\/wp\/v2\/posts\/4556\/revisions"}],"wp:featuredmedia":[{"embeddable":true,"href":"https:\/\/caetenews.com.br\/semana\/wp-json\/wp\/v2\/media\/4557"}],"wp:attachment":[{"href":"https:\/\/caetenews.com.br\/semana\/wp-json\/wp\/v2\/media?parent=4556"}],"wp:term":[{"taxonomy":"category","embeddable":true,"href":"https:\/\/caetenews.com.br\/semana\/wp-json\/wp\/v2\/categories?post=4556"},{"taxonomy":"post_tag","embeddable":true,"href":"https:\/\/caetenews.com.br\/semana\/wp-json\/wp\/v2\/tags?post=4556"}],"curies":[{"name":"wp","href":"https:\/\/api.w.org\/{rel}","templated":true}]}}