{"id":4584,"date":"2021-08-16T10:16:33","date_gmt":"2021-08-16T13:16:33","guid":{"rendered":"https:\/\/caetenews.com.br\/semana\/?p=4584"},"modified":"2021-08-16T10:25:35","modified_gmt":"2021-08-16T13:25:35","slug":"l-o-c-a-ja-esta-disponivel-no-telecine","status":"publish","type":"post","link":"https:\/\/caetenews.com.br\/semana\/l-o-c-a-ja-esta-disponivel-no-telecine\/","title":{"rendered":"L.O.C.A. j\u00e1 est\u00e1 dispon\u00edvel no Telecine"},"content":{"rendered":"<p><em>Not\u00edcias do Telecine:<\/em><br \/>\n<img data-recalc-dims=\"1\" fetchpriority=\"high\" decoding=\"async\" data-attachment-id=\"4585\" data-permalink=\"https:\/\/caetenews.com.br\/semana\/l-o-c-a-ja-esta-disponivel-no-telecine\/loca2\/\" data-orig-file=\"https:\/\/i0.wp.com\/caetenews.com.br\/semana\/wp-content\/uploads\/2021\/08\/loca2.jpg?fit=600%2C340&amp;ssl=1\" data-orig-size=\"600,340\" data-comments-opened=\"0\" data-image-meta=\"{&quot;aperture&quot;:&quot;0&quot;,&quot;credit&quot;:&quot;&quot;,&quot;camera&quot;:&quot;&quot;,&quot;caption&quot;:&quot;&quot;,&quot;created_timestamp&quot;:&quot;0&quot;,&quot;copyright&quot;:&quot;&quot;,&quot;focal_length&quot;:&quot;0&quot;,&quot;iso&quot;:&quot;0&quot;,&quot;shutter_speed&quot;:&quot;0&quot;,&quot;title&quot;:&quot;&quot;,&quot;orientation&quot;:&quot;0&quot;}\" data-image-title=\"LOCA\" data-image-description=\"\" data-image-caption=\"\" data-large-file=\"https:\/\/i0.wp.com\/caetenews.com.br\/semana\/wp-content\/uploads\/2021\/08\/loca2.jpg?fit=600%2C340&amp;ssl=1\" src=\"https:\/\/i0.wp.com\/caetenews.com.br\/semana\/wp-content\/uploads\/2021\/08\/loca2.jpg?resize=600%2C340&#038;ssl=1\" alt=\"Foto de divulga\u00e7\u00e3o do filme em exibi\u00e7\u00e3o no Telecine\" width=\"600\" height=\"340\" class=\"alignnone size-full wp-image-4585\" \/><\/p>\n<h3>L.O.C.A.<\/h3>\n<p>Com\u00e9dia, Com\u00e9dia Rom\u00e2ntica<br \/>\n<strong>Estreia em 15 de agosto<\/strong><br \/>\nDire\u00e7\u00e3o: Claudia Jouvin<br \/>\nCom Mariana Ximenes, Rafael Zulu, Valentina Bandeira, D\u00e9bora Lamm, F\u00e1bio Assun\u00e7\u00e3o, Cris Vianna, Roberta Rodrigues, Luis Miranda, \u00c9rico Br\u00e1s, Victor Lamoglia<br \/>\nA jornalista Manuela (Mariana Ximenes) \u00e9 levada por Elena (D\u00e9bora Lamm) a um encontro do grupo de apoio LOCA, a Liga das Obsessivas Compulsivas por Amor. L\u00e1, a dupla se aproxima de Rebeca (Roberta Rodrigues), formando um trio. Enquanto se une em prol de um objetivo comum, o grupo serve de base para que Manuela escreva uma mat\u00e9ria.<br \/>\n<iframe width=\"560\" height=\"315\" src=\"https:\/\/www.youtube.com\/embed\/gQiWirBLMTM\" title=\"YouTube video player\" frameborder=\"0\" allow=\"accelerometer; autoplay; clipboard-write; encrypted-media; gyroscope; picture-in-picture\" allowfullscreen><\/iframe><\/p>\n","protected":false},"excerpt":{"rendered":"<p>Not\u00edcias do Telecine: L.O.C.A. Com\u00e9dia, Com\u00e9dia Rom\u00e2ntica Estreia em 15 de agosto Dire\u00e7\u00e3o: Claudia Jouvin Com Mariana Ximenes, Rafael Zulu, Valentina Bandeira, D\u00e9bora Lamm, F\u00e1bio Assun\u00e7\u00e3o, Cris Vianna, Roberta Rodrigues, Luis Miranda, \u00c9rico Br\u00e1s, Victor Lamoglia A jornalista Manuela (Mariana Ximenes) \u00e9 levada por Elena (D\u00e9bora Lamm) a um encontro do grupo de apoio LOCA, [&hellip;]<\/p>\n","protected":false},"author":1,"featured_media":4585,"comment_status":"closed","ping_status":"open","sticky":false,"template":"","format":"standard","meta":{"_monsterinsights_skip_tracking":false,"_monsterinsights_sitenote_active":false,"_monsterinsights_sitenote_note":"","_monsterinsights_sitenote_category":0,"_jetpack_memberships_contains_paid_content":false,"footnotes":"","jetpack_publicize_message":"","jetpack_publicize_feature_enabled":true,"jetpack_social_post_already_shared":true,"jetpack_social_options":{"image_generator_settings":{"template":"highway","default_image_id":0,"font":"","enabled":false},"version":2},"_wp_rev_ctl_limit":""},"categories":[204],"tags":[205],"class_list":["post-4584","post","type-post","status-publish","format-standard","has-post-thumbnail","hentry","category-telecine","tag-telecine"],"aioseo_notices":[],"jetpack_publicize_connections":[],"jetpack_featured_media_url":"https:\/\/i0.wp.com\/caetenews.com.br\/semana\/wp-content\/uploads\/2021\/08\/loca2.jpg?fit=600%2C340&ssl=1","jetpack_shortlink":"https:\/\/wp.me\/pcIKFi-1bW","jetpack_sharing_enabled":true,"jetpack_likes_enabled":true,"jetpack-related-posts":[{"id":4657,"url":"https:\/\/caetenews.com.br\/semana\/panico-nas-alturas-estreia-no-telecine-nesta-segunda-dia-30\/","url_meta":{"origin":4584,"position":0},"title":"&#8216;P\u00e2nico nas Alturas&#8217; estreia no Telecine nesta segunda, dia 30","author":"Paulo Ant\u00f4nio","date":"30\/08\/2021","format":false,"excerpt":"Em 'P\u00e2nico nas Alturas' que estreia no Telecine nesta segunda, dia 30, Cinco adolescentes invadem um telef\u00e9rico na noite de R\u00e9veillon em busca...","rel":"","context":"Em &quot;_Telecine&quot;","block_context":{"text":"_Telecine","link":"https:\/\/caetenews.com.br\/semana\/category\/telecine\/"},"img":{"alt_text":"Foto de P\u00e2nico nas Alturas, em estreia no Telecine","src":"https:\/\/i0.wp.com\/caetenews.com.br\/semana\/wp-content\/uploads\/2021\/08\/paniconasalturas.jpg?fit=600%2C338&ssl=1&resize=350%2C200","width":350,"height":200,"srcset":"https:\/\/i0.wp.com\/caetenews.com.br\/semana\/wp-content\/uploads\/2021\/08\/paniconasalturas.jpg?fit=600%2C338&ssl=1&resize=350%2C200 1x, https:\/\/i0.wp.com\/caetenews.com.br\/semana\/wp-content\/uploads\/2021\/08\/paniconasalturas.jpg?fit=600%2C338&ssl=1&resize=525%2C300 1.5x"},"classes":[]},{"id":4703,"url":"https:\/\/caetenews.com.br\/semana\/doc-precisamos-falar-sobre-a-i-ja-esta-disponivel-no-telecine\/","url_meta":{"origin":4584,"position":1},"title":"Doc &#8216;Precisamos Falar Sobre A.I.&#8217; j\u00e1 est\u00e1 dispon\u00edvel no Telecine","author":"Paulo Ant\u00f4nio","date":"13\/09\/2021","format":false,"excerpt":"Precisamos Falar Sobre A.I., estreando no Telecine, traz m debate sobre o futuro da Intelig\u00eancia Artificial, analisando como ela pode...","rel":"","context":"Em &quot;_Telecine&quot;","block_context":{"text":"_Telecine","link":"https:\/\/caetenews.com.br\/semana\/category\/telecine\/"},"img":{"alt_text":"Foto de divulga\u00e7\u00e3o de Precisamos Falar Sobre A.I., em exibi\u00e7\u00e3o no Telecine","src":"https:\/\/i0.wp.com\/caetenews.com.br\/semana\/wp-content\/uploads\/2021\/09\/precisamosfalar.jpg?fit=600%2C338&ssl=1&resize=350%2C200","width":350,"height":200,"srcset":"https:\/\/i0.wp.com\/caetenews.com.br\/semana\/wp-content\/uploads\/2021\/09\/precisamosfalar.jpg?fit=600%2C338&ssl=1&resize=350%2C200 1x, https:\/\/i0.wp.com\/caetenews.com.br\/semana\/wp-content\/uploads\/2021\/09\/precisamosfalar.jpg?fit=600%2C338&ssl=1&resize=525%2C300 1.5x"},"classes":[]},{"id":4360,"url":"https:\/\/caetenews.com.br\/semana\/preparacao-de-edicao\/","url_meta":{"origin":4584,"position":2},"title":"Drama de &#8216;Cora\u00e7\u00e3o Violento&#8217; estreia no Telecine nesta ter\u00e7a, dia 16","author":"Paulo Ant\u00f4nio","date":"15\/11\/2021","format":false,"excerpt":"Quando o ambicioso e arrumadinho Scott Turner herda o grande e indisciplinado Hooch, ele logo percebe que o cachorro que ...","rel":"","context":"Em &quot;_Telecine&quot;","block_context":{"text":"_Telecine","link":"https:\/\/caetenews.com.br\/semana\/category\/telecine\/"},"img":{"alt_text":"Foto de Cora\u00e7\u00e3o Violento, em Telecine","src":"https:\/\/i0.wp.com\/caetenews.com.br\/semana\/wp-content\/uploads\/2022\/07\/coracaoviolento.jpg?fit=600%2C360&ssl=1&resize=350%2C200","width":350,"height":200,"srcset":"https:\/\/i0.wp.com\/caetenews.com.br\/semana\/wp-content\/uploads\/2022\/07\/coracaoviolento.jpg?fit=600%2C360&ssl=1&resize=350%2C200 1x, https:\/\/i0.wp.com\/caetenews.com.br\/semana\/wp-content\/uploads\/2022\/07\/coracaoviolento.jpg?fit=600%2C360&ssl=1&resize=525%2C300 1.5x"},"classes":[]},{"id":3401,"url":"https:\/\/caetenews.com.br\/semana\/haja-coracao\/","url_meta":{"origin":4584,"position":3},"title":"Haja Cora\u00e7\u00e3o: Resumos, not\u00edcias e destaques","author":"Paulo Ant\u00f4nio","date":"19\/10\/2020","format":false,"excerpt":"Sinopse da novela Haja Cora\u00e7\u00e3o!, escrita por Daniel Ortiz, faz uma releitura de Sassaricando, trama de Silvio de Abreu, exibida pela TV Globo em 1987. A proposta rom\u00e2ntica e divertida se prop\u00f5e a envolver o p\u00fablico com a hist\u00f3ria de Tancinha, Apolo e Beto, interpretados por Mariana Ximenes, Malvino Salvador\u2026","rel":"","context":"Em &quot;In\u00edcio&quot;","block_context":{"text":"In\u00edcio","link":"https:\/\/caetenews.com.br\/semana\/category\/tv-aberta\/"},"img":{"alt_text":"","src":"","width":0,"height":0},"classes":[]},{"id":3689,"url":"https:\/\/caetenews.com.br\/semana\/haja-coracao-apolo-da-chance-a-tamara-sem-esquecer-tancinha\/","url_meta":{"origin":4584,"position":4},"title":"&#8216;Haja Cora\u00e7\u00e3o&#8217;: Apolo d\u00e1 chance a Tamara, sem esquecer Tancinha","author":"Paulo Ant\u00f4nio","date":"24\/01\/2021","format":false,"excerpt":"Tamara (Cleo) foi direta, demonstrou seu interesse e conquistou a aten\u00e7\u00e3o de Apolo (Malvino Saldavor). Agora, a mo\u00e7a cheia de atitude vai descobrir que o piloto pode ser t\u00e3o direto quanto ela. Ele conta a Tamara sobre o rompimento do noivado com Tancinha (Mariana Ximenes) e questiona a corredora. \"A\u2026","rel":"","context":"Em &quot;Not\u00edcias das novelas&quot;","block_context":{"text":"Not\u00edcias das novelas","link":"https:\/\/caetenews.com.br\/semana\/category\/noticias-das-nov-elas\/"},"img":{"alt_text":"Foto de Apolo","src":"https:\/\/i0.wp.com\/caetenews.com.br\/semana\/wp-content\/uploads\/2021\/01\/26273.jpg?fit=600%2C338&ssl=1&resize=350%2C200","width":350,"height":200,"srcset":"https:\/\/i0.wp.com\/caetenews.com.br\/semana\/wp-content\/uploads\/2021\/01\/26273.jpg?fit=600%2C338&ssl=1&resize=350%2C200 1x, https:\/\/i0.wp.com\/caetenews.com.br\/semana\/wp-content\/uploads\/2021\/01\/26273.jpg?fit=600%2C338&ssl=1&resize=525%2C300 1.5x"},"classes":[]},{"id":4706,"url":"https:\/\/caetenews.com.br\/semana\/netflix-estreia-aluga-se-um-paraiso-nesta-terca-dia14\/","url_meta":{"origin":4584,"position":5},"title":"Netflix estreia &#8216;Aluga-se Um Para\u00edso&#8217; nesta ter\u00e7a, dia14","author":"Paulo Ant\u00f4nio","date":"14\/09\/2021","format":false,"excerpt":"Em Aluga-se Um Para\u00edso, estreando na Neflix, atentos a todas as carteiras e estilos, tr\u00eas especialistas guiam-nos pelo mundo das viagens em...","rel":"","context":"Em &quot;Netflix&quot;","block_context":{"text":"Netflix","link":"https:\/\/caetenews.com.br\/semana\/category\/netflix\/"},"img":{"alt_text":"Foto de Aluga-se Um Para\u00edso, em estreia na Netflix","src":"https:\/\/i0.wp.com\/caetenews.com.br\/semana\/wp-content\/uploads\/2021\/09\/alugaseumparaisot2.jpg?fit=600%2C395&ssl=1&resize=350%2C200","width":350,"height":200,"srcset":"https:\/\/i0.wp.com\/caetenews.com.br\/semana\/wp-content\/uploads\/2021\/09\/alugaseumparaisot2.jpg?fit=600%2C395&ssl=1&resize=350%2C200 1x, https:\/\/i0.wp.com\/caetenews.com.br\/semana\/wp-content\/uploads\/2021\/09\/alugaseumparaisot2.jpg?fit=600%2C395&ssl=1&resize=525%2C300 1.5x"},"classes":[]}],"_links":{"self":[{"href":"https:\/\/caetenews.com.br\/semana\/wp-json\/wp\/v2\/posts\/4584","targetHints":{"allow":["GET"]}}],"collection":[{"href":"https:\/\/caetenews.com.br\/semana\/wp-json\/wp\/v2\/posts"}],"about":[{"href":"https:\/\/caetenews.com.br\/semana\/wp-json\/wp\/v2\/types\/post"}],"author":[{"embeddable":true,"href":"https:\/\/caetenews.com.br\/semana\/wp-json\/wp\/v2\/users\/1"}],"replies":[{"embeddable":true,"href":"https:\/\/caetenews.com.br\/semana\/wp-json\/wp\/v2\/comments?post=4584"}],"version-history":[{"count":0,"href":"https:\/\/caetenews.com.br\/semana\/wp-json\/wp\/v2\/posts\/4584\/revisions"}],"wp:featuredmedia":[{"embeddable":true,"href":"https:\/\/caetenews.com.br\/semana\/wp-json\/wp\/v2\/media\/4585"}],"wp:attachment":[{"href":"https:\/\/caetenews.com.br\/semana\/wp-json\/wp\/v2\/media?parent=4584"}],"wp:term":[{"taxonomy":"category","embeddable":true,"href":"https:\/\/caetenews.com.br\/semana\/wp-json\/wp\/v2\/categories?post=4584"},{"taxonomy":"post_tag","embeddable":true,"href":"https:\/\/caetenews.com.br\/semana\/wp-json\/wp\/v2\/tags?post=4584"}],"curies":[{"name":"wp","href":"https:\/\/api.w.org\/{rel}","templated":true}]}}