{"id":4657,"date":"2021-08-30T11:19:21","date_gmt":"2021-08-30T14:19:21","guid":{"rendered":"https:\/\/caetenews.com.br\/semana\/?p=4657"},"modified":"2021-08-30T12:09:37","modified_gmt":"2021-08-30T15:09:37","slug":"panico-nas-alturas-estreia-no-telecine-nesta-segunda-dia-30","status":"publish","type":"post","link":"https:\/\/caetenews.com.br\/semana\/panico-nas-alturas-estreia-no-telecine-nesta-segunda-dia-30\/","title":{"rendered":"&#8216;P\u00e2nico nas Alturas&#8217; estreia no Telecine nesta segunda, dia 30"},"content":{"rendered":"<p><em>Estreia no Telecine;<\/em><br \/>\n<\/h3>\n<p>P\u00e2nico nas Alturas<\/p>\n<h3>\n<img data-recalc-dims=\"1\" fetchpriority=\"high\" decoding=\"async\" data-attachment-id=\"4658\" data-permalink=\"https:\/\/caetenews.com.br\/semana\/panico-nas-alturas-estreia-no-telecine-nesta-segunda-dia-30\/paniconasalturas\/\" data-orig-file=\"https:\/\/i0.wp.com\/caetenews.com.br\/semana\/wp-content\/uploads\/2021\/08\/paniconasalturas.jpg?fit=600%2C338&amp;ssl=1\" data-orig-size=\"600,338\" data-comments-opened=\"0\" data-image-meta=\"{&quot;aperture&quot;:&quot;0&quot;,&quot;credit&quot;:&quot;&quot;,&quot;camera&quot;:&quot;&quot;,&quot;caption&quot;:&quot;&quot;,&quot;created_timestamp&quot;:&quot;0&quot;,&quot;copyright&quot;:&quot;&quot;,&quot;focal_length&quot;:&quot;0&quot;,&quot;iso&quot;:&quot;0&quot;,&quot;shutter_speed&quot;:&quot;0&quot;,&quot;title&quot;:&quot;&quot;,&quot;orientation&quot;:&quot;0&quot;}\" data-image-title=\"P\u00e2nico nas Alturas\" data-image-description=\"\" data-image-caption=\"\" data-large-file=\"https:\/\/i0.wp.com\/caetenews.com.br\/semana\/wp-content\/uploads\/2021\/08\/paniconasalturas.jpg?fit=600%2C338&amp;ssl=1\" src=\"https:\/\/i0.wp.com\/caetenews.com.br\/semana\/wp-content\/uploads\/2021\/08\/paniconasalturas.jpg?resize=600%2C338&#038;ssl=1\" alt=\"Foto de P\u00e2nico nas Alturas, em estreia no Telecine\" width=\"600\" height=\"338\" class=\"alignnone size-full wp-image-4658\" \/><\/p>\n<h3>P\u00e2nico nas Alturas<\/h3>\n<p>(Otryv0<br \/>\nA\u00e7\u00e3o, A\u00e7\u00e3o Dram\u00e1tica<br \/>\nDire\u00e7\u00e3o: Tigran Sahakyan<br \/>\nCom Irina Antonenko, Andrey Nazimov<br \/>\nDispon\u00edvel a partir de 30 de agosto<br \/>\nCinco adolescentes invadem um telef\u00e9rico na noite de R\u00e9veillon em busca de uma ousada e divertida virada de ano. No entanto, para a surpresa de todos, eles ficam presos na metade do percurso, no ambiente hostil e gelado do lado de fora. \u00c9 quando o grupo inicia uma luta sem precedentes por sobreviv\u00eancia.<\/p>\n<h3>Saiba mais<\/h3>\n<p><a href=\"https:\/\/www.tvnovelas.com.br\/filmes\/\" target=\"_blank\" rel=\"noopener noreferrer\"><strong>Programa\u00e7\u00e3o de filmes na TV aberta<\/strong><\/a><br \/>\n<a href=\"https:\/\/tvnovelas.com.br\/filmes\/the-chair-valerie-2-e-todas-as-estreias-da-netflix-para-agosto\/\" target=\"_blank\" rel=\"noopener noreferrer\"><strong>Estreias de in\u00e9ditos na Netflix no m\u00eas de agosto\/2021<\/strong><\/a><br \/>\n<a href=\"https:\/\/tvnovelas.com.br\/filmes\/filmes-e-series-ineditos-em-estreia-na-semana-na-netflix\/\" target=\"_blank\" rel=\"noopener noreferrer\"><strong>Estreias da semana na Netflix<\/strong><\/a><br \/>\n<a href=\"https:\/\/tvnovelas.com.br\/filmes\/o-que-ha-de-novo-no-globoplay\/\" target=\"_blank\" rel=\"noopener noreferrer\"><strong>Estreias e novidades no Globoplay<\/strong><\/a><br \/>\n<a href=\"https:\/\/www.tvnovelas.com.br\/novelas\/\" target=\"_blank\" rel=\"noopener noreferrer\"><strong>Resumos de novelas<\/strong><\/a><br \/>\n<a href=\"https:\/\/caetenews.com.br\/semana\/filmes-da-globo-na-sessao-da-tarde-desta-semana\/\" rel=\"noopener\" target=\"_blank\"><strong>Confira os filmes da semana na Sess\u00e3o da Tarde<\/strong><\/a> <\/p>\n","protected":false},"excerpt":{"rendered":"<p>Em &#8216;P\u00e2nico nas Alturas&#8217; que estreia no Telecine nesta segunda, dia 30, Cinco adolescentes invadem um telef\u00e9rico na noite de R\u00e9veillon em busca&#8230;<\/p>\n","protected":false},"author":1,"featured_media":4658,"comment_status":"closed","ping_status":"open","sticky":false,"template":"","format":"standard","meta":{"_monsterinsights_skip_tracking":false,"_monsterinsights_sitenote_active":false,"_monsterinsights_sitenote_note":"","_monsterinsights_sitenote_category":0,"_jetpack_memberships_contains_paid_content":false,"footnotes":"","jetpack_publicize_message":"","jetpack_publicize_feature_enabled":true,"jetpack_social_post_already_shared":false,"jetpack_social_options":{"image_generator_settings":{"template":"highway","default_image_id":0,"font":"","enabled":false},"version":2},"_wp_rev_ctl_limit":""},"categories":[204],"tags":[205],"class_list":["post-4657","post","type-post","status-publish","format-standard","has-post-thumbnail","hentry","category-telecine","tag-telecine"],"aioseo_notices":[],"jetpack_publicize_connections":[],"jetpack_featured_media_url":"https:\/\/i0.wp.com\/caetenews.com.br\/semana\/wp-content\/uploads\/2021\/08\/paniconasalturas.jpg?fit=600%2C338&ssl=1","jetpack_shortlink":"https:\/\/wp.me\/pcIKFi-1d7","jetpack_sharing_enabled":true,"jetpack_likes_enabled":true,"jetpack-related-posts":[{"id":4360,"url":"https:\/\/caetenews.com.br\/semana\/preparacao-de-edicao\/","url_meta":{"origin":4657,"position":0},"title":"Drama de &#8216;Cora\u00e7\u00e3o Violento&#8217; estreia no Telecine nesta ter\u00e7a, dia 16","author":"Paulo Ant\u00f4nio","date":"15\/11\/2021","format":false,"excerpt":"Quando o ambicioso e arrumadinho Scott Turner herda o grande e indisciplinado Hooch, ele logo percebe que o cachorro que ...","rel":"","context":"Em &quot;_Telecine&quot;","block_context":{"text":"_Telecine","link":"https:\/\/caetenews.com.br\/semana\/category\/telecine\/"},"img":{"alt_text":"Foto de Cora\u00e7\u00e3o Violento, em Telecine","src":"https:\/\/i0.wp.com\/caetenews.com.br\/semana\/wp-content\/uploads\/2022\/07\/coracaoviolento.jpg?fit=600%2C360&ssl=1&resize=350%2C200","width":350,"height":200,"srcset":"https:\/\/i0.wp.com\/caetenews.com.br\/semana\/wp-content\/uploads\/2022\/07\/coracaoviolento.jpg?fit=600%2C360&ssl=1&resize=350%2C200 1x, https:\/\/i0.wp.com\/caetenews.com.br\/semana\/wp-content\/uploads\/2022\/07\/coracaoviolento.jpg?fit=600%2C360&ssl=1&resize=525%2C300 1.5x"},"classes":[]},{"id":4703,"url":"https:\/\/caetenews.com.br\/semana\/doc-precisamos-falar-sobre-a-i-ja-esta-disponivel-no-telecine\/","url_meta":{"origin":4657,"position":1},"title":"Doc &#8216;Precisamos Falar Sobre A.I.&#8217; j\u00e1 est\u00e1 dispon\u00edvel no Telecine","author":"Paulo Ant\u00f4nio","date":"13\/09\/2021","format":false,"excerpt":"Precisamos Falar Sobre A.I., estreando no Telecine, traz m debate sobre o futuro da Intelig\u00eancia Artificial, analisando como ela pode...","rel":"","context":"Em &quot;_Telecine&quot;","block_context":{"text":"_Telecine","link":"https:\/\/caetenews.com.br\/semana\/category\/telecine\/"},"img":{"alt_text":"Foto de divulga\u00e7\u00e3o de Precisamos Falar Sobre A.I., em exibi\u00e7\u00e3o no Telecine","src":"https:\/\/i0.wp.com\/caetenews.com.br\/semana\/wp-content\/uploads\/2021\/09\/precisamosfalar.jpg?fit=600%2C338&ssl=1&resize=350%2C200","width":350,"height":200,"srcset":"https:\/\/i0.wp.com\/caetenews.com.br\/semana\/wp-content\/uploads\/2021\/09\/precisamosfalar.jpg?fit=600%2C338&ssl=1&resize=350%2C200 1x, https:\/\/i0.wp.com\/caetenews.com.br\/semana\/wp-content\/uploads\/2021\/09\/precisamosfalar.jpg?fit=600%2C338&ssl=1&resize=525%2C300 1.5x"},"classes":[]},{"id":4584,"url":"https:\/\/caetenews.com.br\/semana\/l-o-c-a-ja-esta-disponivel-no-telecine\/","url_meta":{"origin":4657,"position":2},"title":"L.O.C.A. j\u00e1 est\u00e1 dispon\u00edvel no Telecine","author":"Paulo Ant\u00f4nio","date":"16\/08\/2021","format":false,"excerpt":"Not\u00edcias do Telecine: L.O.C.A. Com\u00e9dia, Com\u00e9dia Rom\u00e2ntica Estreia em 15 de agosto Dire\u00e7\u00e3o: Claudia Jouvin Com Mariana Ximenes, Rafael Zulu, Valentina Bandeira, D\u00e9bora Lamm, F\u00e1bio Assun\u00e7\u00e3o, Cris Vianna, Roberta Rodrigues, Luis Miranda, \u00c9rico Br\u00e1s, Victor Lamoglia A jornalista Manuela (Mariana Ximenes) \u00e9 levada por Elena (D\u00e9bora Lamm) a um encontro\u2026","rel":"","context":"Em &quot;_Telecine&quot;","block_context":{"text":"_Telecine","link":"https:\/\/caetenews.com.br\/semana\/category\/telecine\/"},"img":{"alt_text":"Foto de divulga\u00e7\u00e3o do filme em exibi\u00e7\u00e3o no Telecine","src":"https:\/\/i0.wp.com\/caetenews.com.br\/semana\/wp-content\/uploads\/2021\/08\/loca2.jpg?fit=600%2C340&ssl=1&resize=350%2C200","width":350,"height":200,"srcset":"https:\/\/i0.wp.com\/caetenews.com.br\/semana\/wp-content\/uploads\/2021\/08\/loca2.jpg?fit=600%2C340&ssl=1&resize=350%2C200 1x, https:\/\/i0.wp.com\/caetenews.com.br\/semana\/wp-content\/uploads\/2021\/08\/loca2.jpg?fit=600%2C340&ssl=1&resize=525%2C300 1.5x"},"classes":[]},{"id":4262,"url":"https:\/\/caetenews.com.br\/semana\/serie-panice-a-novidade-no-prime-video-na-sexta-dia-28\/","url_meta":{"origin":4657,"position":3},"title":"S\u00e9rie &#8216;Panic&#8217; \u00e9 a novidade no Prime V\u00eddeo na sexta, dia 28","author":"Paulo Ant\u00f4nio","date":"21\/05\/2021","format":false,"excerpt":"Panic Temporada 1 Estreia em 28 de maio Drama Com Olivia Welch, Mike Faist, Jessica Sula Na esquecida cidade de Carp, Texas, o P\u00e2nico \u00e9 a \u00fanica sa\u00edda. Todo ver\u00e3o, jovens arriscam suas vidas competindo em uma s\u00e9rie de desafios pela chance de ganhar um pr\u00eamio em dinheiro. Ap\u00f3s a\u2026","rel":"","context":"Em &quot;_Prime V\u00eddeo&quot;","block_context":{"text":"_Prime V\u00eddeo","link":"https:\/\/caetenews.com.br\/semana\/category\/prime-video\/"},"img":{"alt_text":"Foto de divulga\u00e7\u00e3o","src":"https:\/\/i0.wp.com\/caetenews.com.br\/semana\/wp-content\/uploads\/2021\/05\/panic2.jpg?fit=600%2C400&ssl=1&resize=350%2C200","width":350,"height":200,"srcset":"https:\/\/i0.wp.com\/caetenews.com.br\/semana\/wp-content\/uploads\/2021\/05\/panic2.jpg?fit=600%2C400&ssl=1&resize=350%2C200 1x, https:\/\/i0.wp.com\/caetenews.com.br\/semana\/wp-content\/uploads\/2021\/05\/panic2.jpg?fit=600%2C400&ssl=1&resize=525%2C300 1.5x"},"classes":[]},{"id":4706,"url":"https:\/\/caetenews.com.br\/semana\/netflix-estreia-aluga-se-um-paraiso-nesta-terca-dia14\/","url_meta":{"origin":4657,"position":4},"title":"Netflix estreia &#8216;Aluga-se Um Para\u00edso&#8217; nesta ter\u00e7a, dia14","author":"Paulo Ant\u00f4nio","date":"14\/09\/2021","format":false,"excerpt":"Em Aluga-se Um Para\u00edso, estreando na Neflix, atentos a todas as carteiras e estilos, tr\u00eas especialistas guiam-nos pelo mundo das viagens em...","rel":"","context":"Em &quot;Netflix&quot;","block_context":{"text":"Netflix","link":"https:\/\/caetenews.com.br\/semana\/category\/netflix\/"},"img":{"alt_text":"Foto de Aluga-se Um Para\u00edso, em estreia na Netflix","src":"https:\/\/i0.wp.com\/caetenews.com.br\/semana\/wp-content\/uploads\/2021\/09\/alugaseumparaisot2.jpg?fit=600%2C395&ssl=1&resize=350%2C200","width":350,"height":200,"srcset":"https:\/\/i0.wp.com\/caetenews.com.br\/semana\/wp-content\/uploads\/2021\/09\/alugaseumparaisot2.jpg?fit=600%2C395&ssl=1&resize=350%2C200 1x, https:\/\/i0.wp.com\/caetenews.com.br\/semana\/wp-content\/uploads\/2021\/09\/alugaseumparaisot2.jpg?fit=600%2C395&ssl=1&resize=525%2C300 1.5x"},"classes":[]},{"id":5470,"url":"https:\/\/caetenews.com.br\/semana\/novela-a-desalmada-estreia-no-sbt-nesta-segunda-dia-4\/","url_meta":{"origin":4657,"position":5},"title":"Novela &#8216;A Desalmada&#8217; estreia no SBT nesta segunda, dia 4","author":"Paulo Ant\u00f4nio","date":"04\/07\/2022","format":false,"excerpt":"O SBT passa a exibir, a partir desta segunda-feira, 4 de julho, a novela \u201cA Desalmada\u201d, protagonizada por Livia Brito e Jos\u00e9 Ron. A trama, produzida por\u00a0Jos\u00e9 Alberto Castro....","rel":"","context":"Em &quot;Not\u00edcias das novelas&quot;","block_context":{"text":"Not\u00edcias das novelas","link":"https:\/\/caetenews.com.br\/semana\/category\/noticias-das-nov-elas\/"},"img":{"alt_text":"Foto de cena da novela A Desalmada","src":"https:\/\/i0.wp.com\/caetenews.com.br\/semana\/wp-content\/uploads\/2022\/07\/adesalmada01.jpg?fit=589%2C375&ssl=1&resize=350%2C200","width":350,"height":200,"srcset":"https:\/\/i0.wp.com\/caetenews.com.br\/semana\/wp-content\/uploads\/2022\/07\/adesalmada01.jpg?fit=589%2C375&ssl=1&resize=350%2C200 1x, https:\/\/i0.wp.com\/caetenews.com.br\/semana\/wp-content\/uploads\/2022\/07\/adesalmada01.jpg?fit=589%2C375&ssl=1&resize=525%2C300 1.5x"},"classes":[]}],"_links":{"self":[{"href":"https:\/\/caetenews.com.br\/semana\/wp-json\/wp\/v2\/posts\/4657","targetHints":{"allow":["GET"]}}],"collection":[{"href":"https:\/\/caetenews.com.br\/semana\/wp-json\/wp\/v2\/posts"}],"about":[{"href":"https:\/\/caetenews.com.br\/semana\/wp-json\/wp\/v2\/types\/post"}],"author":[{"embeddable":true,"href":"https:\/\/caetenews.com.br\/semana\/wp-json\/wp\/v2\/users\/1"}],"replies":[{"embeddable":true,"href":"https:\/\/caetenews.com.br\/semana\/wp-json\/wp\/v2\/comments?post=4657"}],"version-history":[{"count":0,"href":"https:\/\/caetenews.com.br\/semana\/wp-json\/wp\/v2\/posts\/4657\/revisions"}],"wp:featuredmedia":[{"embeddable":true,"href":"https:\/\/caetenews.com.br\/semana\/wp-json\/wp\/v2\/media\/4658"}],"wp:attachment":[{"href":"https:\/\/caetenews.com.br\/semana\/wp-json\/wp\/v2\/media?parent=4657"}],"wp:term":[{"taxonomy":"category","embeddable":true,"href":"https:\/\/caetenews.com.br\/semana\/wp-json\/wp\/v2\/categories?post=4657"},{"taxonomy":"post_tag","embeddable":true,"href":"https:\/\/caetenews.com.br\/semana\/wp-json\/wp\/v2\/tags?post=4657"}],"curies":[{"name":"wp","href":"https:\/\/api.w.org\/{rel}","templated":true}]}}