{"id":4703,"date":"2021-09-13T17:48:19","date_gmt":"2021-09-13T20:48:19","guid":{"rendered":"https:\/\/caetenews.com.br\/semana\/?p=4703"},"modified":"2021-09-13T17:48:19","modified_gmt":"2021-09-13T20:48:19","slug":"doc-precisamos-falar-sobre-a-i-ja-esta-disponivel-no-telecine","status":"publish","type":"post","link":"https:\/\/caetenews.com.br\/semana\/doc-precisamos-falar-sobre-a-i-ja-esta-disponivel-no-telecine\/","title":{"rendered":"Doc &#8216;Precisamos Falar Sobre A.I.&#8217; j\u00e1 est\u00e1 dispon\u00edvel no Telecine"},"content":{"rendered":"<p><em>Not\u00edcias de Telecine:<\/em><br \/>\n<img data-recalc-dims=\"1\" fetchpriority=\"high\" decoding=\"async\" data-attachment-id=\"4704\" data-permalink=\"https:\/\/caetenews.com.br\/semana\/doc-precisamos-falar-sobre-a-i-ja-esta-disponivel-no-telecine\/precisamosfalar\/\" data-orig-file=\"https:\/\/i0.wp.com\/caetenews.com.br\/semana\/wp-content\/uploads\/2021\/09\/precisamosfalar.jpg?fit=600%2C338&amp;ssl=1\" data-orig-size=\"600,338\" data-comments-opened=\"0\" data-image-meta=\"{&quot;aperture&quot;:&quot;0&quot;,&quot;credit&quot;:&quot;&quot;,&quot;camera&quot;:&quot;&quot;,&quot;caption&quot;:&quot;&quot;,&quot;created_timestamp&quot;:&quot;0&quot;,&quot;copyright&quot;:&quot;&quot;,&quot;focal_length&quot;:&quot;0&quot;,&quot;iso&quot;:&quot;0&quot;,&quot;shutter_speed&quot;:&quot;0&quot;,&quot;title&quot;:&quot;&quot;,&quot;orientation&quot;:&quot;0&quot;}\" data-image-title=\"Precisamos Falar Sobre A.I.\" data-image-description=\"\" data-image-caption=\"\" data-large-file=\"https:\/\/i0.wp.com\/caetenews.com.br\/semana\/wp-content\/uploads\/2021\/09\/precisamosfalar.jpg?fit=600%2C338&amp;ssl=1\" src=\"https:\/\/i0.wp.com\/caetenews.com.br\/semana\/wp-content\/uploads\/2021\/09\/precisamosfalar.jpg?resize=600%2C338&#038;ssl=1\" alt=\"Foto de divulga\u00e7\u00e3o de Precisamos Falar Sobre A.I., em exibi\u00e7\u00e3o no Telecine\" width=\"600\" height=\"338\" class=\"alignnone size-full wp-image-4704\" \/><\/p>\n<h3>Precisamos Falar Sobre A.I.<\/h3>\n<p>(We Need To Talk About A.I)<br \/>\nNova Zel\u00e2ndia (2020) &#8211; Document\u00e1rio, Document\u00e1rio Independente<br \/>\nDispon\u00edvel a partir de 12\/09 &#8211; 00h<br \/>\nDire\u00e7\u00e3o: Leanne Pooley<br \/>\nElenco: Sam Harris, Max Tegmark, Keir Dullea<br \/>\nUm debate sobre o futuro da Intelig\u00eancia Artificial, analisando como ela pode impactar nossa sociedade nos pr\u00f3ximos anos. Contando com a opini\u00e3o de diversos especialistas no assunto, o document\u00e1rio levanta questionamentos e alertas sobre este tipo de tecnologia.<br \/>\n<iframe width=\"560\" height=\"315\" src=\"https:\/\/www.youtube.com\/embed\/UgAa6nZKJjQ\" title=\"YouTube video player\" frameborder=\"0\" allow=\"accelerometer; autoplay; clipboard-write; encrypted-media; gyroscope; picture-in-picture\" allowfullscreen><\/iframe><\/p>\n<h3>Saiba mais<\/h3>\n<p><a href=\"https:\/\/www.tvnovelas.com.br\/filmes\/\" target=\"_blank\" rel=\"noopener noreferrer\"><strong>Programa\u00e7\u00e3o de filmes na TV aberta<\/strong><\/a><br \/>\n<a href=\"https:\/\/tvnovelas.com.br\/filmes\/the-chair-valerie-2-e-todas-as-estreias-da-netflix-para-agosto\/\" target=\"_blank\" rel=\"noopener noreferrer\"><strong>Estreias de in\u00e9ditos na Netflix no m\u00eas de agosto\/2021<\/strong><\/a><br \/>\n<a href=\"https:\/\/tvnovelas.com.br\/filmes\/filmes-e-series-ineditos-em-estreia-na-semana-na-netflix\/\" target=\"_blank\" rel=\"noopener noreferrer\"><strong>Estreias da semana na Netflix<\/strong><\/a><br \/>\n<a href=\"https:\/\/tvnovelas.com.br\/filmes\/o-que-ha-de-novo-no-globoplay\/\" target=\"_blank\" rel=\"noopener noreferrer\"><strong>Estreias e novidades no Globoplay<\/strong><\/a><br \/>\n<a href=\"https:\/\/www.tvnovelas.com.br\/novelas\/\" target=\"_blank\" rel=\"noopener noreferrer\"><strong>Resumos de novelas<\/strong><\/a><br \/>\n<a href=\"https:\/\/caetenews.com.br\/semana\/filmes-da-globo-na-sessao-da-tarde-desta-semana\/\" rel=\"noopener\" target=\"_blank\"><strong>Confira os filmes da semana na Sess\u00e3o da Tarde<\/strong><\/a> <\/p>\n","protected":false},"excerpt":{"rendered":"<p>Precisamos Falar Sobre A.I., estreando no Telecine, traz m debate sobre o futuro da Intelig\u00eancia Artificial, analisando como ela pode&#8230;<\/p>\n","protected":false},"author":1,"featured_media":4704,"comment_status":"closed","ping_status":"open","sticky":false,"template":"","format":"standard","meta":{"_monsterinsights_skip_tracking":false,"_monsterinsights_sitenote_active":false,"_monsterinsights_sitenote_note":"","_monsterinsights_sitenote_category":0,"_jetpack_memberships_contains_paid_content":false,"footnotes":"","jetpack_publicize_message":"","jetpack_publicize_feature_enabled":true,"jetpack_social_post_already_shared":false,"jetpack_social_options":{"image_generator_settings":{"template":"highway","default_image_id":0,"font":"","enabled":false},"version":2},"_wp_rev_ctl_limit":""},"categories":[204],"tags":[205],"class_list":["post-4703","post","type-post","status-publish","format-standard","has-post-thumbnail","hentry","category-telecine","tag-telecine"],"aioseo_notices":[],"jetpack_publicize_connections":[],"jetpack_featured_media_url":"https:\/\/i0.wp.com\/caetenews.com.br\/semana\/wp-content\/uploads\/2021\/09\/precisamosfalar.jpg?fit=600%2C338&ssl=1","jetpack_shortlink":"https:\/\/wp.me\/pcIKFi-1dR","jetpack_sharing_enabled":true,"jetpack_likes_enabled":true,"jetpack-related-posts":[{"id":4584,"url":"https:\/\/caetenews.com.br\/semana\/l-o-c-a-ja-esta-disponivel-no-telecine\/","url_meta":{"origin":4703,"position":0},"title":"L.O.C.A. j\u00e1 est\u00e1 dispon\u00edvel no Telecine","author":"Paulo Ant\u00f4nio","date":"16\/08\/2021","format":false,"excerpt":"Not\u00edcias do Telecine: L.O.C.A. Com\u00e9dia, Com\u00e9dia Rom\u00e2ntica Estreia em 15 de agosto Dire\u00e7\u00e3o: Claudia Jouvin Com Mariana Ximenes, Rafael Zulu, Valentina Bandeira, D\u00e9bora Lamm, F\u00e1bio Assun\u00e7\u00e3o, Cris Vianna, Roberta Rodrigues, Luis Miranda, \u00c9rico Br\u00e1s, Victor Lamoglia A jornalista Manuela (Mariana Ximenes) \u00e9 levada por Elena (D\u00e9bora Lamm) a um encontro\u2026","rel":"","context":"Em &quot;_Telecine&quot;","block_context":{"text":"_Telecine","link":"https:\/\/caetenews.com.br\/semana\/category\/telecine\/"},"img":{"alt_text":"Foto de divulga\u00e7\u00e3o do filme em exibi\u00e7\u00e3o no Telecine","src":"https:\/\/i0.wp.com\/caetenews.com.br\/semana\/wp-content\/uploads\/2021\/08\/loca2.jpg?fit=600%2C340&ssl=1&resize=350%2C200","width":350,"height":200,"srcset":"https:\/\/i0.wp.com\/caetenews.com.br\/semana\/wp-content\/uploads\/2021\/08\/loca2.jpg?fit=600%2C340&ssl=1&resize=350%2C200 1x, https:\/\/i0.wp.com\/caetenews.com.br\/semana\/wp-content\/uploads\/2021\/08\/loca2.jpg?fit=600%2C340&ssl=1&resize=525%2C300 1.5x"},"classes":[]},{"id":4657,"url":"https:\/\/caetenews.com.br\/semana\/panico-nas-alturas-estreia-no-telecine-nesta-segunda-dia-30\/","url_meta":{"origin":4703,"position":1},"title":"&#8216;P\u00e2nico nas Alturas&#8217; estreia no Telecine nesta segunda, dia 30","author":"Paulo Ant\u00f4nio","date":"30\/08\/2021","format":false,"excerpt":"Em 'P\u00e2nico nas Alturas' que estreia no Telecine nesta segunda, dia 30, Cinco adolescentes invadem um telef\u00e9rico na noite de R\u00e9veillon em busca...","rel":"","context":"Em &quot;_Telecine&quot;","block_context":{"text":"_Telecine","link":"https:\/\/caetenews.com.br\/semana\/category\/telecine\/"},"img":{"alt_text":"Foto de P\u00e2nico nas Alturas, em estreia no Telecine","src":"https:\/\/i0.wp.com\/caetenews.com.br\/semana\/wp-content\/uploads\/2021\/08\/paniconasalturas.jpg?fit=600%2C338&ssl=1&resize=350%2C200","width":350,"height":200,"srcset":"https:\/\/i0.wp.com\/caetenews.com.br\/semana\/wp-content\/uploads\/2021\/08\/paniconasalturas.jpg?fit=600%2C338&ssl=1&resize=350%2C200 1x, https:\/\/i0.wp.com\/caetenews.com.br\/semana\/wp-content\/uploads\/2021\/08\/paniconasalturas.jpg?fit=600%2C338&ssl=1&resize=525%2C300 1.5x"},"classes":[]},{"id":4360,"url":"https:\/\/caetenews.com.br\/semana\/preparacao-de-edicao\/","url_meta":{"origin":4703,"position":2},"title":"Drama de &#8216;Cora\u00e7\u00e3o Violento&#8217; estreia no Telecine nesta ter\u00e7a, dia 16","author":"Paulo Ant\u00f4nio","date":"15\/11\/2021","format":false,"excerpt":"Quando o ambicioso e arrumadinho Scott Turner herda o grande e indisciplinado Hooch, ele logo percebe que o cachorro que ...","rel":"","context":"Em &quot;_Telecine&quot;","block_context":{"text":"_Telecine","link":"https:\/\/caetenews.com.br\/semana\/category\/telecine\/"},"img":{"alt_text":"Foto de Cora\u00e7\u00e3o Violento, em Telecine","src":"https:\/\/i0.wp.com\/caetenews.com.br\/semana\/wp-content\/uploads\/2022\/07\/coracaoviolento.jpg?fit=600%2C360&ssl=1&resize=350%2C200","width":350,"height":200,"srcset":"https:\/\/i0.wp.com\/caetenews.com.br\/semana\/wp-content\/uploads\/2022\/07\/coracaoviolento.jpg?fit=600%2C360&ssl=1&resize=350%2C200 1x, https:\/\/i0.wp.com\/caetenews.com.br\/semana\/wp-content\/uploads\/2022\/07\/coracaoviolento.jpg?fit=600%2C360&ssl=1&resize=525%2C300 1.5x"},"classes":[]},{"id":4706,"url":"https:\/\/caetenews.com.br\/semana\/netflix-estreia-aluga-se-um-paraiso-nesta-terca-dia14\/","url_meta":{"origin":4703,"position":3},"title":"Netflix estreia &#8216;Aluga-se Um Para\u00edso&#8217; nesta ter\u00e7a, dia14","author":"Paulo Ant\u00f4nio","date":"14\/09\/2021","format":false,"excerpt":"Em Aluga-se Um Para\u00edso, estreando na Neflix, atentos a todas as carteiras e estilos, tr\u00eas especialistas guiam-nos pelo mundo das viagens em...","rel":"","context":"Em &quot;Netflix&quot;","block_context":{"text":"Netflix","link":"https:\/\/caetenews.com.br\/semana\/category\/netflix\/"},"img":{"alt_text":"Foto de Aluga-se Um Para\u00edso, em estreia na Netflix","src":"https:\/\/i0.wp.com\/caetenews.com.br\/semana\/wp-content\/uploads\/2021\/09\/alugaseumparaisot2.jpg?fit=600%2C395&ssl=1&resize=350%2C200","width":350,"height":200,"srcset":"https:\/\/i0.wp.com\/caetenews.com.br\/semana\/wp-content\/uploads\/2021\/09\/alugaseumparaisot2.jpg?fit=600%2C395&ssl=1&resize=350%2C200 1x, https:\/\/i0.wp.com\/caetenews.com.br\/semana\/wp-content\/uploads\/2021\/09\/alugaseumparaisot2.jpg?fit=600%2C395&ssl=1&resize=525%2C300 1.5x"},"classes":[]},{"id":5397,"url":"https:\/\/caetenews.com.br\/semana\/filmes-pai-nosso-e-o-soldado-que-nao-existiu-estreiam-na-netflix-hoje-11\/","url_meta":{"origin":4703,"position":4},"title":"Filmes &#8216;Pai Nosso?&#8217; e &#8216;O Soldado que N\u00e3o Existiu&#8217; estreiam na Netflix hoje (11)","author":"Paulo Ant\u00f4nio","date":"11\/05\/2022","format":false,"excerpt":"Em Pai Nosso?, que estreia hoje na Netflix, concebida por insemina\u00e7\u00e3o artificial, Jacoba Ballard era filha \u00fanica e sempre sonhou em ter irm\u00e3os. At\u00e9 que um teste de DNA caseiro revelou que ela j\u00e1 tinha sete...","rel":"","context":"Em &quot;Netflix&quot;","block_context":{"text":"Netflix","link":"https:\/\/caetenews.com.br\/semana\/category\/netflix\/"},"img":{"alt_text":"foto de Pai Nosso?. e, estreia na Netflix","src":"https:\/\/i0.wp.com\/caetenews.com.br\/semana\/wp-content\/uploads\/2022\/05\/painosso.jpg?fit=600%2C360&ssl=1&resize=350%2C200","width":350,"height":200,"srcset":"https:\/\/i0.wp.com\/caetenews.com.br\/semana\/wp-content\/uploads\/2022\/05\/painosso.jpg?fit=600%2C360&ssl=1&resize=350%2C200 1x, https:\/\/i0.wp.com\/caetenews.com.br\/semana\/wp-content\/uploads\/2022\/05\/painosso.jpg?fit=600%2C360&ssl=1&resize=525%2C300 1.5x"},"classes":[]},{"id":5441,"url":"https:\/\/caetenews.com.br\/semana\/terra-de-ilusoes-internet-morte-e-mentiras-chega-a-netflix-nesta-quarta-dia-15\/","url_meta":{"origin":4703,"position":5},"title":"&#8216;Terra de Ilus\u00f5es: Internet, Morte e Mentiras&#8217; chega \u00e0 Netflix nesta quarta, dia 15","author":"Paulo Ant\u00f4nio","date":"15\/06\/2022","format":false,"excerpt":"Terra de Ilus\u00f5es: Internet, Morte e Mentiras, que estreia hoje na Netflix, \u00e9 uma s\u00e9rie de antologia em seis partes do diretor Brian Knappenberger, da Luminant Media...","rel":"","context":"Em &quot;Netflix&quot;","block_context":{"text":"Netflix","link":"https:\/\/caetenews.com.br\/semana\/category\/netflix\/"},"img":{"alt_text":"Foto de Terra de Ilus\u00f5es: Internet, Morte e Mentiras, em estrfeia na Netflix","src":"https:\/\/i0.wp.com\/caetenews.com.br\/semana\/wp-content\/uploads\/2022\/06\/terradeilusoes.jpg?fit=600%2C360&ssl=1&resize=350%2C200","width":350,"height":200,"srcset":"https:\/\/i0.wp.com\/caetenews.com.br\/semana\/wp-content\/uploads\/2022\/06\/terradeilusoes.jpg?fit=600%2C360&ssl=1&resize=350%2C200 1x, https:\/\/i0.wp.com\/caetenews.com.br\/semana\/wp-content\/uploads\/2022\/06\/terradeilusoes.jpg?fit=600%2C360&ssl=1&resize=525%2C300 1.5x"},"classes":[]}],"_links":{"self":[{"href":"https:\/\/caetenews.com.br\/semana\/wp-json\/wp\/v2\/posts\/4703","targetHints":{"allow":["GET"]}}],"collection":[{"href":"https:\/\/caetenews.com.br\/semana\/wp-json\/wp\/v2\/posts"}],"about":[{"href":"https:\/\/caetenews.com.br\/semana\/wp-json\/wp\/v2\/types\/post"}],"author":[{"embeddable":true,"href":"https:\/\/caetenews.com.br\/semana\/wp-json\/wp\/v2\/users\/1"}],"replies":[{"embeddable":true,"href":"https:\/\/caetenews.com.br\/semana\/wp-json\/wp\/v2\/comments?post=4703"}],"version-history":[{"count":0,"href":"https:\/\/caetenews.com.br\/semana\/wp-json\/wp\/v2\/posts\/4703\/revisions"}],"wp:featuredmedia":[{"embeddable":true,"href":"https:\/\/caetenews.com.br\/semana\/wp-json\/wp\/v2\/media\/4704"}],"wp:attachment":[{"href":"https:\/\/caetenews.com.br\/semana\/wp-json\/wp\/v2\/media?parent=4703"}],"wp:term":[{"taxonomy":"category","embeddable":true,"href":"https:\/\/caetenews.com.br\/semana\/wp-json\/wp\/v2\/categories?post=4703"},{"taxonomy":"post_tag","embeddable":true,"href":"https:\/\/caetenews.com.br\/semana\/wp-json\/wp\/v2\/tags?post=4703"}],"curies":[{"name":"wp","href":"https:\/\/api.w.org\/{rel}","templated":true}]}}