{"id":4706,"date":"2021-09-14T14:34:21","date_gmt":"2021-09-14T17:34:21","guid":{"rendered":"https:\/\/caetenews.com.br\/semana\/?p=4706"},"modified":"2021-09-14T14:49:58","modified_gmt":"2021-09-14T17:49:58","slug":"netflix-estreia-aluga-se-um-paraiso-nesta-terca-dia14","status":"publish","type":"post","link":"https:\/\/caetenews.com.br\/semana\/netflix-estreia-aluga-se-um-paraiso-nesta-terca-dia14\/","title":{"rendered":"Netflix estreia &#8216;Aluga-se Um Para\u00edso&#8217; nesta ter\u00e7a, dia14"},"content":{"rendered":"<p><em>Not\u00edcias de Netflix:<\/em><br \/>\n<img data-recalc-dims=\"1\" fetchpriority=\"high\" decoding=\"async\" data-attachment-id=\"4704\" data-permalink=\"https:\/\/caetenews.com.br\/semana\/doc-precisamos-falar-sobre-a-i-ja-esta-disponivel-no-telecine\/precisamosfalar\/\" data-orig-file=\"https:\/\/i0.wp.com\/caetenews.com.br\/semana\/wp-content\/uploads\/2021\/09\/precisamosfalar.jpg?fit=600%2C338&amp;ssl=1\" data-orig-size=\"600,338\" data-comments-opened=\"0\" data-image-meta=\"{&quot;aperture&quot;:&quot;0&quot;,&quot;credit&quot;:&quot;&quot;,&quot;camera&quot;:&quot;&quot;,&quot;caption&quot;:&quot;&quot;,&quot;created_timestamp&quot;:&quot;0&quot;,&quot;copyright&quot;:&quot;&quot;,&quot;focal_length&quot;:&quot;0&quot;,&quot;iso&quot;:&quot;0&quot;,&quot;shutter_speed&quot;:&quot;0&quot;,&quot;title&quot;:&quot;&quot;,&quot;orientation&quot;:&quot;0&quot;}\" data-image-title=\"Precisamos Falar Sobre A.I.\" data-image-description=\"\" data-image-caption=\"\" data-large-file=\"https:\/\/i0.wp.com\/caetenews.com.br\/semana\/wp-content\/uploads\/2021\/09\/precisamosfalar.jpg?fit=600%2C338&amp;ssl=1\" src=\"https:\/\/i0.wp.com\/caetenews.com.br\/semana\/wp-content\/uploads\/2021\/09\/precisamosfalar.jpg?resize=600%2C338&#038;ssl=1\" alt=\"Foto de divulga\u00e7\u00e3o de Precisamos Falar Sobre A.I., em exibi\u00e7\u00e3o no Telecine\" width=\"600\" height=\"338\" class=\"alignnone size-full wp-image-4704\" \/><\/p>\n<p><img data-recalc-dims=\"1\" decoding=\"async\" data-attachment-id=\"4707\" data-permalink=\"https:\/\/caetenews.com.br\/semana\/netflix-estreia-aluga-se-um-paraiso-nesta-terca-dia14\/alugaseumparaisot2\/\" data-orig-file=\"https:\/\/i0.wp.com\/caetenews.com.br\/semana\/wp-content\/uploads\/2021\/09\/alugaseumparaisot2.jpg?fit=600%2C395&amp;ssl=1\" data-orig-size=\"600,395\" data-comments-opened=\"0\" data-image-meta=\"{&quot;aperture&quot;:&quot;0&quot;,&quot;credit&quot;:&quot;&quot;,&quot;camera&quot;:&quot;&quot;,&quot;caption&quot;:&quot;&quot;,&quot;created_timestamp&quot;:&quot;0&quot;,&quot;copyright&quot;:&quot;&quot;,&quot;focal_length&quot;:&quot;0&quot;,&quot;iso&quot;:&quot;0&quot;,&quot;shutter_speed&quot;:&quot;0&quot;,&quot;title&quot;:&quot;&quot;,&quot;orientation&quot;:&quot;0&quot;}\" data-image-title=\"alugaseumparaisot2\" data-image-description=\"\" data-image-caption=\"\" data-large-file=\"https:\/\/i0.wp.com\/caetenews.com.br\/semana\/wp-content\/uploads\/2021\/09\/alugaseumparaisot2.jpg?fit=600%2C395&amp;ssl=1\" src=\"https:\/\/i0.wp.com\/caetenews.com.br\/semana\/wp-content\/uploads\/2021\/09\/alugaseumparaisot2.jpg?resize=600%2C395&#038;ssl=1\" alt=\"Foto de Aluga-se Um Para\u00edso, em estreia na Netflix\" width=\"600\" height=\"395\" class=\"alignnone size-full wp-image-4707\" \/><\/p>\n<h3>Aluga-se Um Para\u00edso<\/h3>\n<p>(The World&#8217;s Most Amazing Vacation Rentals)<br \/>\nS\u00e9rie &#8211; Temporada 2<br \/>\nReality Show, Entretenimento, Variedades<br \/>\n<strong>Estreia em14 de setembro<\/strong><br \/>\nAtentos a todas as carteiras e estilos, tr\u00eas especialistas guiam-nos pelo mundo das viagens em &#8220;The World\u2019s Most Amazing Vacation Rentals&#8221;. A segunda temporada desta s\u00e9rie mostra mais propriedades incr\u00edveis no mundo inteiro e as experi\u00eancias \u00fanicas que oferecem.<br \/>\n<iframe width=\"560\" height=\"315\" src=\"https:\/\/www.youtube.com\/embed\/EB_4iY91Ydw\" title=\"YouTube video player\" frameborder=\"0\" allow=\"accelerometer; autoplay; clipboard-write; encrypted-media; gyroscope; picture-in-picture\" allowfullscreen><\/iframe><\/p>\n<h3>\u00daltimas not\u00edcias:<\/p>\n<h3>\n<a href=\"https:\/\/www.tvnovelas.com.br\/filmes\/\" target=\"_blank\" rel=\"noopener noreferrer\"><strong>Programa\u00e7\u00e3o de filmes na TV aberta<\/strong><\/a><br \/>\n<a href=\"https:\/\/tvnovelas.com.br\/filmes\/the-chair-valerie-2-e-todas-as-estreias-da-netflix-para-agosto\/\" target=\"_blank\" rel=\"noopener noreferrer\"><strong>Estreias de in\u00e9ditos na Netflix no m\u00eas de agosto\/2021<\/strong><\/a><br \/>\n<a href=\"https:\/\/tvnovelas.com.br\/filmes\/filmes-e-series-ineditos-em-estreia-na-semana-na-netflix\/\" target=\"_blank\" rel=\"noopener noreferrer\"><strong>Estreias da semana na Netflix<\/strong><\/a><br \/>\n<a href=\"https:\/\/tvnovelas.com.br\/filmes\/o-que-ha-de-novo-no-globoplay\/\" target=\"_blank\" rel=\"noopener noreferrer\"><strong>Estreias e novidades no Globoplay<\/strong><\/a><br \/>\n<a href=\"https:\/\/www.tvnovelas.com.br\/novelas\/\" target=\"_blank\" rel=\"noopener noreferrer\"><strong>Resumos de novelas<\/strong><\/a><br \/>\n<a href=\"https:\/\/caetenews.com.br\/semana\/filmes-da-globo-na-sessao-da-tarde-desta-semana\/\" rel=\"noopener\" target=\"_blank\"><strong>Confira os filmes da semana na Sess\u00e3o da Tarde<\/strong><\/a> <\/p>\n","protected":false},"excerpt":{"rendered":"<p>Em Aluga-se Um Para\u00edso, estreando na Neflix, atentos a todas as carteiras e estilos, tr\u00eas especialistas guiam-nos pelo mundo das viagens em&#8230;<\/p>\n","protected":false},"author":1,"featured_media":4707,"comment_status":"closed","ping_status":"open","sticky":false,"template":"","format":"standard","meta":{"_monsterinsights_skip_tracking":false,"_monsterinsights_sitenote_active":false,"_monsterinsights_sitenote_note":"","_monsterinsights_sitenote_category":0,"_jetpack_memberships_contains_paid_content":false,"footnotes":"","jetpack_publicize_message":"","jetpack_publicize_feature_enabled":true,"jetpack_social_post_already_shared":false,"jetpack_social_options":{"image_generator_settings":{"template":"highway","default_image_id":0,"font":"","enabled":false},"version":2},"_wp_rev_ctl_limit":""},"categories":[105],"tags":[106],"class_list":["post-4706","post","type-post","status-publish","format-standard","has-post-thumbnail","hentry","category-netflix","tag-netflix"],"aioseo_notices":[],"jetpack_publicize_connections":[],"jetpack_featured_media_url":"https:\/\/i0.wp.com\/caetenews.com.br\/semana\/wp-content\/uploads\/2021\/09\/alugaseumparaisot2.jpg?fit=600%2C395&ssl=1","jetpack_shortlink":"https:\/\/wp.me\/pcIKFi-1dU","jetpack_sharing_enabled":true,"jetpack_likes_enabled":true,"jetpack-related-posts":[{"id":4654,"url":"https:\/\/caetenews.com.br\/semana\/t-6-de-lucifer-e-esticando-a-festa-entre-as-estreias-de-setembro-na-netflix\/","url_meta":{"origin":4706,"position":0},"title":"T 6 de &#8216;L\u00facifer&#8217; e &#8216;Esticando a Festa&#8217; entre as estreias de setembro na Netflix","author":"Paulo Ant\u00f4nio","date":"30\/08\/2021","format":false,"excerpt":"Entre as estreias para setembro na Netflix est\u00e3o a temporada 6 de'L\u00facifer', a temporada 5 de ' La casa de papel', 'A Tia \u00e9 Top' e 'Esticando a Festa'...","rel":"","context":"Em &quot;Netflix&quot;","block_context":{"text":"Netflix","link":"https:\/\/caetenews.com.br\/semana\/category\/netflix\/"},"img":{"alt_text":"foto de Esticando a Festa a estrear na Netflix","src":"https:\/\/i0.wp.com\/caetenews.com.br\/semana\/wp-content\/uploads\/2021\/08\/esticandoafesta.jpg?fit=600%2C338&ssl=1&resize=350%2C200","width":350,"height":200,"srcset":"https:\/\/i0.wp.com\/caetenews.com.br\/semana\/wp-content\/uploads\/2021\/08\/esticandoafesta.jpg?fit=600%2C338&ssl=1&resize=350%2C200 1x, https:\/\/i0.wp.com\/caetenews.com.br\/semana\/wp-content\/uploads\/2021\/08\/esticandoafesta.jpg?fit=600%2C338&ssl=1&resize=525%2C300 1.5x"},"classes":[]},{"id":5456,"url":"https:\/\/caetenews.com.br\/semana\/temporada-3-de-the-umbrella-academy-esta-entre-as-estreias-na-netflix\/","url_meta":{"origin":4706,"position":1},"title":"Temporada 3 de &#8216;The Umbrella Academy&#8217; est\u00e1 entre as estreias na Netflix","author":"Paulo Ant\u00f4nio","date":"20\/06\/2022","format":false,"excerpt":"A temporada 3 da s\u00e9rie 'The Umbrella Academy' est\u00e1 entre as estreias na Netflix nesta semana de 20 a 26 de junho. Depois de impedir o fim do mundo em 1963, a Umbrella Academy volta para o presente...","rel":"","context":"Em &quot;Netflix&quot;","block_context":{"text":"Netflix","link":"https:\/\/caetenews.com.br\/semana\/category\/netflix\/"},"img":{"alt_text":"Foto de The Umbrella Academy, em Estreias na Netflix","src":"https:\/\/i0.wp.com\/caetenews.com.br\/semana\/wp-content\/uploads\/2022\/06\/theumbrela.jpg?fit=600%2C360&ssl=1&resize=350%2C200","width":350,"height":200,"srcset":"https:\/\/i0.wp.com\/caetenews.com.br\/semana\/wp-content\/uploads\/2022\/06\/theumbrela.jpg?fit=600%2C360&ssl=1&resize=350%2C200 1x, https:\/\/i0.wp.com\/caetenews.com.br\/semana\/wp-content\/uploads\/2022\/06\/theumbrela.jpg?fit=600%2C360&ssl=1&resize=525%2C300 1.5x"},"classes":[]},{"id":4426,"url":"https:\/\/caetenews.com.br\/semana\/serie-sobre-naomi-osaka-chega-ao-netflix-nesta-sexta-dia-16\/","url_meta":{"origin":4706,"position":2},"title":"S\u00e9rie sobre Naomi Osaka chega ao Netflix nesta sexta, dia 16","author":"Paulo Ant\u00f4nio","date":"16\/07\/2021","format":false,"excerpt":"Naomi Osaka - Estrela do T\u00eanis S\u00e9rie - Document\u00e1rios Estreia em 16 de julho Qual \u00e9 a sensa\u00e7\u00e3o de ser uma das melhores jogadoras de t\u00e9nis do mundo? Um olhar \u00edntimo sobre a vida de Naomi Osaka, uma das mais dotadas e complexas atletas da sua gera\u00e7\u00e3o proporciona uma perspetiva\u2026","rel":"","context":"Em &quot;Netflix&quot;","block_context":{"text":"Netflix","link":"https:\/\/caetenews.com.br\/semana\/category\/netflix\/"},"img":{"alt_text":"foto de Naomi","src":"https:\/\/i0.wp.com\/caetenews.com.br\/semana\/wp-content\/uploads\/2021\/07\/naomiosaka2.jpg?fit=600%2C337&ssl=1&resize=350%2C200","width":350,"height":200,"srcset":"https:\/\/i0.wp.com\/caetenews.com.br\/semana\/wp-content\/uploads\/2021\/07\/naomiosaka2.jpg?fit=600%2C337&ssl=1&resize=350%2C200 1x, https:\/\/i0.wp.com\/caetenews.com.br\/semana\/wp-content\/uploads\/2021\/07\/naomiosaka2.jpg?fit=600%2C337&ssl=1&resize=525%2C300 1.5x"},"classes":[]},{"id":4318,"url":"https:\/\/caetenews.com.br\/semana\/cidade-dos-pinguins-e-estreia-na-netflix-nesta-quarta-16\/","url_meta":{"origin":4706,"position":3},"title":"&#8216;Cidade dos Pinguins&#8217; \u00e9 estreia na Netflix nesta quarta (16)","author":"Paulo Ant\u00f4nio","date":"15\/06\/2021","format":false,"excerpt":"Cidade dos Pinguins S\u00e9rie - Document\u00e1rio Estreia em 16 de junho Voc\u00ea nunca viu pinguins assim! Esque\u00e7a o gelo e a neve, essa col\u00f4nia de pinguins africanos s\u00f3 quer saber de praias ensolaradas e de quebrar todas as regras. A cada ver\u00e3o, os p\u00e1ssaros ocupam as areias de Simon\u2019s Town,\u2026","rel":"","context":"Em &quot;Netflix&quot;","block_context":{"text":"Netflix","link":"https:\/\/caetenews.com.br\/semana\/category\/netflix\/"},"img":{"alt_text":"Foto do cartaz","src":"https:\/\/i0.wp.com\/caetenews.com.br\/semana\/wp-content\/uploads\/2021\/06\/cidadedospinguins.jpg?fit=600%2C338&ssl=1&resize=350%2C200","width":350,"height":200,"srcset":"https:\/\/i0.wp.com\/caetenews.com.br\/semana\/wp-content\/uploads\/2021\/06\/cidadedospinguins.jpg?fit=600%2C338&ssl=1&resize=350%2C200 1x, https:\/\/i0.wp.com\/caetenews.com.br\/semana\/wp-content\/uploads\/2021\/06\/cidadedospinguins.jpg?fit=600%2C338&ssl=1&resize=525%2C300 1.5x"},"classes":[]},{"id":3900,"url":"https:\/\/caetenews.com.br\/semana\/noticias-do-mundo-estreia-na-netflix-nesta-quarta-dia-10\/","url_meta":{"origin":4706,"position":4},"title":"Not\u00edcias do Mundo estreia na Netflix nesta quarta, dia 10","author":"Paulo Ant\u00f4nio","date":"09\/02\/2021","format":false,"excerpt":"Not\u00edcias do Mundo (Relatos do Mundo) (News of the World) Filme\/ Westerns\/ Drama Estreia em 10 de fevereiro 'Not\u00edcias do Mundo' \u00e9 uma comovente hist\u00f3ria protagonizada por Tom Hanks com argumento e realiza\u00e7\u00e3o de Paul Greengrass, no primeiro reencontro de ambos desde \"Capit\u00e3o Phillips\", o filme de 2013 nomeado para\u2026","rel":"","context":"Em &quot;Netflix&quot;","block_context":{"text":"Netflix","link":"https:\/\/caetenews.com.br\/semana\/category\/netflix\/"},"img":{"alt_text":"Foto de divulga\u00e7\u00e3o","src":"https:\/\/i0.wp.com\/caetenews.com.br\/semana\/wp-content\/uploads\/2021\/02\/noticiasdomundo.jpg?fit=600%2C338&ssl=1&resize=350%2C200","width":350,"height":200,"srcset":"https:\/\/i0.wp.com\/caetenews.com.br\/semana\/wp-content\/uploads\/2021\/02\/noticiasdomundo.jpg?fit=600%2C338&ssl=1&resize=350%2C200 1x, https:\/\/i0.wp.com\/caetenews.com.br\/semana\/wp-content\/uploads\/2021\/02\/noticiasdomundo.jpg?fit=600%2C338&ssl=1&resize=525%2C300 1.5x"},"classes":[]},{"id":4409,"url":"https:\/\/caetenews.com.br\/semana\/roubos-inacreditaveis-os-grandes-assaltos-da-historia-estreia-a-na-netflix\/","url_meta":{"origin":4706,"position":5},"title":"Roubos Inacredit\u00e1veis: Os Grandes Assaltos da Hist\u00f3ria estreia na Netflix","author":"Paulo Ant\u00f4nio","date":"12\/07\/2021","format":false,"excerpt":"Roubos Inacredit\u00e1veis (Os Grandes Assaltos da Hist\u00f3ria) S\u00e9rie - Document\u00e1rios\/ Investigativo\/ Suspense Temporada 1 Estreia em 14 de julho De Derek Doneen (The Price of Free), Nick Frew (Inacredit\u00e1vel Esporte Clube) e Martin Desmond Roe (Dois Estranhos). Da Dirty Robber \u2014 a produtora por detr\u00e1s da vencedora do \u00d3scar de\u2026","rel":"","context":"Em &quot;Netflix&quot;","block_context":{"text":"Netflix","link":"https:\/\/caetenews.com.br\/semana\/category\/netflix\/"},"img":{"alt_text":"Foto de divulga\u00e7\u00e3o","src":"https:\/\/i0.wp.com\/caetenews.com.br\/semana\/wp-content\/uploads\/2021\/07\/roubosinacredit.jpg?fit=600%2C338&ssl=1&resize=350%2C200","width":350,"height":200,"srcset":"https:\/\/i0.wp.com\/caetenews.com.br\/semana\/wp-content\/uploads\/2021\/07\/roubosinacredit.jpg?fit=600%2C338&ssl=1&resize=350%2C200 1x, https:\/\/i0.wp.com\/caetenews.com.br\/semana\/wp-content\/uploads\/2021\/07\/roubosinacredit.jpg?fit=600%2C338&ssl=1&resize=525%2C300 1.5x"},"classes":[]}],"_links":{"self":[{"href":"https:\/\/caetenews.com.br\/semana\/wp-json\/wp\/v2\/posts\/4706","targetHints":{"allow":["GET"]}}],"collection":[{"href":"https:\/\/caetenews.com.br\/semana\/wp-json\/wp\/v2\/posts"}],"about":[{"href":"https:\/\/caetenews.com.br\/semana\/wp-json\/wp\/v2\/types\/post"}],"author":[{"embeddable":true,"href":"https:\/\/caetenews.com.br\/semana\/wp-json\/wp\/v2\/users\/1"}],"replies":[{"embeddable":true,"href":"https:\/\/caetenews.com.br\/semana\/wp-json\/wp\/v2\/comments?post=4706"}],"version-history":[{"count":0,"href":"https:\/\/caetenews.com.br\/semana\/wp-json\/wp\/v2\/posts\/4706\/revisions"}],"wp:featuredmedia":[{"embeddable":true,"href":"https:\/\/caetenews.com.br\/semana\/wp-json\/wp\/v2\/media\/4707"}],"wp:attachment":[{"href":"https:\/\/caetenews.com.br\/semana\/wp-json\/wp\/v2\/media?parent=4706"}],"wp:term":[{"taxonomy":"category","embeddable":true,"href":"https:\/\/caetenews.com.br\/semana\/wp-json\/wp\/v2\/categories?post=4706"},{"taxonomy":"post_tag","embeddable":true,"href":"https:\/\/caetenews.com.br\/semana\/wp-json\/wp\/v2\/tags?post=4706"}],"curies":[{"name":"wp","href":"https:\/\/api.w.org\/{rel}","templated":true}]}}