{"id":4752,"date":"2021-09-22T16:03:50","date_gmt":"2021-09-22T19:03:50","guid":{"rendered":"https:\/\/caetenews.com.br\/semana\/?p=4752"},"modified":"2021-09-24T16:05:54","modified_gmt":"2021-09-24T19:05:54","slug":"o-terro-de-missa-da-meia-noite-entre-as-novidades-da-netflix-nesta-quarta-22","status":"publish","type":"post","link":"https:\/\/caetenews.com.br\/semana\/o-terro-de-missa-da-meia-noite-entre-as-novidades-da-netflix-nesta-quarta-22\/","title":{"rendered":"O terror de &#8216;Missa da Meia-Noite&#8217; entre as novidades da Netflix nesta sexta (24)"},"content":{"rendered":"<p><em>Not\u00edcias da Netflix:<\/em><br \/>\n<img data-recalc-dims=\"1\" fetchpriority=\"high\" decoding=\"async\" data-attachment-id=\"4753\" data-permalink=\"https:\/\/caetenews.com.br\/semana\/o-terro-de-missa-da-meia-noite-entre-as-novidades-da-netflix-nesta-quarta-22\/missa\/\" data-orig-file=\"https:\/\/i0.wp.com\/caetenews.com.br\/semana\/wp-content\/uploads\/2021\/09\/missa.jpg?fit=600%2C360&amp;ssl=1\" data-orig-size=\"600,360\" data-comments-opened=\"0\" data-image-meta=\"{&quot;aperture&quot;:&quot;0&quot;,&quot;credit&quot;:&quot;&quot;,&quot;camera&quot;:&quot;&quot;,&quot;caption&quot;:&quot;&quot;,&quot;created_timestamp&quot;:&quot;0&quot;,&quot;copyright&quot;:&quot;&quot;,&quot;focal_length&quot;:&quot;0&quot;,&quot;iso&quot;:&quot;0&quot;,&quot;shutter_speed&quot;:&quot;0&quot;,&quot;title&quot;:&quot;&quot;,&quot;orientation&quot;:&quot;0&quot;}\" data-image-title=\"Missa da Meia-Noite\" data-image-description=\"\" data-image-caption=\"\" data-large-file=\"https:\/\/i0.wp.com\/caetenews.com.br\/semana\/wp-content\/uploads\/2021\/09\/missa.jpg?fit=600%2C360&amp;ssl=1\" src=\"https:\/\/i0.wp.com\/caetenews.com.br\/semana\/wp-content\/uploads\/2021\/09\/missa.jpg?resize=600%2C360&#038;ssl=1\" alt=\"Foto de Missa da Meia-Noite, em estreia na Netflix\" width=\"600\" height=\"360\" class=\"alignnone size-full wp-image-4753\" \/><\/p>\n<h3>Missa da Meia-Noite<\/h3>\n<p>Miniss\u00e9rie &#8211; Drama, Terror, Mist\u00e9rios<br \/>\n<strong>Estreia em 24 de setembro<\/strong><br \/>\nDo criador de A Maldi\u00e7\u00e3o de Hill House, Mike Flanagan, Missa da Meia-Noite conta a hist\u00f3ria de uma pequena e isolada comunidade insular cujas divis\u00f5es internas se intensificam ap\u00f3s o regresso de um jovem (Zach Gilford) ca\u00eddo em desgra\u00e7a e a chegada de um carism\u00e1tico padre (Hamish Linklater). A presen\u00e7a do padre Paul na Ilha de Crockett coincide com acontecimentos inexplic\u00e1veis e aparentemente milagrosos, criando um fervor religioso renovado que se apodera da comunidade. Mas qual ser\u00e1 o pre\u00e7o a pagar por estes milagres?<br \/>\nCriada e realizada por Mike Flanagan, esta miniss\u00e9rie de sete epis\u00f3dios conta com Kate Siegel, Rahul Abburi, Crystal Balint, Matt Biedel, Alex Essoe, Annarah Cymone, Annabeth Gish, Rahul Kohli, Kristin Lehman, Robert Longstreet, Igby Rigney, Samantha Sloyan, Henry Thomas e Michael Trucco no seu elenco. A s\u00e9rie tem produ\u00e7\u00e3o executiva de Flanagan e Trevor Macy, pela Intrepid Pictures.<br \/>\n<iframe width=\"728\" height=\"410\" src=\"https:\/\/www.youtube.com\/embed\/cspyDWJfly8\" title=\"YouTube video player\" frameborder=\"0\" allow=\"accelerometer; autoplay; clipboard-write; encrypted-media; gyroscope; picture-in-picture\" allowfullscreen><\/iframe><\/p>\n","protected":false},"excerpt":{"rendered":"<p>Not\u00edcias da Netflix: Missa da Meia-Noite Miniss\u00e9rie &#8211; Drama, Terror, Mist\u00e9rios Estreia em 24 de setembro Do criador de A Maldi\u00e7\u00e3o de Hill House, Mike Flanagan, Missa da Meia-Noite conta a hist\u00f3ria de uma pequena e isolada comunidade insular cujas divis\u00f5es internas se intensificam ap\u00f3s o regresso de um jovem (Zach Gilford) ca\u00eddo em desgra\u00e7a [&hellip;]<\/p>\n","protected":false},"author":1,"featured_media":4753,"comment_status":"closed","ping_status":"open","sticky":false,"template":"","format":"standard","meta":{"_monsterinsights_skip_tracking":false,"_monsterinsights_sitenote_active":false,"_monsterinsights_sitenote_note":"","_monsterinsights_sitenote_category":0,"_jetpack_memberships_contains_paid_content":false,"footnotes":"","jetpack_publicize_message":"","jetpack_publicize_feature_enabled":true,"jetpack_social_post_already_shared":false,"jetpack_social_options":{"image_generator_settings":{"template":"highway","default_image_id":0,"font":"","enabled":false},"version":2},"_wp_rev_ctl_limit":""},"categories":[105],"tags":[106],"class_list":["post-4752","post","type-post","status-publish","format-standard","has-post-thumbnail","hentry","category-netflix","tag-netflix"],"aioseo_notices":[],"jetpack_publicize_connections":[],"jetpack_featured_media_url":"https:\/\/i0.wp.com\/caetenews.com.br\/semana\/wp-content\/uploads\/2021\/09\/missa.jpg?fit=600%2C360&ssl=1","jetpack_shortlink":"https:\/\/wp.me\/pcIKFi-1eE","jetpack_sharing_enabled":true,"jetpack_likes_enabled":true,"jetpack-related-posts":[{"id":11033,"url":"https:\/\/caetenews.com.br\/semana\/descobrindo-os-misterios-de-os-enviados-na-netflix\/","url_meta":{"origin":4752,"position":0},"title":"Descobrindo os Mist\u00e9rios de &#8216;Os Enviados&#8217; na Netflix","author":"Paulo Ant\u00f4nio","date":"22\/12\/2024","format":false,"excerpt":"Os Enviados, na Netflix.... 'Os Enviados' realmente faz o p\u00fablico refletir sobre a intersec\u00e7\u00e3o entre f\u00e9 e ci\u00eancia. Os padres n\u00e3o apenas investigam os milagres, mas tamb\u00e9m...","rel":"","context":"Em &quot;Netflix&quot;","block_context":{"text":"Netflix","link":"https:\/\/caetenews.com.br\/semana\/category\/netflix\/"},"img":{"alt_text":"Foto de Os Enviados, agora na Netflix","src":"https:\/\/i0.wp.com\/caetenews.com.br\/semana\/wp-content\/uploads\/2024\/12\/40598.jpg?fit=728%2C410&ssl=1&resize=350%2C200","width":350,"height":200,"srcset":"https:\/\/i0.wp.com\/caetenews.com.br\/semana\/wp-content\/uploads\/2024\/12\/40598.jpg?fit=728%2C410&ssl=1&resize=350%2C200 1x, https:\/\/i0.wp.com\/caetenews.com.br\/semana\/wp-content\/uploads\/2024\/12\/40598.jpg?fit=728%2C410&ssl=1&resize=525%2C300 1.5x, https:\/\/i0.wp.com\/caetenews.com.br\/semana\/wp-content\/uploads\/2024\/12\/40598.jpg?fit=728%2C410&ssl=1&resize=700%2C400 2x"},"classes":[]},{"id":4654,"url":"https:\/\/caetenews.com.br\/semana\/t-6-de-lucifer-e-esticando-a-festa-entre-as-estreias-de-setembro-na-netflix\/","url_meta":{"origin":4752,"position":1},"title":"T 6 de &#8216;L\u00facifer&#8217; e &#8216;Esticando a Festa&#8217; entre as estreias de setembro na Netflix","author":"Paulo Ant\u00f4nio","date":"30\/08\/2021","format":false,"excerpt":"Entre as estreias para setembro na Netflix est\u00e3o a temporada 6 de'L\u00facifer', a temporada 5 de ' La casa de papel', 'A Tia \u00e9 Top' e 'Esticando a Festa'...","rel":"","context":"Em &quot;Netflix&quot;","block_context":{"text":"Netflix","link":"https:\/\/caetenews.com.br\/semana\/category\/netflix\/"},"img":{"alt_text":"foto de Esticando a Festa a estrear na Netflix","src":"https:\/\/i0.wp.com\/caetenews.com.br\/semana\/wp-content\/uploads\/2021\/08\/esticandoafesta.jpg?fit=600%2C338&ssl=1&resize=350%2C200","width":350,"height":200,"srcset":"https:\/\/i0.wp.com\/caetenews.com.br\/semana\/wp-content\/uploads\/2021\/08\/esticandoafesta.jpg?fit=600%2C338&ssl=1&resize=350%2C200 1x, https:\/\/i0.wp.com\/caetenews.com.br\/semana\/wp-content\/uploads\/2021\/08\/esticandoafesta.jpg?fit=600%2C338&ssl=1&resize=525%2C300 1.5x"},"classes":[]},{"id":4748,"url":"https:\/\/caetenews.com.br\/semana\/my-little-pony-uma-nova-geracao-chega-para-as-criancas-nesta-quarta-22-na-netflix\/","url_meta":{"origin":4752,"position":2},"title":"&#8216;My Little Pony: Uma Nova Gera\u00e7\u00e3o&#8217; chega para as crian\u00e7as nesta quarta (22) na Netflix","author":"Paulo Ant\u00f4nio","date":"22\/09\/2021","format":false,"excerpt":"Em 'My Little Pony: Uma Nova Gera\u00e7\u00e3o', qu estreia na Netflix, O mundo de Equestria perdeu a sua magia, e p\u00f3neis terrestres, unic\u00f3rnios e p\u00e9gasos....","rel":"","context":"Em &quot;Netflix&quot;","block_context":{"text":"Netflix","link":"https:\/\/caetenews.com.br\/semana\/category\/netflix\/"},"img":{"alt_text":"Foto de My Little Pony, em Netflix","src":"https:\/\/i0.wp.com\/caetenews.com.br\/semana\/wp-content\/uploads\/2021\/09\/mylitleponey.jpg?fit=600%2C360&ssl=1&resize=350%2C200","width":350,"height":200,"srcset":"https:\/\/i0.wp.com\/caetenews.com.br\/semana\/wp-content\/uploads\/2021\/09\/mylitleponey.jpg?fit=600%2C360&ssl=1&resize=350%2C200 1x, https:\/\/i0.wp.com\/caetenews.com.br\/semana\/wp-content\/uploads\/2021\/09\/mylitleponey.jpg?fit=600%2C360&ssl=1&resize=525%2C300 1.5x"},"classes":[]},{"id":4908,"url":"https:\/\/caetenews.com.br\/semana\/fatima-a-historia-de-um-milagre-estreia-no-cinema-na-quinta-feira-dia-14\/","url_meta":{"origin":4752,"position":3},"title":"&#8216;F\u00e1tima &#8211; A Hist\u00f3ria de Um Milagre&#8217; estreia no cinema na quinta-feira, dia 14","author":"Paulo Ant\u00f4nio","date":"10\/10\/2021","format":false,"excerpt":"No Cinema: 'F\u00e1tima - A Hist\u00f3ria de Um Milagre' Drama Estreia oficial em 14 de outubro Diretor: Marco Pontecorvo Elenco: S\u00f4nia Braga: Hermana Lucia Joaquim de Almeida: Padre Ferreira Stephanie Gil: Lucia (jovem) Harvey Keitel: Profesor Nichols Dura\u00e7\u00e3o: 120 min Classifica\u00e7\u00e3o: 12 Anos Em F\u00e1tima \u2013 A Hist\u00f3ria de um\u2026","rel":"","context":"Em &quot;Cinema&quot;","block_context":{"text":"Cinema","link":"https:\/\/caetenews.com.br\/semana\/category\/cinema\/"},"img":{"alt_text":"foto de F\u00e1tima - A Hist\u00f3ria de Um Milagre, em estreia no cinema","src":"https:\/\/i0.wp.com\/caetenews.com.br\/semana\/wp-content\/uploads\/2021\/10\/fatima.jpg?fit=599%2C393&ssl=1&resize=350%2C200","width":350,"height":200,"srcset":"https:\/\/i0.wp.com\/caetenews.com.br\/semana\/wp-content\/uploads\/2021\/10\/fatima.jpg?fit=599%2C393&ssl=1&resize=350%2C200 1x, https:\/\/i0.wp.com\/caetenews.com.br\/semana\/wp-content\/uploads\/2021\/10\/fatima.jpg?fit=599%2C393&ssl=1&resize=525%2C300 1.5x"},"classes":[]},{"id":4193,"url":"https:\/\/caetenews.com.br\/semana\/garota-de-fora-selena-e-monstro-estao-entre-as-estreias-da-netflix-em-maio\/","url_meta":{"origin":4752,"position":4},"title":"Garota de Fora, Selena e Monstro est\u00e3o entre as estreias da Netflix em maio","author":"Paulo Ant\u00f4nio","date":"01\/05\/2021","format":false,"excerpt":"Dia - Filme\/S\u00e9rie 04 - Selena: A S\u00e9rie - S\u00e9rie - Drama - Temporada 2 05 - Os Filhos de Sam: Loucura e Conspira\u00e7\u00e3o S\u00e9rie - Document\u00e1rios - Temporada 1 07 - Monstro - Filme\/ Drama 07 - Garota de Fora - S\u00e9rie - Suspense\/ Mist\u00e9rio -- Temporada 2 07\u2026","rel":"","context":"Em &quot;Netflix&quot;","block_context":{"text":"Netflix","link":"https:\/\/caetenews.com.br\/semana\/category\/netflix\/"},"img":{"alt_text":"Foto de divulga\u00e7\u00e3o","src":"https:\/\/i0.wp.com\/caetenews.com.br\/semana\/wp-content\/uploads\/2021\/05\/garotadefora.jpg?fit=600%2C338&ssl=1&resize=350%2C200","width":350,"height":200,"srcset":"https:\/\/i0.wp.com\/caetenews.com.br\/semana\/wp-content\/uploads\/2021\/05\/garotadefora.jpg?fit=600%2C338&ssl=1&resize=350%2C200 1x, https:\/\/i0.wp.com\/caetenews.com.br\/semana\/wp-content\/uploads\/2021\/05\/garotadefora.jpg?fit=600%2C338&ssl=1&resize=525%2C300 1.5x"},"classes":[]},{"id":5493,"url":"https:\/\/caetenews.com.br\/semana\/o-terror-de-resident-evil-chega-na-serie-em-netflix-nesta-quinta-dia-14\/","url_meta":{"origin":4752,"position":5},"title":"O terror de Resident Evil chega na s\u00e9rie em Netflix nesta quinta, dia 14","author":"Paulo Ant\u00f4nio","date":"13\/07\/2022","format":false,"excerpt":"A s\u00e9rie Resident Evil \u00e9 ambientada no \u201cAno de 2036 \u2013 14 anos depois que um v\u00edrus mortal causou um apocalipse global. Jade Wesker luta pela sobreviv\u00eancia em...","rel":"","context":"Em &quot;Netflix&quot;","block_context":{"text":"Netflix","link":"https:\/\/caetenews.com.br\/semana\/category\/netflix\/"},"img":{"alt_text":"Foto de Resident Evil em Netflix","src":"https:\/\/i0.wp.com\/caetenews.com.br\/semana\/wp-content\/uploads\/2022\/07\/residentevil2-1.jpg?fit=600%2C360&ssl=1&resize=350%2C200","width":350,"height":200,"srcset":"https:\/\/i0.wp.com\/caetenews.com.br\/semana\/wp-content\/uploads\/2022\/07\/residentevil2-1.jpg?fit=600%2C360&ssl=1&resize=350%2C200 1x, https:\/\/i0.wp.com\/caetenews.com.br\/semana\/wp-content\/uploads\/2022\/07\/residentevil2-1.jpg?fit=600%2C360&ssl=1&resize=525%2C300 1.5x"},"classes":[]}],"_links":{"self":[{"href":"https:\/\/caetenews.com.br\/semana\/wp-json\/wp\/v2\/posts\/4752","targetHints":{"allow":["GET"]}}],"collection":[{"href":"https:\/\/caetenews.com.br\/semana\/wp-json\/wp\/v2\/posts"}],"about":[{"href":"https:\/\/caetenews.com.br\/semana\/wp-json\/wp\/v2\/types\/post"}],"author":[{"embeddable":true,"href":"https:\/\/caetenews.com.br\/semana\/wp-json\/wp\/v2\/users\/1"}],"replies":[{"embeddable":true,"href":"https:\/\/caetenews.com.br\/semana\/wp-json\/wp\/v2\/comments?post=4752"}],"version-history":[{"count":0,"href":"https:\/\/caetenews.com.br\/semana\/wp-json\/wp\/v2\/posts\/4752\/revisions"}],"wp:featuredmedia":[{"embeddable":true,"href":"https:\/\/caetenews.com.br\/semana\/wp-json\/wp\/v2\/media\/4753"}],"wp:attachment":[{"href":"https:\/\/caetenews.com.br\/semana\/wp-json\/wp\/v2\/media?parent=4752"}],"wp:term":[{"taxonomy":"category","embeddable":true,"href":"https:\/\/caetenews.com.br\/semana\/wp-json\/wp\/v2\/categories?post=4752"},{"taxonomy":"post_tag","embeddable":true,"href":"https:\/\/caetenews.com.br\/semana\/wp-json\/wp\/v2\/tags?post=4752"}],"curies":[{"name":"wp","href":"https:\/\/api.w.org\/{rel}","templated":true}]}}